{"id":11200,"date":"2024-04-10T19:05:40","date_gmt":"2024-04-10T19:05:40","guid":{"rendered":"https:\/\/www.radiolimari.cl\/?p=11200"},"modified":"2024-04-10T19:05:41","modified_gmt":"2024-04-10T19:05:41","slug":"fundacion-chile-y-google-org-inician-pionera-formacion-de-profesionales-regionales-para-enfrentar-la-crisis-climatica-y-la-sequia","status":"publish","type":"post","link":"https:\/\/www.radiolimari.cl\/?p=11200","title":{"rendered":"Fundaci\u00f3n Chile y Google.org inician pionera formaci\u00f3n de profesionales regionales para enfrentar la crisis clim\u00e1tica y la sequ\u00eda."},"content":{"rendered":"\n<figure class=\"wp-block-image size-large\"><a href=\"https:\/\/www.radiolimari.cl\/wp-content\/uploads\/2024\/04\/Talento-Verde-3-scaled.jpg\"><img fetchpriority=\"high\" decoding=\"async\" width=\"1024\" height=\"576\" src=\"https:\/\/www.radiolimari.cl\/wp-content\/uploads\/2024\/04\/Talento-Verde-3-1024x576.jpg\" alt=\"\" class=\"wp-image-11201\" srcset=\"https:\/\/www.radiolimari.cl\/wp-content\/uploads\/2024\/04\/Talento-Verde-3-1024x576.jpg 1024w, https:\/\/www.radiolimari.cl\/wp-content\/uploads\/2024\/04\/Talento-Verde-3-300x169.jpg 300w, https:\/\/www.radiolimari.cl\/wp-content\/uploads\/2024\/04\/Talento-Verde-3-768x432.jpg 768w, https:\/\/www.radiolimari.cl\/wp-content\/uploads\/2024\/04\/Talento-Verde-3-1536x864.jpg 1536w, https:\/\/www.radiolimari.cl\/wp-content\/uploads\/2024\/04\/Talento-Verde-3-2048x1152.jpg 2048w\" sizes=\"(max-width: 1024px) 100vw, 1024px\" \/><\/a><\/figure>\n\n\n\n<p><strong>Proyecto Talento Verde transferir\u00e1 metodolog\u00edas y desarrollar\u00e1 habilidades en sostenibilidad, trabajo cooperativo, emprendimiento y talento digital en docentes y estudiantes de educaci\u00f3n superior, y l\u00edderes de innovaci\u00f3n en empresas de Elqui, Limar\u00ed y Choapa.&nbsp;<\/strong><\/p>\n\n\n\n<p>Con el objetivo de enfrentar las problem\u00e1ticas econ\u00f3micas y sociales derivadas del cambio clim\u00e1tico y la sequ\u00eda en las provincias de Elqui, Limar\u00ed y Choapa, se inici\u00f3 en la regi\u00f3n el proyecto Talento Verde, liderado por Fundaci\u00f3n Chile y apoyado por Google.org. A trav\u00e9s de un plan de formaci\u00f3n, la iniciativa, pionera en el pa\u00eds, desarrollar\u00e1 habilidades y transferir\u00e1 metodolog\u00edas a docentes, estudiantes y l\u00edderes de innovaci\u00f3n de empresas, con el fin de que sean capaces de lidiar con las preocupaciones medioambientales y productivas regionales, proponiendo soluciones sostenibles e innovadoras para el sector productivo y las comunidades.<\/p>\n\n\n\n<figure class=\"wp-block-image size-large\"><a href=\"https:\/\/www.radiolimari.cl\/wp-content\/uploads\/2024\/04\/Talento-Verde-5-scaled.jpg\"><img decoding=\"async\" width=\"1024\" height=\"768\" src=\"https:\/\/www.radiolimari.cl\/wp-content\/uploads\/2024\/04\/Talento-Verde-5-1024x768.jpg\" alt=\"\" class=\"wp-image-11202\" srcset=\"https:\/\/www.radiolimari.cl\/wp-content\/uploads\/2024\/04\/Talento-Verde-5-1024x768.jpg 1024w, https:\/\/www.radiolimari.cl\/wp-content\/uploads\/2024\/04\/Talento-Verde-5-300x225.jpg 300w, https:\/\/www.radiolimari.cl\/wp-content\/uploads\/2024\/04\/Talento-Verde-5-768x576.jpg 768w, https:\/\/www.radiolimari.cl\/wp-content\/uploads\/2024\/04\/Talento-Verde-5-1536x1152.jpg 1536w, https:\/\/www.radiolimari.cl\/wp-content\/uploads\/2024\/04\/Talento-Verde-5-2048x1536.jpg 2048w\" sizes=\"(max-width: 1024px) 100vw, 1024px\" \/><\/a><\/figure>\n\n\n\n<p>El Proyecto -con la colaboraci\u00f3n de la Red de Vinculaci\u00f3n de Instituciones de Educaci\u00f3n Superior de la Regi\u00f3n de Coquimbo (Viesco) y la Corporaci\u00f3n Regional de Desarrollo Productivo (CRDP), y el respaldo de las universidades de Tampere (Finlandia) y de Mondrag\u00f3n (Pa\u00eds Vasco)- tuvo su primera jornada formativa en La Serena, la que se extendi\u00f3 por una semana, participando treinta docentes de universidades, institutos y centros de formaci\u00f3n t\u00e9cnica regionales, quienes as\u00ed comenzaron su entrenamiento como team coaches o facilitadores de innovaci\u00f3n para estudiantes.&nbsp;&nbsp;<\/p>\n\n\n\n<p>Talento Verde tiene su punto de partida en la Regi\u00f3n de Coquimbo, una de las zonas del pa\u00eds donde se experimentan los efectos m\u00e1s dram\u00e1ticos de la crisis clim\u00e1tica. La prolongada sequ\u00eda, el estado de los embalses y las desfavorables proyecciones meteorol\u00f3gicas, adem\u00e1s del grave da\u00f1o provocado en la agricultura y otras \u00e1reas productivas, han obligado a las autoridades sanitarias a declarar la zona bajo riesgo sanitario, para prevenir que el agua destinada al consumo humano se agote por completo.<\/p>\n\n\n\n<p>En este contexto, el Proyecto generar\u00e1 un marco com\u00fan para formar talento verde en instituciones de educaci\u00f3n superior, y entrenar\u00e1 y certificar\u00e1 a 300 estudiantes, 30 team coaches y 30 l\u00edderes de innovaci\u00f3n de empresas bajo cuatro ejes: sostenibilidad, trabajo cooperativo, emprendimiento y talento digital. Posteriormente, crear\u00e1 equipos de trabajo multidisciplinarios, que propondr\u00e1n soluciones de alto valor medioambiental y productivo sobre problem\u00e1ticas de empresas y sus impactos en el territorio, introduciendo metodolog\u00edas y tendencias de emprendimiento e innovaci\u00f3n de vanguardia, transformando as\u00ed la carrera de j\u00f3venes profesionales, para asumir la sustentabilidad desde el empleo verde y la transici\u00f3n ecol\u00f3gica justa.<\/p>\n\n\n\n<figure class=\"wp-block-image size-large\"><a href=\"https:\/\/www.radiolimari.cl\/wp-content\/uploads\/2024\/04\/Talento-Verde-4-scaled.jpg\"><img decoding=\"async\" width=\"1024\" height=\"768\" src=\"https:\/\/www.radiolimari.cl\/wp-content\/uploads\/2024\/04\/Talento-Verde-4-1024x768.jpg\" alt=\"\" class=\"wp-image-11203\" srcset=\"https:\/\/www.radiolimari.cl\/wp-content\/uploads\/2024\/04\/Talento-Verde-4-1024x768.jpg 1024w, https:\/\/www.radiolimari.cl\/wp-content\/uploads\/2024\/04\/Talento-Verde-4-300x225.jpg 300w, https:\/\/www.radiolimari.cl\/wp-content\/uploads\/2024\/04\/Talento-Verde-4-768x576.jpg 768w, https:\/\/www.radiolimari.cl\/wp-content\/uploads\/2024\/04\/Talento-Verde-4-1536x1152.jpg 1536w, https:\/\/www.radiolimari.cl\/wp-content\/uploads\/2024\/04\/Talento-Verde-4-2048x1536.jpg 2048w\" sizes=\"(max-width: 1024px) 100vw, 1024px\" \/><\/a><\/figure>\n\n\n\n<p><a><\/a>Para ello, Google.org, el brazo filantr\u00f3pico de Google, realiz\u00f3 una donaci\u00f3n de&nbsp; USD $400 mil, se\u00f1alando el gerente de Pol\u00edticas P\u00fablicas y Asuntos Gubernamentales para Google Chile, Nicol\u00e1s Schubert, que \u201cEl objetivo de Google.org es apoyar iniciativas, l\u00edderes e instancias que puedan buscar y encontrar soluciones a los problemas reales a diversos problemas y crisis que impactan a las comunidades, tal como lo es la crisis clim\u00e1tica. En ese sentido,&nbsp; Talento Verde es una iniciativa que busca reflexionar sobre los desaf\u00edos que presenta el actual escenario h\u00eddrico en la Regi\u00f3n de Coquimbo y la forma de entregar metodolog\u00edas que promuevan mejoras en los territorios afectados\u201d.<\/p>\n\n\n\n<p>El Proyecto, seg\u00fan lo precisado por el director del Proyecto y director de Educaci\u00f3n T\u00e9cnica y Trayectorias Formativo-laborales de Fundaci\u00f3n Chile, Manuel Far\u00edas, \u201ccontempla que equipos de diez estudiantes, de cuatro carreras de una misma casa de estudios, identifiquen soluciones innovadoras para la sostenibilidad de empresas<\/p>\n\n\n\n<p>en el contexto del cambio clim\u00e1tico, en gesti\u00f3n de residuos, energ\u00eda y recurso h\u00eddrico, por ejemplo. Talento Verde, que esperamos pueda replicarse en otras regiones y tener una escala mayor, permitir\u00e1 una transici\u00f3n socioecol\u00f3gica justa, en la que los cambios en perfiles profesionales y t\u00e9cnicos no afecten el acceso y la calidad del empleo, actual y futuro\u201d.<\/p>\n\n\n\n<p><strong>Formaci\u00f3n de team coaches marca inicio de Talento Verde<\/strong><\/p>\n\n\n\n<p>Las jornadas de Talento Verde iniciadas en La Serena fueron guiadas por la Universidad de Tampere -l\u00edder mundial en entrenamiento de team coaches y nuevas formas de aprendizaje y liderazgo en desarrollo- e incluyeron \u00e1reas como herramientas para formaci\u00f3n de equipos; di\u00e1logo; coaching uno a uno; retroalimentaci\u00f3n; y disfunciones, roles y fortalezas de equipos.<\/p>\n\n\n\n<p>Al respecto, la coach Hanna Sarateko, docente de la Universidad de Tampere, indic\u00f3 que \u201cTalento Verde es una excelente idea, la forma en que se construye este proyecto es una muy buena innovaci\u00f3n sobre la sostenibilidad, la innovaci\u00f3n y el&nbsp;emprendimiento, habilidades muy importantes para todos nosotros en este mundo. Y respecto del team coach, \u00e9ste no ense\u00f1a ni da respuestas, sino que est\u00e1 all\u00ed para promover las discusiones, ayudar a las personas a pensar, encontrar las respuestas por s\u00ed mismas y reunirlas\u201d.<\/p>\n\n\n\n<p><a><\/a>El participante de la formaci\u00f3n de team coach y docente de Energ\u00edas Renovables y Eficiencia Energ\u00e9tica de Inacap La Serena, Alejandro Kawasaki, a\u00f1adi\u00f3 que \u201cesta es una tremenda oportunidad. Ciertamente hay un d\u00e9ficit en talento o gente capacitada para afrontar los desaf\u00edos del cambio clim\u00e1tico, en el mundo, en Chile y en nuestra regi\u00f3n, entendiendo que tenemos un tema muy importante, que es la sequ\u00eda. Empujar esa competencia nueva es lo que se busca con Talento Verde, partiendo con la capacitaci\u00f3n de nosotros, como profesores, para que podamos ser coaches con esta nueva forma de ense\u00f1ar\u201d.<\/p>\n","protected":false},"excerpt":{"rendered":"<p>Proyecto Talento Verde transferir\u00e1 metodolog\u00edas y desarrollar\u00e1 habilidades en sostenibilidad, trabajo cooperativo, emprendimiento y talento digital en docentes y estudiantes de educaci\u00f3n superior, y l\u00edderes de innovaci\u00f3n en empresas de Elqui, Limar\u00ed y Choapa.&nbsp; Con el objetivo de enfrentar las problem\u00e1ticas econ\u00f3micas y sociales derivadas del cambio clim\u00e1tico y la sequ\u00eda en las provincias de &#8230;<\/p>\n","protected":false},"author":2,"featured_media":11201,"comment_status":"open","ping_status":"open","sticky":false,"template":"","format":"standard","meta":{"footnotes":""},"categories":[6],"tags":[],"class_list":["post-11200","post","type-post","status-publish","format-standard","has-post-thumbnail","hentry","category-regionales"],"_links":{"self":[{"href":"https:\/\/www.radiolimari.cl\/index.php?rest_route=\/wp\/v2\/posts\/11200","targetHints":{"allow":["GET"]}}],"collection":[{"href":"https:\/\/www.radiolimari.cl\/index.php?rest_route=\/wp\/v2\/posts"}],"about":[{"href":"https:\/\/www.radiolimari.cl\/index.php?rest_route=\/wp\/v2\/types\/post"}],"author":[{"embeddable":true,"href":"https:\/\/www.radiolimari.cl\/index.php?rest_route=\/wp\/v2\/users\/2"}],"replies":[{"embeddable":true,"href":"https:\/\/www.radiolimari.cl\/index.php?rest_route=%2Fwp%2Fv2%2Fcomments&post=11200"}],"version-history":[{"count":1,"href":"https:\/\/www.radiolimari.cl\/index.php?rest_route=\/wp\/v2\/posts\/11200\/revisions"}],"predecessor-version":[{"id":11204,"href":"https:\/\/www.radiolimari.cl\/index.php?rest_route=\/wp\/v2\/posts\/11200\/revisions\/11204"}],"wp:featuredmedia":[{"embeddable":true,"href":"https:\/\/www.radiolimari.cl\/index.php?rest_route=\/wp\/v2\/media\/11201"}],"wp:attachment":[{"href":"https:\/\/www.radiolimari.cl\/index.php?rest_route=%2Fwp%2Fv2%2Fmedia&parent=11200"}],"wp:term":[{"taxonomy":"category","embeddable":true,"href":"https:\/\/www.radiolimari.cl\/index.php?rest_route=%2Fwp%2Fv2%2Fcategories&post=11200"},{"taxonomy":"post_tag","embeddable":true,"href":"https:\/\/www.radiolimari.cl\/index.php?rest_route=%2Fwp%2Fv2%2Ftags&post=11200"}],"curies":[{"name":"wp","href":"https:\/\/api.w.org\/{rel}","templated":true}]}}