{"id":11197,"date":"2024-04-09T13:22:23","date_gmt":"2024-04-09T13:22:23","guid":{"rendered":"https:\/\/www.radiolimari.cl\/?p=11197"},"modified":"2024-04-09T13:22:23","modified_gmt":"2024-04-09T13:22:23","slug":"municipio-de-ovalle-cuenta-ahora-con-oficina-de-la-diversidad-y-la-no-discriminacion","status":"publish","type":"post","link":"https:\/\/www.radiolimari.cl\/?p=11197","title":{"rendered":"Municipio de Ovalle cuenta ahora con Oficina  de la Diversidad y la No Discriminaci\u00f3n."},"content":{"rendered":"\n<figure class=\"wp-block-image size-large\"><a href=\"https:\/\/www.radiolimari.cl\/wp-content\/uploads\/2024\/04\/Oficina-de-la-Diversidad-1-scaled.jpg\"><img fetchpriority=\"high\" decoding=\"async\" width=\"1024\" height=\"683\" src=\"https:\/\/www.radiolimari.cl\/wp-content\/uploads\/2024\/04\/Oficina-de-la-Diversidad-1-1024x683.jpg\" alt=\"\" class=\"wp-image-11198\" srcset=\"https:\/\/www.radiolimari.cl\/wp-content\/uploads\/2024\/04\/Oficina-de-la-Diversidad-1-1024x683.jpg 1024w, https:\/\/www.radiolimari.cl\/wp-content\/uploads\/2024\/04\/Oficina-de-la-Diversidad-1-300x200.jpg 300w, https:\/\/www.radiolimari.cl\/wp-content\/uploads\/2024\/04\/Oficina-de-la-Diversidad-1-768x512.jpg 768w, https:\/\/www.radiolimari.cl\/wp-content\/uploads\/2024\/04\/Oficina-de-la-Diversidad-1-1536x1024.jpg 1536w, https:\/\/www.radiolimari.cl\/wp-content\/uploads\/2024\/04\/Oficina-de-la-Diversidad-1-2048x1365.jpg 2048w\" sizes=\"(max-width: 1024px) 100vw, 1024px\" \/><\/a><\/figure>\n\n\n\n<p><strong><em>Con la apertura de esta repartici\u00f3n, la casa consistorial limarina busca entregar apoyo y orientaci\u00f3n a las diversidades sexuales ante sus requerimientos y a la vez informar y educar a la comunidad en tem\u00e1ticas relacionadas con la identidad de g\u00e9nero.<\/em><\/strong><\/p>\n\n\n\n<p>M\u00e1s de 250 personas llegaron hasta el Teatro Municipal de Ovalle para participar en la apertura oficial de la Oficina de la Diversidad y la No Discriminaci\u00f3n del municipio de Ovalle. La ceremonia de lanzamiento cont\u00f3 con la presencia de autoridades locales, encabezadas por el alcalde Jonathan Acu\u00f1a Rojas e integrantes del Concejo Municipal, adem\u00e1s de organizaciones e instituciones vinculas con la tem\u00e1tica de identidad de g\u00e9nero.<\/p>\n\n\n\n<p>Dentro de los objetivos de esta oficina se encuentra la entrega de orientaci\u00f3n o instancias sobre la diversidad sexo gen\u00e9rica o si son v\u00edctimas de discriminaci\u00f3n, y a la vez entregar informaci\u00f3n a la comunidad, con el fin de sensibilizar a la poblaci\u00f3n local sobre las diversidades sexuales y de g\u00e9neros. \u201cNecesitamos ir instalando en la comuna mayores espacios para la diversidad. Hemos hecho un trabajo en conjunto con el Hospital Provincial de Ovalle, porque existe un alto \u00edndice de desconocimiento por parte de la poblaci\u00f3n, con respecto a este tema, por lo que la Oficina de la Diversidad y la No Discriminaci\u00f3n se encargar\u00e1 de entregar informaci\u00f3n y educar a las nuevas generaciones, sobre la identidad de g\u00e9nero, haciendo los nexos con los diferentes programas que existen en este \u00e1mbito, con el fin de apoyar a personas que tienen los mismos derechos y merecen tener las mismas oportunidades que todos, porque queremos una comuna m\u00e1s justa e inclusiva\u201d, indic\u00f3 el alcalde de Ovalle, Jonathan Acu\u00f1a Rojas.<\/p>\n\n\n\n<p>La jornada cont\u00f3 con la exposici\u00f3n de la psic\u00f3loga de la Universidad de La Serena, Francisca Soto, quien entreg\u00f3 informaciones relevantes sobre la diversidad y sobre las diferencias que existen entre las personas y el respeto que debe existir en quienes son y se sienten diferentes. Posteriormente, fue el turno de profesionales del Hospital Provincial de Ovalle, quienes explicaron los diversos tratamientos que existen referente a los tratamientos hormonales. Con la activaci\u00f3n de la Oficina de la Diversidad \u201cse nos abre una puerta enorme para el acceso de nuestros pacientes de la comuna, porque al no existir esta oficina, muchos pacientes tienen temor de asistir a los servicios de atenci\u00f3n por miedo al maltrato y ahora con la apertura de esta oficina municipal va a ser fundamental para el ingreso a nuestro programa de atenci\u00f3n, al que pueden ingresar por demanda espont\u00e1nea, tambi\u00e9n recibimos pacientes derivados de los colegios, de los distintos centros de atenci\u00f3n primaria de Salud y por consulta propia\u201d, sostuvo la doctora Pamela Sanhueza Gonz\u00e1lez, jefa de la Unidad de Ginecolog\u00eda Pedi\u00e1trica, Adolescente e Identidad de G\u00e9nero del Hospital de Ovalle.&nbsp;&nbsp;<\/p>\n\n\n\n<p>La Oficina de la Diversidad y la No Discriminaci\u00f3n est\u00e1 ubicada en Arizt\u00eda Poniente #7 en las actuales dependencias municipales en el segundo piso \u201cy pueden acceder a nosotros sin problemas, si necesitan alguna informaci\u00f3n o instancia sobre la diversidad sexo gen\u00e9rica o de discriminaci\u00f3n se pueden acercar a nosotros para recibir orientaci\u00f3n, entregar informaci\u00f3n educativa e impulsar la sensibilizaci\u00f3n en cuanto a estas tem\u00e1ticas y difundir este contenido\u201d afirm\u00f3 el encargado de la Oficina de la Diversidad y la No Discriminaci\u00f3n, V\u00edctor Manuel P\u00e9rez.<\/p>\n","protected":false},"excerpt":{"rendered":"<p>Con la apertura de esta repartici\u00f3n, la casa consistorial limarina busca entregar apoyo y orientaci\u00f3n a las diversidades sexuales ante sus requerimientos y a la vez informar y educar a la comunidad en tem\u00e1ticas relacionadas con la identidad de g\u00e9nero. M\u00e1s de 250 personas llegaron hasta el Teatro Municipal de Ovalle para participar en la &#8230;<\/p>\n","protected":false},"author":2,"featured_media":11198,"comment_status":"open","ping_status":"open","sticky":false,"template":"","format":"standard","meta":{"footnotes":""},"categories":[5],"tags":[],"class_list":["post-11197","post","type-post","status-publish","format-standard","has-post-thumbnail","hentry","category-actualidad-limarina"],"_links":{"self":[{"href":"https:\/\/www.radiolimari.cl\/index.php?rest_route=\/wp\/v2\/posts\/11197","targetHints":{"allow":["GET"]}}],"collection":[{"href":"https:\/\/www.radiolimari.cl\/index.php?rest_route=\/wp\/v2\/posts"}],"about":[{"href":"https:\/\/www.radiolimari.cl\/index.php?rest_route=\/wp\/v2\/types\/post"}],"author":[{"embeddable":true,"href":"https:\/\/www.radiolimari.cl\/index.php?rest_route=\/wp\/v2\/users\/2"}],"replies":[{"embeddable":true,"href":"https:\/\/www.radiolimari.cl\/index.php?rest_route=%2Fwp%2Fv2%2Fcomments&post=11197"}],"version-history":[{"count":1,"href":"https:\/\/www.radiolimari.cl\/index.php?rest_route=\/wp\/v2\/posts\/11197\/revisions"}],"predecessor-version":[{"id":11199,"href":"https:\/\/www.radiolimari.cl\/index.php?rest_route=\/wp\/v2\/posts\/11197\/revisions\/11199"}],"wp:featuredmedia":[{"embeddable":true,"href":"https:\/\/www.radiolimari.cl\/index.php?rest_route=\/wp\/v2\/media\/11198"}],"wp:attachment":[{"href":"https:\/\/www.radiolimari.cl\/index.php?rest_route=%2Fwp%2Fv2%2Fmedia&parent=11197"}],"wp:term":[{"taxonomy":"category","embeddable":true,"href":"https:\/\/www.radiolimari.cl\/index.php?rest_route=%2Fwp%2Fv2%2Fcategories&post=11197"},{"taxonomy":"post_tag","embeddable":true,"href":"https:\/\/www.radiolimari.cl\/index.php?rest_route=%2Fwp%2Fv2%2Ftags&post=11197"}],"curies":[{"name":"wp","href":"https:\/\/api.w.org\/{rel}","templated":true}]}}