{"id":11184,"date":"2024-04-02T23:35:06","date_gmt":"2024-04-02T23:35:06","guid":{"rendered":"https:\/\/www.radiolimari.cl\/?p=11184"},"modified":"2024-04-02T23:35:06","modified_gmt":"2024-04-02T23:35:06","slug":"en-el-dia-mundial-del-autismo-gobierno-regional-coquimbo-entrega-ayudas-tecnicas-a-estudiantes-con-discapacidad","status":"publish","type":"post","link":"https:\/\/www.radiolimari.cl\/?p=11184","title":{"rendered":"EN EL DIA MUNDIAL DEL AUTISMO GOBIERNO REGIONAL COQUIMBO ENTREGA AYUDAS TECNICAS A ESTUDIANTES CON DISCAPACIDAD."},"content":{"rendered":"\n<figure class=\"wp-block-image size-large\"><a href=\"https:\/\/www.radiolimari.cl\/wp-content\/uploads\/2024\/04\/FOTO-CEREMONIA-scaled.jpg\"><img fetchpriority=\"high\" decoding=\"async\" width=\"1024\" height=\"576\" src=\"https:\/\/www.radiolimari.cl\/wp-content\/uploads\/2024\/04\/FOTO-CEREMONIA-1024x576.jpg\" alt=\"\" class=\"wp-image-11185\" srcset=\"https:\/\/www.radiolimari.cl\/wp-content\/uploads\/2024\/04\/FOTO-CEREMONIA-1024x576.jpg 1024w, https:\/\/www.radiolimari.cl\/wp-content\/uploads\/2024\/04\/FOTO-CEREMONIA-300x169.jpg 300w, https:\/\/www.radiolimari.cl\/wp-content\/uploads\/2024\/04\/FOTO-CEREMONIA-768x432.jpg 768w, https:\/\/www.radiolimari.cl\/wp-content\/uploads\/2024\/04\/FOTO-CEREMONIA-1536x864.jpg 1536w, https:\/\/www.radiolimari.cl\/wp-content\/uploads\/2024\/04\/FOTO-CEREMONIA-2048x1152.jpg 2048w\" sizes=\"(max-width: 1024px) 100vw, 1024px\" \/><\/a><\/figure>\n\n\n\n<p>En el marco del d\u00eda mundial del autismo el Gobierno Regional de Coquimbo en conjunto con SENADIS, entregaron ayudas t\u00e9cnicas lo que se traduce en interactivos y modernos comunicadores que facilitan la comunicaci\u00f3n verbal de ni\u00f1as, ni\u00f1os y adolescentes con discapacidad.<\/p>\n\n\n\n<p>La iniciativa se celebr\u00f3 en la plaza de armas de la ciudad de La Serena y tuvo como objetivo generar conciencia sobre el autismo, como tambi\u00e9n la entrega de dichos elementos a 10 beneficiarios que fueron acompa\u00f1ados por sus familias y docentes del Colegio Especial El Milagro de la capital regional.<\/p>\n\n\n\n<p>Cabe se\u00f1alar que estos dispositivos son utilizados para la comunicaci\u00f3n de personas que tienen dificultades para comunicarse verbalmente. Desde la perspectiva t\u00e9cnica es necesario decir que se puede instalar en cualquier ordenador, o terminal port\u00e1til dise\u00f1ado espec\u00edficamente como comunicador. La comunicaci\u00f3n se realiza utilizando sistemas aumentativos de comunicaci\u00f3n o mediante lectoescritura.<\/p>\n\n\n\n<p>Para nuestra Gobernadora estas instancias son necesarias, porque permiten y facilitan la participaci\u00f3n plena en diferentes \u00e1reas y \u00e1mbitos de la vida, como es el trabajo, la educaci\u00f3n, sus actividades diarias, la salud y la participaci\u00f3n en comunidad. \u201cNuestro Gobierno regional est\u00e1 comprometido con ello, con la inclusi\u00f3n en especial. Es un eje tambi\u00e9n de Gobierno y hemos adjudicado m\u00e1s de 466 millones de pesos de inversi\u00f3n en este proyecto de ayudas t\u00e9cnicas\u201d.<\/p>\n\n\n\n<p>Consultado al Director Regional del SENADIS, Jorge Ju\u00e1rez sobre la importancia de esta iniciativa sostuvo qu\u00e9, \u201cSomos una regi\u00f3n no s\u00f3lo es m\u00e1s inclusiva, es tambi\u00e9n m\u00e1s respetuosa, m\u00e1s amable y eso es gracias a un esfuerzo en conjunto que se ha hecho desde el Gobierno Regional, desde el Servicio Nacional de la Discapacidad, desde cada una de las instituciones involucradas\u201d.<\/p>\n\n\n\n<p>En la ocasi\u00f3n, Alison Silva apoderada del establecimiento tuvo palabras emotivas tras su discurso ante los presentes que asistieron a la entrega de los implementos. \u201cEstoy agradecida por el comunicador que se le ha entregado personalmente, mi hijo es uno de los ni\u00f1os no verbal, entonces, esto le va a ayudar mucho\u201d.<\/p>\n\n\n\n<p>Por su parte, Mar\u00eda Segura Presidenta de la Agrupaci\u00f3n Zoe\u201d de La Serena, recalc\u00f3 la participaci\u00f3n y la decisi\u00f3n de las autoridades regionales en apoyar esta iniciativa, y su importancia y concientizaci\u00f3n del autismo en la sociedad. \u201cSi bien muchas veces nos dicen que el autismo es una condici\u00f3n que no es una enfermedad, pero yo me atrevo a decir que lo m\u00edo con \u201cZOE\u201d pasa a ser una enfermedad cuando no hay tratamientos, cuando no hay lugares donde tratar a nuestros hijos\u201d.<\/p>\n","protected":false},"excerpt":{"rendered":"<p>En el marco del d\u00eda mundial del autismo el Gobierno Regional de Coquimbo en conjunto con SENADIS, entregaron ayudas t\u00e9cnicas lo que se traduce en interactivos y modernos comunicadores que facilitan la comunicaci\u00f3n verbal de ni\u00f1as, ni\u00f1os y adolescentes con discapacidad. La iniciativa se celebr\u00f3 en la plaza de armas de la ciudad de La &#8230;<\/p>\n","protected":false},"author":2,"featured_media":11185,"comment_status":"open","ping_status":"open","sticky":false,"template":"","format":"standard","meta":{"footnotes":""},"categories":[6],"tags":[],"class_list":["post-11184","post","type-post","status-publish","format-standard","has-post-thumbnail","hentry","category-regionales"],"_links":{"self":[{"href":"https:\/\/www.radiolimari.cl\/index.php?rest_route=\/wp\/v2\/posts\/11184","targetHints":{"allow":["GET"]}}],"collection":[{"href":"https:\/\/www.radiolimari.cl\/index.php?rest_route=\/wp\/v2\/posts"}],"about":[{"href":"https:\/\/www.radiolimari.cl\/index.php?rest_route=\/wp\/v2\/types\/post"}],"author":[{"embeddable":true,"href":"https:\/\/www.radiolimari.cl\/index.php?rest_route=\/wp\/v2\/users\/2"}],"replies":[{"embeddable":true,"href":"https:\/\/www.radiolimari.cl\/index.php?rest_route=%2Fwp%2Fv2%2Fcomments&post=11184"}],"version-history":[{"count":1,"href":"https:\/\/www.radiolimari.cl\/index.php?rest_route=\/wp\/v2\/posts\/11184\/revisions"}],"predecessor-version":[{"id":11186,"href":"https:\/\/www.radiolimari.cl\/index.php?rest_route=\/wp\/v2\/posts\/11184\/revisions\/11186"}],"wp:featuredmedia":[{"embeddable":true,"href":"https:\/\/www.radiolimari.cl\/index.php?rest_route=\/wp\/v2\/media\/11185"}],"wp:attachment":[{"href":"https:\/\/www.radiolimari.cl\/index.php?rest_route=%2Fwp%2Fv2%2Fmedia&parent=11184"}],"wp:term":[{"taxonomy":"category","embeddable":true,"href":"https:\/\/www.radiolimari.cl\/index.php?rest_route=%2Fwp%2Fv2%2Fcategories&post=11184"},{"taxonomy":"post_tag","embeddable":true,"href":"https:\/\/www.radiolimari.cl\/index.php?rest_route=%2Fwp%2Fv2%2Ftags&post=11184"}],"curies":[{"name":"wp","href":"https:\/\/api.w.org\/{rel}","templated":true}]}}