{"id":11181,"date":"2024-04-02T17:54:54","date_gmt":"2024-04-02T17:54:54","guid":{"rendered":"https:\/\/www.radiolimari.cl\/?p=11181"},"modified":"2024-04-02T17:54:55","modified_gmt":"2024-04-02T17:54:55","slug":"encuentros-provinciales-de-liceos-tp-dieron-inicio-a-la-agenda-2024-de-la-red-futuro-tecnico-coquimbo","status":"publish","type":"post","link":"https:\/\/www.radiolimari.cl\/?p=11181","title":{"rendered":"ENCUENTROS PROVINCIALES DE LICEOS TP DIERON INICIO A LA AGENDA 2024 DE LA RED FUTURO T\u00c9CNICO COQUIMBO"},"content":{"rendered":"\n<figure class=\"wp-block-image size-large\"><a href=\"https:\/\/www.radiolimari.cl\/wp-content\/uploads\/2024\/04\/IMG-20240402-WA0016-scaled.jpg\"><img fetchpriority=\"high\" decoding=\"async\" width=\"1024\" height=\"683\" src=\"https:\/\/www.radiolimari.cl\/wp-content\/uploads\/2024\/04\/IMG-20240402-WA0016-1024x683.jpg\" alt=\"\" class=\"wp-image-11182\" srcset=\"https:\/\/www.radiolimari.cl\/wp-content\/uploads\/2024\/04\/IMG-20240402-WA0016-1024x683.jpg 1024w, https:\/\/www.radiolimari.cl\/wp-content\/uploads\/2024\/04\/IMG-20240402-WA0016-300x200.jpg 300w, https:\/\/www.radiolimari.cl\/wp-content\/uploads\/2024\/04\/IMG-20240402-WA0016-768x512.jpg 768w, https:\/\/www.radiolimari.cl\/wp-content\/uploads\/2024\/04\/IMG-20240402-WA0016-1536x1024.jpg 1536w, https:\/\/www.radiolimari.cl\/wp-content\/uploads\/2024\/04\/IMG-20240402-WA0016-2048x1366.jpg 2048w\" sizes=\"(max-width: 1024px) 100vw, 1024px\" \/><\/a><\/figure>\n\n\n\n<p><\/p>\n\n\n\n<ul class=\"wp-block-list\">\n<li><em><\/em><em>La iniciativa es impulsada por el Ministerio de Educaci\u00f3n en el marco de su pol\u00edtica de fortalecimiento de la educaci\u00f3n t\u00e9cnico profesional, en colaboraci\u00f3n con Fundaci\u00f3n Chile.<\/em><\/li>\n\n\n\n<li><em><\/em><em>Las l\u00edneas de acci\u00f3n para el per\u00edodo 2024 son el trabajo colaborativo entre liceos, y la articulaci\u00f3n y vinculaci\u00f3n con el entorno regional.<\/em><\/li>\n<\/ul>\n\n\n\n<p><em>Trabajo colaborativo entre liceos, articulaci\u00f3n y vinculaci\u00f3n con el entorno regional<\/em><em> son las l\u00edneas de acci\u00f3n para el a\u00f1o 2024 de la Red Futuro T\u00e9cnico Coquimbo, que fueron presentadas a las comunidades educativas de las provincias de Choapa, Elqui y Limar\u00ed. Los encuentros dieron el inicio oficial al trabajo que realizar\u00e1 la Red durante este nuevo periodo.<\/em><\/p>\n\n\n\n<p><em>Esta iniciativa, liderada por el Ministerio de Educaci\u00f3n y ejecutada por Fundaci\u00f3n Chile en la regi\u00f3n, de la mano de la Seremi de Educaci\u00f3n, busca generar instancias colaborativas para potenciar la formaci\u00f3n t\u00e9cnica y articular mejores oportunidades para los estudiantes y docentes de los 43 liceos t\u00e9cnicos profesionales que participan de la Red en la Regi\u00f3n de Coquimbo.<\/em><\/p>\n\n\n\n<p><em>Para reafirmar el compromiso de los liceos y sus equipos docentes, se llevaron a cabo 3 encuentros presenciales coordinados por la red y la Seremi de Educaci\u00f3n. Estos&nbsp; encuentros que tuvieron lugar los d\u00edas <\/em>25, 26 y 27 de marzo en las provincias del Choapa, Limar\u00ed y Elqui, respectivamente, marcaron un hito importante en la regi\u00f3n al reunir a docentes y directivos para explorar nuevas oportunidades de colaboraci\u00f3n y repasar los aprendizajes y buenas pr\u00e1cticas obtenidas en 2023.<em><\/em><\/p>\n\n\n\n<p><em>Las jornadas contaron con la participaci\u00f3n de representantes de los 43 liceos t\u00e9cnicos profesionales en sus respectivas provincias, as\u00ed como autoridades locales, entre ellas la Seremi de Educaci\u00f3n de la Regi\u00f3n de Coquimbo, Cecilia Ram\u00edrez; la coordinadora TP de la SEREMI de Educaci\u00f3n, Germania Lazo; el jefe del Departamento Provincial de Educaci\u00f3n (Deprov) de Choapa, Erick Zelada; la jefa del Deprov de Limar\u00ed, Susana Torres; el jefe del Deprov de Elqui, Francisco Alvear; la jefa de proyecto de Futuro T\u00e9cnico Zona Centro Norte, Vanessa Ar\u00e9valo; y la coordinadora territorial de la Red Futuro T\u00e9cnico Coquimbo, Jeanette Cisternas.<\/em><\/p>\n\n\n\n<p><em>La Seremi de Educaci\u00f3n, Cecilia Ram\u00edrez Ch\u00e1vez destac\u00f3 que \u201cen el inicio de a\u00f1o escolar 2024, estos primeros encuentros de Red del Programa Futuro T\u00e9cnico Coquimbo del Ministerio de Educaci\u00f3n en las provincias de Choapa, Limar\u00ed y Elqui, permiten establecer los lineamientos para seguir fortaleciendo el trabajo con directivos, docentes y estudiantes de liceos t\u00e9cnicos profesionales de nuestra regi\u00f3n. Continuamos trabajando para cumplir con el prop\u00f3sito del gobierno del Presidente Gabriel Boric de mejorar la calidad y pertinencia de la educaci\u00f3n t\u00e9cnico profesional, apoyando la implementaci\u00f3n curricular y pedag\u00f3gica para el fortalecimiento de los aprendizajes de sus estudiantes, la gesti\u00f3n y liderazgo de los docentes y equipos directivos, para de esta manera, avanzar hacia una educaci\u00f3n TP para el desarrollo humano sostenible, que promueva el bienestar de las y los estudiantes, trabajadores y las comunidades en sus territorios\u201d.&nbsp;<\/em><\/p>\n\n\n\n<p><em>En tanto, la jefa de proyecto de Futuro T\u00e9cnico Zona Centro Norte, Vanessa Ar\u00e9valo, resalt\u00f3 que \u201cNos enorgullece celebrar estos encuentros, que como cada a\u00f1o nos permiten repasar las l\u00edneas de acci\u00f3n y los objetivos que movilizar\u00e1n nuestro accionar tanto en la regi\u00f3n como en las provincias. Durante este per\u00edodo, hemos trabajado incansablemente para ofrecer una educaci\u00f3n de calidad que responda a los desaf\u00edos y al futuro del mundo TP. Este esfuerzo ha sido posible gracias al trabajo coordinado con el Ministerio de Educaci\u00f3n, representado por la Seremi de Educaci\u00f3n, los departamentos provinciales de educaci\u00f3n, y los diversos organismos p\u00fablicos y privados que se han sumado a este importante proyecto\u201d.<\/em><\/p>\n\n\n\n<p><em>Durante las jornadas, se reflexion\u00f3 sobre los desaf\u00edos y oportunidades para una educaci\u00f3n m\u00e1s inclusiva en la regi\u00f3n, en l\u00ednea con los ejes prioritarios de la Secretar\u00eda Ejecutiva de Educaci\u00f3n T\u00e9cnico Profesional para el per\u00edodo 2023-2024: educaci\u00f3n no sexista; desarrollo humano sostenible; coordinaci\u00f3n, participaci\u00f3n y democracia; y desarrollo territorial.<\/em><\/p>\n\n\n\n<p><em>Adem\u00e1s, durante las jornadas, se present\u00f3 el innovador Plan Formativo 2024 de la red Futuro T\u00e9cnico Coquimbo, una hoja de ruta que abarca 11 acciones estrat\u00e9gicas para potenciar la educaci\u00f3n t\u00e9cnico profesional en la regi\u00f3n, y que se estar\u00e1 implementando desde abril hasta octubre. Este contempla una serie de iniciativas enfocadas en \u00e1reas cruciales como el apoyo de Maestros Gu\u00edas, la promoci\u00f3n de la convivencia escolar y el bienestar estudiantil, el fortalecimiento de la red educativa, la promoci\u00f3n de la equidad de g\u00e9nero en la EMTP, la implementaci\u00f3n de t\u00e9cnicas innovadoras de IA para mejorar la educaci\u00f3n y el uso efectivo de datos, as\u00ed como el fomento del liderazgo estudiantil, entre otros temas.<\/em><\/p>\n\n\n\n<p><em>Fabi\u00e1n Vega, director del Colegio T\u00e9cnico Profesional Florencia Nightingale de La Serena, destac\u00f3 sobre el Plan Formativo y el trabajo siendo parte de la red que \u00abEl trabajo realizado por la Red Futuro T\u00e9cnico me pareci\u00f3 importante y enriquecedor en relaci\u00f3n a las diferentes propuestas de desarrollo tanto profesionales como formativas hacia los estudiantes de los establecimientos EMTP. El Plan formativo est\u00e1 muy interesante, tiene en consideraci\u00f3n los ejes del Mineduc y me gust\u00f3 mucho el hecho de que se realizar\u00e1n jornadas orientadas a Maestros Gu\u00edas, ya que estos tienen un rol muy importante en la formaci\u00f3n en las instancias de pr\u00e1ctica de los estudiantes. Tengo mucha expectativa en relaci\u00f3n al trabajo que se realizar\u00e1 este a\u00f1o.\u00bb<\/em><\/p>\n\n\n\n<p>Las jornadas concluyeron con un inspirador taller pr\u00e1ctico liderado por Sonia Carvajal, Psic\u00f3loga Humanista Transpersonal reconocida por su amplia experiencia en el desarrollo del bienestar laboral. Bajo el t\u00edtulo \u00abBienestar socioemocional: Herramientas para el autocuidado\u00bb, los representantes de los establecimientos TP reflexionaron sobre la importancia del autocuidado y la salud mental en el entorno educativo. Este enriquecedor encuentro proporcion\u00f3 valiosas herramientas para comenzar mejor preparados el a\u00f1o acad\u00e9mico y fortalecer el ambiente educativo de los liceos de la regi\u00f3n.<\/p>\n","protected":false},"excerpt":{"rendered":"<p>Trabajo colaborativo entre liceos, articulaci\u00f3n y vinculaci\u00f3n con el entorno regional son las l\u00edneas de acci\u00f3n para el a\u00f1o 2024 de la Red Futuro T\u00e9cnico Coquimbo, que fueron presentadas a las comunidades educativas de las provincias de Choapa, Elqui y Limar\u00ed. Los encuentros dieron el inicio oficial al trabajo que realizar\u00e1 la Red durante este &#8230;<\/p>\n","protected":false},"author":2,"featured_media":11182,"comment_status":"open","ping_status":"open","sticky":false,"template":"","format":"standard","meta":{"footnotes":""},"categories":[6],"tags":[],"class_list":["post-11181","post","type-post","status-publish","format-standard","has-post-thumbnail","hentry","category-regionales"],"_links":{"self":[{"href":"https:\/\/www.radiolimari.cl\/index.php?rest_route=\/wp\/v2\/posts\/11181","targetHints":{"allow":["GET"]}}],"collection":[{"href":"https:\/\/www.radiolimari.cl\/index.php?rest_route=\/wp\/v2\/posts"}],"about":[{"href":"https:\/\/www.radiolimari.cl\/index.php?rest_route=\/wp\/v2\/types\/post"}],"author":[{"embeddable":true,"href":"https:\/\/www.radiolimari.cl\/index.php?rest_route=\/wp\/v2\/users\/2"}],"replies":[{"embeddable":true,"href":"https:\/\/www.radiolimari.cl\/index.php?rest_route=%2Fwp%2Fv2%2Fcomments&post=11181"}],"version-history":[{"count":1,"href":"https:\/\/www.radiolimari.cl\/index.php?rest_route=\/wp\/v2\/posts\/11181\/revisions"}],"predecessor-version":[{"id":11183,"href":"https:\/\/www.radiolimari.cl\/index.php?rest_route=\/wp\/v2\/posts\/11181\/revisions\/11183"}],"wp:featuredmedia":[{"embeddable":true,"href":"https:\/\/www.radiolimari.cl\/index.php?rest_route=\/wp\/v2\/media\/11182"}],"wp:attachment":[{"href":"https:\/\/www.radiolimari.cl\/index.php?rest_route=%2Fwp%2Fv2%2Fmedia&parent=11181"}],"wp:term":[{"taxonomy":"category","embeddable":true,"href":"https:\/\/www.radiolimari.cl\/index.php?rest_route=%2Fwp%2Fv2%2Fcategories&post=11181"},{"taxonomy":"post_tag","embeddable":true,"href":"https:\/\/www.radiolimari.cl\/index.php?rest_route=%2Fwp%2Fv2%2Ftags&post=11181"}],"curies":[{"name":"wp","href":"https:\/\/api.w.org\/{rel}","templated":true}]}}