{"id":11178,"date":"2024-04-01T13:06:34","date_gmt":"2024-04-01T13:06:34","guid":{"rendered":"https:\/\/www.radiolimari.cl\/?p=11178"},"modified":"2024-04-01T13:06:35","modified_gmt":"2024-04-01T13:06:35","slug":"en-caleta-talquilla-de-la-comuna-de-ovalle-instalan-primera-piedra-de-la-nueva-caleta-comprometida-por-el-presidente-boric","status":"publish","type":"post","link":"https:\/\/www.radiolimari.cl\/?p=11178","title":{"rendered":"En Caleta Talquilla de la comuna de Ovalle, instalan primera piedra de la nueva caleta, comprometida por el Presidente Boric."},"content":{"rendered":"\n<figure class=\"wp-block-image size-large\"><a href=\"https:\/\/www.radiolimari.cl\/wp-content\/uploads\/2024\/04\/Foto_1.jpeg\"><img fetchpriority=\"high\" decoding=\"async\" width=\"1024\" height=\"768\" src=\"https:\/\/www.radiolimari.cl\/wp-content\/uploads\/2024\/04\/Foto_1-1024x768.jpeg\" alt=\"\" class=\"wp-image-11179\" srcset=\"https:\/\/www.radiolimari.cl\/wp-content\/uploads\/2024\/04\/Foto_1-1024x768.jpeg 1024w, https:\/\/www.radiolimari.cl\/wp-content\/uploads\/2024\/04\/Foto_1-300x225.jpeg 300w, https:\/\/www.radiolimari.cl\/wp-content\/uploads\/2024\/04\/Foto_1-768x576.jpeg 768w, https:\/\/www.radiolimari.cl\/wp-content\/uploads\/2024\/04\/Foto_1.jpeg 1280w\" sizes=\"(max-width: 1024px) 100vw, 1024px\" \/><\/a><\/figure>\n\n\n\n<p><strong><em>La Direcci\u00f3n de Obras Portuarias, dependiente del Ministerio de Obras P\u00fablicas, dio inicio a los trabajos para la construcci\u00f3n de la nueva caleta de Talquilla, que forma parte del compromiso presidencial que asumi\u00f3 el Presidente Boric con la pesca artesanal.<\/em><\/strong><\/p>\n\n\n\n<p>La Direcci\u00f3n de Obras Portuarias (DOP) del Ministerio de Obras P\u00fablicas (MOP) puso la primera piedra de la nueva caleta pesquera artesanal de Talquilla. La obra, largamente esperada por la comunidad, es un compromiso del Presidente Gabriel Boric, y su inversi\u00f3n asciende a $2.211.185.387.<\/p>\n\n\n\n<p>La obra, que estar\u00e1 a cargo de la empresa constructora R\u00edo Maule y se espera que concluya en noviembre de este a\u00f1o, contempla un frente de atraque, una explanada pavimentada, un edificio con un patio de lavadero y duchas, un sombreadero para las obras terrestres, estacionamiento, y obras el\u00e9ctricas y sanitarias. Tambi\u00e9n, forma parte del compromiso del Presidente Boric de construir 17 caletas pesqueras artesanales durante su Gobierno. Adem\u00e1s, cabe se\u00f1alar que fue en Talquilla donde la Direcci\u00f3n de Obras Portuarias lanz\u00f3 el plan de caletas rurales.<\/p>\n\n\n\n<p>Actualmente, los pescadores de la caleta no cuentan con condiciones de infraestructura en la caleta, lo que dificulta su labor y no les entrega condiciones sanitarias y de seguridad para poder embarcar o desembarcar con los productos que extraen del mar.<\/p>\n\n\n\n<p>Respecto a las obras, el SEREMI MOP Javier Sandoval Guzm\u00e1n, indic\u00f3 que \u201ccontemplan una explanada, un enrocado para proteger lo que estar\u00e1 en tierra, servicios higi\u00e9nicos y accesibilidad universal, ya que tenemos el mandato de proveer obras que contemplen dicha perspectiva; oficinas para los pescadores, bodegas para los equipos, entre otras. Son obras que permitir\u00e1n a las y los pescadores realizar las actividades que realizan a diario, y que aportan a una econom\u00eda que depende esta actividad y que debi\u00e9ramos valorarla como sociedad\u201d.<\/p>\n\n\n\n<p>Sobre el compromiso presidencial, la Delegada Presidencial Provincial del Limar\u00ed, Marily Escobar, valor\u00f3 el proyecto y agradeci\u00f3 \u201cla perseverancia de cada una de las personas que viven en esta comunidad, debido a lo afectado que se han visto posterior al tsunami y a la trayectoria que ha tenido impulsar este proyecto que les genera a ellos una mejor calidad de vida y dignidad en su trabajo. Uno de los compromisos de nuestro presidente Gabriel Boric es avanzar en dignidad territorial y por lo mismo nos encontramos ac\u00e1 para avanzar e impulsar estas medidas\u201d.<\/p>\n\n\n\n<p>Por su parte, el Alcalde de Ovalle, Jonathan Acu\u00f1a, valor\u00f3 el avance del Ministerio de Obras P\u00fablicas, \u201ccreemos que con esto se avanza en cosas claves como la descentralizaci\u00f3n y la equidad territorial, con una inversi\u00f3n que sobrepasa los 2 mil millones. Es un proyecto que tiene una historia de m\u00e1s de 20 a\u00f1os y los vecinos han enfocado su atenci\u00f3n en contar con una mejor infraestructura para poder, adem\u00e1s, llevar a cabo su pesca de mejor manera\u201d.<\/p>\n\n\n\n<p>Finalmente, las y los pescadores agradecieron este hito, \u201cesta es una obra que significa mucho para nosotros, hemos esperado por muchos a\u00f1os y ahora lleg\u00f3 el momento. Si bien es cierto, es una caleta chica y rural, a veces cuesta invertir en estas zonas porque los recursos se van a caletas m\u00e1s grandes, esta ha sido una obra importante, esperada por muchos a\u00f1os, estamos muy felices\u201d, finaliz\u00f3 Fernando Andrade, Alcalde de mar y Presidente del Sindicato de Trabajadores de caleta Talquilla<\/p>\n","protected":false},"excerpt":{"rendered":"<p>La Direcci\u00f3n de Obras Portuarias, dependiente del Ministerio de Obras P\u00fablicas, dio inicio a los trabajos para la construcci\u00f3n de la nueva caleta de Talquilla, que forma parte del compromiso presidencial que asumi\u00f3 el Presidente Boric con la pesca artesanal. La Direcci\u00f3n de Obras Portuarias (DOP) del Ministerio de Obras P\u00fablicas (MOP) puso la primera &#8230;<\/p>\n","protected":false},"author":2,"featured_media":11179,"comment_status":"open","ping_status":"open","sticky":false,"template":"","format":"standard","meta":{"footnotes":""},"categories":[6],"tags":[],"class_list":["post-11178","post","type-post","status-publish","format-standard","has-post-thumbnail","hentry","category-regionales"],"_links":{"self":[{"href":"https:\/\/www.radiolimari.cl\/index.php?rest_route=\/wp\/v2\/posts\/11178","targetHints":{"allow":["GET"]}}],"collection":[{"href":"https:\/\/www.radiolimari.cl\/index.php?rest_route=\/wp\/v2\/posts"}],"about":[{"href":"https:\/\/www.radiolimari.cl\/index.php?rest_route=\/wp\/v2\/types\/post"}],"author":[{"embeddable":true,"href":"https:\/\/www.radiolimari.cl\/index.php?rest_route=\/wp\/v2\/users\/2"}],"replies":[{"embeddable":true,"href":"https:\/\/www.radiolimari.cl\/index.php?rest_route=%2Fwp%2Fv2%2Fcomments&post=11178"}],"version-history":[{"count":1,"href":"https:\/\/www.radiolimari.cl\/index.php?rest_route=\/wp\/v2\/posts\/11178\/revisions"}],"predecessor-version":[{"id":11180,"href":"https:\/\/www.radiolimari.cl\/index.php?rest_route=\/wp\/v2\/posts\/11178\/revisions\/11180"}],"wp:featuredmedia":[{"embeddable":true,"href":"https:\/\/www.radiolimari.cl\/index.php?rest_route=\/wp\/v2\/media\/11179"}],"wp:attachment":[{"href":"https:\/\/www.radiolimari.cl\/index.php?rest_route=%2Fwp%2Fv2%2Fmedia&parent=11178"}],"wp:term":[{"taxonomy":"category","embeddable":true,"href":"https:\/\/www.radiolimari.cl\/index.php?rest_route=%2Fwp%2Fv2%2Fcategories&post=11178"},{"taxonomy":"post_tag","embeddable":true,"href":"https:\/\/www.radiolimari.cl\/index.php?rest_route=%2Fwp%2Fv2%2Ftags&post=11178"}],"curies":[{"name":"wp","href":"https:\/\/api.w.org\/{rel}","templated":true}]}}