{"id":11166,"date":"2024-03-28T16:45:28","date_gmt":"2024-03-28T16:45:28","guid":{"rendered":"https:\/\/www.radiolimari.cl\/?p=11166"},"modified":"2024-03-28T16:45:30","modified_gmt":"2024-03-28T16:45:30","slug":"aguas-del-valle-implementa-plan-preventivo-y-refuerza-llamado-a-consumo-responsable-en-semana-santa","status":"publish","type":"post","link":"https:\/\/www.radiolimari.cl\/?p=11166","title":{"rendered":"Aguas del Valle implementa plan preventivo y refuerza llamado a consumo responsable en Semana Santa."},"content":{"rendered":"\n<figure class=\"wp-block-image size-large\"><a href=\"https:\/\/www.radiolimari.cl\/wp-content\/uploads\/2024\/03\/1.jfif_.jpg\"><img fetchpriority=\"high\" decoding=\"async\" width=\"1024\" height=\"768\" src=\"https:\/\/www.radiolimari.cl\/wp-content\/uploads\/2024\/03\/1.jfif_-1024x768.jpg\" alt=\"\" class=\"wp-image-11167\" srcset=\"https:\/\/www.radiolimari.cl\/wp-content\/uploads\/2024\/03\/1.jfif_-1024x768.jpg 1024w, https:\/\/www.radiolimari.cl\/wp-content\/uploads\/2024\/03\/1.jfif_-300x225.jpg 300w, https:\/\/www.radiolimari.cl\/wp-content\/uploads\/2024\/03\/1.jfif_-768x576.jpg 768w, https:\/\/www.radiolimari.cl\/wp-content\/uploads\/2024\/03\/1.jfif_-1536x1152.jpg 1536w, https:\/\/www.radiolimari.cl\/wp-content\/uploads\/2024\/03\/1.jfif_.jpg 1600w\" sizes=\"(max-width: 1024px) 100vw, 1024px\" \/><\/a><\/figure>\n\n\n\n<p>Con una actividad en la Plaza de Abastos de La Serena, la sanitaria realiz\u00f3 un llamado al cuidado del recurso h\u00eddrico a trav\u00e9s de videos que permitieron ver la compleja situaci\u00f3n de los embalses de la zona.<\/p>\n\n\n\n<p><strong>La Serena, 28 de marzo de 2024. <\/strong>Ante la llegada de turistas por Semana Santa hasta la Regi\u00f3n de Coquimbo, Aguas del Valle reforzar\u00e1 sus servicios con un plan preventivo para responder al aumento del consumo, junto con reiterar el llamado a un uso consciente del suministro ante la compleja situaci\u00f3n de escasez h\u00eddrica que afecta a la zona.<\/p>\n\n\n\n<p>El gerente regional de la sanitaria, Andr\u00e9s Nazer, indic\u00f3 que \u201cpara esta fecha robusteceremos el Centro de Inteligencia Operacional, habilitado para monitorear en tiempo real y a distancia los distintos niveles, caudales y presiones a lo largo de toda la regi\u00f3n. De esta forma, podemos adoptar medidas inmediatas en el caso de registrarse alg\u00fan inconveniente. Adem\u00e1s, se reforzar\u00e1n turnos y mantenimientos preventivos de los equipos, para fortalecer la operaci\u00f3n de toda la red\u201d.<\/p>\n\n\n\n<p>El principal aumento en estas fechas ocurre en las localidades costeras de la regi\u00f3n, como por ejemplo en Guanaqueros y Tongoy, con un alza que puede llegar a un 15%. Por este motivo, el ejecutivo record\u00f3 la importancia de realizar un consumo responsable, solicitando la colaboraci\u00f3n de la comunidad en el uso racional de este vital recurso. \u201cEstamos viviendo una situaci\u00f3n muy grave con la escasez h\u00eddrica, con los embalses en un nivel baj\u00edsimo. Por eso reiteramos el mensaje de cuidar el agua, tanto para turistas y como habitantes de la regi\u00f3n, a consumir de manera responsable el suministro\u201d, agreg\u00f3.<\/p>\n\n\n\n<p>Desde la sanitaria reforzaron tambi\u00e9n el llamado a un buen uso del sistema de alcantarillado, evitando incorporar elementos ajenos a la red, como basura, restos de comida y otros desechos que puedan generar inconvenientes en el servicio y a la comunidad.<\/p>\n\n\n\n<p>Para consultas de la comunidad, Aguas del Valle mantendr\u00e1 operativos en forma ininterrumpida sus canales de atenci\u00f3n, a trav\u00e9s de la l\u00ednea 600 400 4444 y el X @AguasdelValle, para brindar asistencia a los clientes que lo necesiten.<\/p>\n","protected":false},"excerpt":{"rendered":"<p>Con una actividad en la Plaza de Abastos de La Serena, la sanitaria realiz\u00f3 un llamado al cuidado del recurso h\u00eddrico a trav\u00e9s de videos que permitieron ver la compleja situaci\u00f3n de los embalses de la zona. La Serena, 28 de marzo de 2024. Ante la llegada de turistas por Semana Santa hasta la Regi\u00f3n &#8230;<\/p>\n","protected":false},"author":2,"featured_media":11167,"comment_status":"open","ping_status":"open","sticky":false,"template":"","format":"standard","meta":{"footnotes":""},"categories":[3],"tags":[],"class_list":["post-11166","post","type-post","status-publish","format-standard","has-post-thumbnail","hentry","category-actualidad"],"_links":{"self":[{"href":"https:\/\/www.radiolimari.cl\/index.php?rest_route=\/wp\/v2\/posts\/11166","targetHints":{"allow":["GET"]}}],"collection":[{"href":"https:\/\/www.radiolimari.cl\/index.php?rest_route=\/wp\/v2\/posts"}],"about":[{"href":"https:\/\/www.radiolimari.cl\/index.php?rest_route=\/wp\/v2\/types\/post"}],"author":[{"embeddable":true,"href":"https:\/\/www.radiolimari.cl\/index.php?rest_route=\/wp\/v2\/users\/2"}],"replies":[{"embeddable":true,"href":"https:\/\/www.radiolimari.cl\/index.php?rest_route=%2Fwp%2Fv2%2Fcomments&post=11166"}],"version-history":[{"count":1,"href":"https:\/\/www.radiolimari.cl\/index.php?rest_route=\/wp\/v2\/posts\/11166\/revisions"}],"predecessor-version":[{"id":11168,"href":"https:\/\/www.radiolimari.cl\/index.php?rest_route=\/wp\/v2\/posts\/11166\/revisions\/11168"}],"wp:featuredmedia":[{"embeddable":true,"href":"https:\/\/www.radiolimari.cl\/index.php?rest_route=\/wp\/v2\/media\/11167"}],"wp:attachment":[{"href":"https:\/\/www.radiolimari.cl\/index.php?rest_route=%2Fwp%2Fv2%2Fmedia&parent=11166"}],"wp:term":[{"taxonomy":"category","embeddable":true,"href":"https:\/\/www.radiolimari.cl\/index.php?rest_route=%2Fwp%2Fv2%2Fcategories&post=11166"},{"taxonomy":"post_tag","embeddable":true,"href":"https:\/\/www.radiolimari.cl\/index.php?rest_route=%2Fwp%2Fv2%2Ftags&post=11166"}],"curies":[{"name":"wp","href":"https:\/\/api.w.org\/{rel}","templated":true}]}}