{"id":11159,"date":"2024-03-28T14:16:56","date_gmt":"2024-03-28T14:16:56","guid":{"rendered":"https:\/\/www.radiolimari.cl\/?p=11159"},"modified":"2024-03-28T14:16:57","modified_gmt":"2024-03-28T14:16:57","slug":"concejo-municipal-en-votacion-unanime-aprueba-ordenanza-sobre-gestion-y-uso-eficiente-del-recurso-hidrico-en-la-comuna-de-ovalle","status":"publish","type":"post","link":"https:\/\/www.radiolimari.cl\/?p=11159","title":{"rendered":"Concejo Municipal  en Votaci\u00f3n un\u00e1nime Aprueba ordenanza sobre gesti\u00f3n y uso eficiente del recurso h\u00eddrico en la comuna de Ovalle."},"content":{"rendered":"\n<figure class=\"wp-block-image size-large\"><a href=\"https:\/\/www.radiolimari.cl\/wp-content\/uploads\/2024\/03\/Concejo-Municipal-de-Ovalle-2024-1-scaled.jpg\"><img fetchpriority=\"high\" decoding=\"async\" width=\"1024\" height=\"577\" src=\"https:\/\/www.radiolimari.cl\/wp-content\/uploads\/2024\/03\/Concejo-Municipal-de-Ovalle-2024-1-1024x577.jpg\" alt=\"\" class=\"wp-image-11160\" srcset=\"https:\/\/www.radiolimari.cl\/wp-content\/uploads\/2024\/03\/Concejo-Municipal-de-Ovalle-2024-1-1024x577.jpg 1024w, https:\/\/www.radiolimari.cl\/wp-content\/uploads\/2024\/03\/Concejo-Municipal-de-Ovalle-2024-1-300x169.jpg 300w, https:\/\/www.radiolimari.cl\/wp-content\/uploads\/2024\/03\/Concejo-Municipal-de-Ovalle-2024-1-768x432.jpg 768w, https:\/\/www.radiolimari.cl\/wp-content\/uploads\/2024\/03\/Concejo-Municipal-de-Ovalle-2024-1-1536x865.jpg 1536w, https:\/\/www.radiolimari.cl\/wp-content\/uploads\/2024\/03\/Concejo-Municipal-de-Ovalle-2024-1-2048x1153.jpg 2048w\" sizes=\"(max-width: 1024px) 100vw, 1024px\" \/><\/a><\/figure>\n\n\n\n<p><strong><em>La iniciativa presentada por la administraci\u00f3n del alcalde Jonathan Acu\u00f1a Rojas a trav\u00e9s del Departamento de Medio Ambiente, cont\u00f3 con el apoyo de la totalidad de los integrantes del Concejo Municipal, que adem\u00e1s aprob\u00f3 de la misma manera la propuesta de Estrategia Ambiental Comunal.<\/em><\/strong><\/p>\n\n\n\n<p>La comuna de Ovalle cuenta con una Ordenanza Municipal sobre Gesti\u00f3n y Uso Eficiente del Recurso H\u00eddrico, tras la aprobaci\u00f3n de manera un\u00e1nime por el Concejo Municipal del texto normativo, que fue presentado por la administraci\u00f3n del alcalde Jonathan Acu\u00f1a Rojas, en la sesi\u00f3n del cuerpo colegiado de este martes 26 de marzo.<\/p>\n\n\n\n<p>De esta manera y en el contexto de la Conmemoraci\u00f3n del D\u00eda Mundial del Agua, la Municipalidad de Ovalle se une al reconocimiento global, reiterando su compromiso con la gesti\u00f3n sostenible y su preservaci\u00f3n de este elemento esencial para la vida.<\/p>\n\n\n\n<p>La administraci\u00f3n municipal est\u00e1 implementando diversas acciones y medidas destinadas a garantizar el uso eficiente y responsable del agua, en concordancia con los principios de conservaci\u00f3n ambiental y desarrollo sostenible.<\/p>\n\n\n\n<p>La ordenanza, presentada por el Departamento de Medio Ambiente en colaboraci\u00f3n con la Direcci\u00f3n de Medio Ambiente, Aseo y Ornato, establece medidas destinadas a regular el uso consciente del agua en nuestra localidad y promover pr\u00e1cticas sostenibles en su gesti\u00f3n.<\/p>\n\n\n\n<p>El objetivo primordial es promover una gesti\u00f3n eficiente del recurso h\u00eddrico, considerando el escenario cr\u00edtico de sequ\u00eda estructural y los impactos del cambio clim\u00e1tico. Busca, adem\u00e1s asegurar la protecci\u00f3n y gesti\u00f3n del recurso, dotando a nuestra municipalidad de un instrumento que permita implementar sistemas de concienciaci\u00f3n en educaci\u00f3n sobre el uso del recurso y fiscalizaci\u00f3n adecuados de su consumo.<\/p>\n\n\n\n<p>Tras la aprobaci\u00f3n de la nueva normativa comunal, el alcalde Jonathan Acu\u00f1a Rojas afirm\u00f3 que \u201cfrente a la cr\u00edtica situaci\u00f3n de d\u00e9ficit estructural del recurso h\u00eddrico, reiteramos nuestro compromiso con la protecci\u00f3n y el cuidado de este recurso tan valioso. La Ordenanza Municipal sobre Gesti\u00f3n y Uso Eficiente del Recurso H\u00eddrico en la Comuna de Ovalle refleja una necesidad respecto a la conservaci\u00f3n del agua y la promoci\u00f3n de pr\u00e1cticas sostenibles en su uso\u00bb.<\/p>\n\n\n\n<p>La ordenanza aborda una variedad de aspectos relacionados con la conservaci\u00f3n y el uso responsable del agua, incluyendo la promoci\u00f3n de pr\u00e1cticas de ahorro y eficiencia h\u00eddrica en los \u00e1mbitos dom\u00e9stico, industrial, agr\u00edcola y p\u00fablico. Adem\u00e1s, contempla la adopci\u00f3n de medidas para prevenir la contaminaci\u00f3n y el deterioro de los recursos h\u00eddricos locales, as\u00ed como la promoci\u00f3n de la educaci\u00f3n ambiental y la participaci\u00f3n ciudadana en la gesti\u00f3n del agua.<\/p>\n\n\n\n<p>En ese sentido, el Municipio espera que toda la comunidad se sume a esta iniciativa y contribuya activamente en la protecci\u00f3n y conservaci\u00f3n del agua, adoptando h\u00e1bitos responsables y participando en las acciones de cuidado del medio ambiente.<\/p>\n\n\n\n<p>Cabe mencionar que paralelamente, el Concejo Municipal aprob\u00f3, tambi\u00e9n de un\u00e1nime la propuesta de Estrategia Ambiental Comunal, que fue desarrollada por el Departamento de Medio Ambiente.<\/p>\n","protected":false},"excerpt":{"rendered":"<p>La iniciativa presentada por la administraci\u00f3n del alcalde Jonathan Acu\u00f1a Rojas a trav\u00e9s del Departamento de Medio Ambiente, cont\u00f3 con el apoyo de la totalidad de los integrantes del Concejo Municipal, que adem\u00e1s aprob\u00f3 de la misma manera la propuesta de Estrategia Ambiental Comunal. La comuna de Ovalle cuenta con una Ordenanza Municipal sobre Gesti\u00f3n &#8230;<\/p>\n","protected":false},"author":2,"featured_media":11160,"comment_status":"open","ping_status":"open","sticky":false,"template":"","format":"standard","meta":{"footnotes":""},"categories":[5],"tags":[],"class_list":["post-11159","post","type-post","status-publish","format-standard","has-post-thumbnail","hentry","category-actualidad-limarina"],"_links":{"self":[{"href":"https:\/\/www.radiolimari.cl\/index.php?rest_route=\/wp\/v2\/posts\/11159","targetHints":{"allow":["GET"]}}],"collection":[{"href":"https:\/\/www.radiolimari.cl\/index.php?rest_route=\/wp\/v2\/posts"}],"about":[{"href":"https:\/\/www.radiolimari.cl\/index.php?rest_route=\/wp\/v2\/types\/post"}],"author":[{"embeddable":true,"href":"https:\/\/www.radiolimari.cl\/index.php?rest_route=\/wp\/v2\/users\/2"}],"replies":[{"embeddable":true,"href":"https:\/\/www.radiolimari.cl\/index.php?rest_route=%2Fwp%2Fv2%2Fcomments&post=11159"}],"version-history":[{"count":1,"href":"https:\/\/www.radiolimari.cl\/index.php?rest_route=\/wp\/v2\/posts\/11159\/revisions"}],"predecessor-version":[{"id":11161,"href":"https:\/\/www.radiolimari.cl\/index.php?rest_route=\/wp\/v2\/posts\/11159\/revisions\/11161"}],"wp:featuredmedia":[{"embeddable":true,"href":"https:\/\/www.radiolimari.cl\/index.php?rest_route=\/wp\/v2\/media\/11160"}],"wp:attachment":[{"href":"https:\/\/www.radiolimari.cl\/index.php?rest_route=%2Fwp%2Fv2%2Fmedia&parent=11159"}],"wp:term":[{"taxonomy":"category","embeddable":true,"href":"https:\/\/www.radiolimari.cl\/index.php?rest_route=%2Fwp%2Fv2%2Fcategories&post=11159"},{"taxonomy":"post_tag","embeddable":true,"href":"https:\/\/www.radiolimari.cl\/index.php?rest_route=%2Fwp%2Fv2%2Ftags&post=11159"}],"curies":[{"name":"wp","href":"https:\/\/api.w.org\/{rel}","templated":true}]}}