{"id":11156,"date":"2024-03-27T23:39:55","date_gmt":"2024-03-27T23:39:55","guid":{"rendered":"https:\/\/www.radiolimari.cl\/?p=11156"},"modified":"2024-03-27T23:40:53","modified_gmt":"2024-03-27T23:40:53","slug":"delegacion-paraguaya-se-interioriza-sobre-el-trabajo-de-indap-en-materia-crediticia-a-traves-de-casos-exitosos-y-funcionamiento-de-agencias-de-area","status":"publish","type":"post","link":"https:\/\/www.radiolimari.cl\/?p=11156","title":{"rendered":"Delegaci\u00f3n paraguaya se interioriza sobre el trabajo de INDAP en materia crediticia, a trav\u00e9s de casos exitosos y funcionamiento de agencias de \u00e1rea."},"content":{"rendered":"\n<figure class=\"wp-block-image size-large\"><a href=\"https:\/\/www.radiolimari.cl\/wp-content\/uploads\/2024\/03\/La-comitiva-del-CAH-e-INDAP-visitaron-el-predio-de-la-joven-agricultora-Yarela-Olivares.jpg\"><img fetchpriority=\"high\" decoding=\"async\" width=\"1024\" height=\"768\" src=\"https:\/\/www.radiolimari.cl\/wp-content\/uploads\/2024\/03\/La-comitiva-del-CAH-e-INDAP-visitaron-el-predio-de-la-joven-agricultora-Yarela-Olivares-1024x768.jpg\" alt=\"\" class=\"wp-image-11157\" srcset=\"https:\/\/www.radiolimari.cl\/wp-content\/uploads\/2024\/03\/La-comitiva-del-CAH-e-INDAP-visitaron-el-predio-de-la-joven-agricultora-Yarela-Olivares-1024x768.jpg 1024w, https:\/\/www.radiolimari.cl\/wp-content\/uploads\/2024\/03\/La-comitiva-del-CAH-e-INDAP-visitaron-el-predio-de-la-joven-agricultora-Yarela-Olivares-300x225.jpg 300w, https:\/\/www.radiolimari.cl\/wp-content\/uploads\/2024\/03\/La-comitiva-del-CAH-e-INDAP-visitaron-el-predio-de-la-joven-agricultora-Yarela-Olivares-768x576.jpg 768w, https:\/\/www.radiolimari.cl\/wp-content\/uploads\/2024\/03\/La-comitiva-del-CAH-e-INDAP-visitaron-el-predio-de-la-joven-agricultora-Yarela-Olivares.jpg 1280w\" sizes=\"(max-width: 1024px) 100vw, 1024px\" \/><\/a><\/figure>\n\n\n\n<p><em>Las actividades se centraron en las provincias de Elqui y Limar\u00ed.<\/em><\/p>\n\n\n\n<p>Durante cuatro d\u00edas una comitiva del Cr\u00e9dito Agr\u00edcola de Habilitaci\u00f3n (CAH) de Paraguay estuvo en la regi\u00f3n de Coquimbo visitando a usuarios y usuarias del Instituto de Desarrollo Agropecuario (INDAP), as\u00ed como tambi\u00e9n sosteniendo reuniones con el Director Regional del servicio del agro, V\u00edctor Illanes, y con funcionarios y funcionarias.<\/p>\n\n\n\n<p>Este despliegue fue posible a trav\u00e9s del proyecto \u201cProfundizaci\u00f3n de los procesos de inclusi\u00f3n financiera del CAH para los peque\u00f1os productores rurales de la Agricultura Familiar de la Rep\u00fablica del Paraguay\u201d, financiado por la Agencia de Cooperaci\u00f3n Internacional del Jap\u00f3n (JICA) y que tuvo como principal objetivo el conocer directamente la funci\u00f3n crediticia de INDAP, considerando los procesos de colocaci\u00f3n, seguimiento, recuperaci\u00f3n y cobranza, desde la perspectiva de la Direcci\u00f3n Regional y sus agencias de \u00e1rea.<\/p>\n\n\n\n<p>La agenda se enfoc\u00f3 en las provincias de Elqui y Limar\u00ed. En el caso de la primera las visitas fueron a la Cooperativa Agr\u00edcola Floricultores de Pan de Az\u00facar (FLORICOOP), en Coquimbo; a la Cooperativa Agr\u00edcola de Olivicultores de Los Choros para ver la implementaci\u00f3n y construcci\u00f3n de un sistema de energizaci\u00f3n fotovoltaica financiado por INDAP mediante su Programa de Riego Asociativo (PRA), tambi\u00e9n a participantes del Programa Servicio de Asesor\u00eda T\u00e9cnica (SAT) de la Unidad Operativa Olivos, en La Higuera; a la joven agricultora Yarela Olivares, en La Serena; y al productor caprino Mart\u00edn Arias, en Vicu\u00f1a.<\/p>\n\n\n\n<p>Mientras que en Limar\u00ed fue a la Cooperativa Productores del Tamaya, en Ovalle.<\/p>\n\n\n\n<p>El presidente de FLORICOOP, Gabriel Mart\u00ednez, puntualiz\u00f3 que el haber recibido a la comitiva fue \u201cexcelente, porque ellos est\u00e1n investigando y aprendiendo sobre c\u00f3mo trabaja el INDAP y para nosotros ha sido un agrado explicarles c\u00f3mo nos ayuda INDAP con sus incentivos y cr\u00e9ditos. Todo fue muy positivo y vieron que se han invertido bien los recursos que hemos obtenido\u201d.<\/p>\n\n\n\n<p>Sobre lo que fue este despliegue por la regi\u00f3n de Coquimbo el Gerente de la Zona Centro Sur del CAH, Oscar Ferreira, expres\u00f3 que \u201cestamos muy contentos, fue una experiencia sumamente rica, hemos aprendido much\u00edsimo lo que es el procedimiento institucional del INDAP, que es una instituci\u00f3n similar al Cr\u00e9dito Agr\u00edcola de Habilitaci\u00f3n. Y por sobre todas las cosas nos vamos con una reflexi\u00f3n enorme, que es que ante las dificultades que impone la naturaleza igual se puede producir alimentos para el mundo\u201d.<\/p>\n\n\n\n<p>Asimismo, el Gerente de la Zona Centro del CAH, Roque Melgarejo, indic\u00f3 que \u201cde mi parte nada m\u00e1s que agradecer a la gente de INDAP por recibirnos y hacerlo de la mejor manera. Pudimos cumplir todos los puntos previstos. Estamos llevando a Paraguay informaciones sumamente importantes. Muchas de las tareas que desarrolla INDAP ya las realizamos, pero hay temas todav\u00eda bastante importantes que podemos adoptar m\u00e1s adelante\u201d.<\/p>\n\n\n\n<p>Para el Director Regional de INDAP, V\u00edctor Illanes, el haber recibido y realizado actividades junto a la comitiva del CAH fue \u201calgo muy significativo, porque les presentamos el trabajo que realizamos con los cr\u00e9ditos de corto y largo plazo que disponemos desde INDAP y c\u00f3mo aquello se ve reflejado en avances tangibles, a ra\u00edz del potencial que alcanzan nuestros usuarios y usuarias. Fueron cuatro jornadas muy provechosas, por lo que agradecemos al CAH por interesarse en lo que hacemos como servicio del agro y tambi\u00e9n a los usuarios y usuarias con los que compartimos, por darse el tiempo de recibirnos\u201d.<\/p>\n\n\n\n<p>La delegaci\u00f3n paraguaya tambi\u00e9n tuvo un saludo protocolar con el Director Regional de INDAP y el Seremi de Agricultura, Christian \u00c1lvarez; conoci\u00f3 los antecedentes regionales de rubros y cr\u00e9ditos e indicadores de gesti\u00f3n, colocaciones y morosidad de la cartera regional de la Unidad de Asistencia Financiera de INDAP; adem\u00e1s, estuvo respectivamente con los equipos de las agencias de \u00e1rea de La Serena y de Ovalle del servicio del agro para para compartir experiencias sobre la gesti\u00f3n crediticia.<\/p>\n\n\n\n<p>El Seremi de Agricultura, Christian \u00c1lvarez, sostuvo que el hecho que una delegaci\u00f3n de Paraguay haya querido interiorizarse sobre el funcionamiento de INDAP en la regi\u00f3n de Coquimbo \u201ces una muestra clara que el trabajo que se desarrolla en la zona es un ejemplo digno de conocer y de ser replicado en otros lugares, lo que nos llena de orgullo\u201d, y agreg\u00f3 que \u201cmediante el INDAP desarrollamos un trabajo potente ligado al financiamiento con cr\u00e9ditos de corto y largo plazo que posibilitan que la Agricultura Familiar Campesina e Ind\u00edgena cuente con capital de trabajo o inversiones necesarias para el desarrollo de sus labores. Tal como lo ha destacado nuestro Ministro de Agricultura, Esteban Valenzuela, esto se suma a lo que el INDAP despliega con sus programas regulares de fomento productivo, los que contribuyen a un mejor trabajo, mayores posibilidades de crecimiento y a una mejor calidad de vida para el Mundo Rural\u201d.<\/p>\n\n\n\n<p>Adem\u00e1s, el CAH visit\u00f3 en Vicu\u00f1a el Centro de Estudios de la Biodiversidad y el Banco Base de Semillas de INIA Intihuasi, para ver la enorme contribuci\u00f3n que dicha instituci\u00f3n efect\u00faa respecto a la investigaci\u00f3n cient\u00edfica enfocada en comprender y documentar la biodiversidad; y tambi\u00e9n la planta de CAPEL, ocasi\u00f3n que les permiti\u00f3 estar en la cooperativa pisquera m\u00e1s grande de Chile, saber de su historia y su vinculaci\u00f3n con INDAP.<\/p>\n","protected":false},"excerpt":{"rendered":"<p>Las actividades se centraron en las provincias de Elqui y Limar\u00ed. Durante cuatro d\u00edas una comitiva del Cr\u00e9dito Agr\u00edcola de Habilitaci\u00f3n (CAH) de Paraguay estuvo en la regi\u00f3n de Coquimbo visitando a usuarios y usuarias del Instituto de Desarrollo Agropecuario (INDAP), as\u00ed como tambi\u00e9n sosteniendo reuniones con el Director Regional del servicio del agro, V\u00edctor &#8230;<\/p>\n","protected":false},"author":2,"featured_media":11157,"comment_status":"open","ping_status":"open","sticky":false,"template":"","format":"standard","meta":{"footnotes":""},"categories":[6],"tags":[],"class_list":["post-11156","post","type-post","status-publish","format-standard","has-post-thumbnail","hentry","category-regionales"],"_links":{"self":[{"href":"https:\/\/www.radiolimari.cl\/index.php?rest_route=\/wp\/v2\/posts\/11156","targetHints":{"allow":["GET"]}}],"collection":[{"href":"https:\/\/www.radiolimari.cl\/index.php?rest_route=\/wp\/v2\/posts"}],"about":[{"href":"https:\/\/www.radiolimari.cl\/index.php?rest_route=\/wp\/v2\/types\/post"}],"author":[{"embeddable":true,"href":"https:\/\/www.radiolimari.cl\/index.php?rest_route=\/wp\/v2\/users\/2"}],"replies":[{"embeddable":true,"href":"https:\/\/www.radiolimari.cl\/index.php?rest_route=%2Fwp%2Fv2%2Fcomments&post=11156"}],"version-history":[{"count":1,"href":"https:\/\/www.radiolimari.cl\/index.php?rest_route=\/wp\/v2\/posts\/11156\/revisions"}],"predecessor-version":[{"id":11158,"href":"https:\/\/www.radiolimari.cl\/index.php?rest_route=\/wp\/v2\/posts\/11156\/revisions\/11158"}],"wp:featuredmedia":[{"embeddable":true,"href":"https:\/\/www.radiolimari.cl\/index.php?rest_route=\/wp\/v2\/media\/11157"}],"wp:attachment":[{"href":"https:\/\/www.radiolimari.cl\/index.php?rest_route=%2Fwp%2Fv2%2Fmedia&parent=11156"}],"wp:term":[{"taxonomy":"category","embeddable":true,"href":"https:\/\/www.radiolimari.cl\/index.php?rest_route=%2Fwp%2Fv2%2Fcategories&post=11156"},{"taxonomy":"post_tag","embeddable":true,"href":"https:\/\/www.radiolimari.cl\/index.php?rest_route=%2Fwp%2Fv2%2Ftags&post=11156"}],"curies":[{"name":"wp","href":"https:\/\/api.w.org\/{rel}","templated":true}]}}