{"id":11153,"date":"2024-03-27T23:34:16","date_gmt":"2024-03-27T23:34:16","guid":{"rendered":"https:\/\/www.radiolimari.cl\/?p=11153"},"modified":"2024-03-27T23:34:17","modified_gmt":"2024-03-27T23:34:17","slug":"agrupacion-de-jovenes-de-villa-el-palqui-monte-patria-participaran-de-encuentro-en-la-region-de-nuble-gracias-a-subvencion-municipal","status":"publish","type":"post","link":"https:\/\/www.radiolimari.cl\/?p=11153","title":{"rendered":"Agrupaci\u00f3n de j\u00f3venes de Villa El Palqui, Monte Patria, participar\u00e1n de encuentro en la regi\u00f3n de \u00d1uble gracias a subvenci\u00f3n municipal."},"content":{"rendered":"\n<figure class=\"wp-block-image size-large\"><a href=\"https:\/\/www.radiolimari.cl\/wp-content\/uploads\/2024\/03\/IMG_5215-scaled.jpg\"><img fetchpriority=\"high\" decoding=\"async\" width=\"1024\" height=\"768\" src=\"https:\/\/www.radiolimari.cl\/wp-content\/uploads\/2024\/03\/IMG_5215-1024x768.jpg\" alt=\"\" class=\"wp-image-11154\" srcset=\"https:\/\/www.radiolimari.cl\/wp-content\/uploads\/2024\/03\/IMG_5215-1024x768.jpg 1024w, https:\/\/www.radiolimari.cl\/wp-content\/uploads\/2024\/03\/IMG_5215-300x225.jpg 300w, https:\/\/www.radiolimari.cl\/wp-content\/uploads\/2024\/03\/IMG_5215-768x576.jpg 768w, https:\/\/www.radiolimari.cl\/wp-content\/uploads\/2024\/03\/IMG_5215-1536x1152.jpg 1536w, https:\/\/www.radiolimari.cl\/wp-content\/uploads\/2024\/03\/IMG_5215-2048x1536.jpg 2048w\" sizes=\"(max-width: 1024px) 100vw, 1024px\" \/><\/a><\/figure>\n\n\n\n<p><strong><em>La agrupaci\u00f3n Conquistadores Shekinah de La Villa El Palqui lograron concretar participar en el Campor\u00ed Nacional, realizado en la ciudad de Chill\u00e1n.<\/em><\/strong><\/p>\n\n\n\n<p>Entretenidos desaf\u00edos y valiosos aprendizajes a nivel espiritual fueron algunas de las vivencias del club de j\u00f3venes Conquistadores Shekinah de la Iglesia Adventista del S\u00e9ptimo D\u00eda de la La Villa El Palqui en el Campor\u00ed Nacional realizado durante el mes de febrero en la ciudad de Chill\u00e1n. Y es que este grupo de j\u00f3venes se adjudicaron una subvenci\u00f3n municipal extraordinaria de $800.000 para costear algunos gastos de su viaje a la regi\u00f3n de \u00d1uble, permiti\u00e9ndoles garantizar la participaci\u00f3n en esta importante celebraci\u00f3n.<\/p>\n\n\n\n<p>Para el Pastor Jos\u00e9 Pradines, el Campor\u00ed Nacional es un importante encuentro que re\u00fane a j\u00f3venes conquistadores desde Arica a Punta Arenas para compartir en sana convivencia y conocer otras realidades <strong>\u201clos ni\u00f1os van para compartir tanto con otros conquistadores, con 6 mil conquistadores de todo el pa\u00ed<\/strong><strong>s, as\u00ed que se conocen, cantan y comparten todos juntos en estas actividades y eso es muy motivador para ellos seguir participando. Siempre ese un desaf\u00edo ir a un lugar lejano, porque hay un costo asociado, los ni\u00f1os hab\u00edan pagado la inscripci\u00f3n para cubrir gastos de alimentaci\u00f3n y nos faltaba un poquito para pagar la cuota del bus y nos recomendaron vayan al municipio, ac<\/strong><strong>\u00e9rquense a ellos, porque pueden ayudarlos e hicimos las gestiones y, Dios mediante, fue posible concretarlo\u201d.<\/strong><\/p>\n\n\n\n<p>La actividad, que congreg\u00f3 a m\u00e1s de 6 mil conquistadores de todo el pa\u00eds, fue un momento de especial conexi\u00f3n de este grupo de j\u00f3venes oriundos de la comuna de los valles generosos con otros grupos de Chile que se divirtieron en distintos desaf\u00edos y deportes al aire libre <strong>\u201c<\/strong><strong>Para m\u00ed fue un sue\u00f1o estar en el Campor\u00ed Nacional porque era algo muy esperado. Lo pasamos muy bien y fue muy emocionante, porque todos estamos en la misma sinton\u00eda; todos venimos a adorar a Dios, a pasarla bien, a disfrutar de las actividades y ser felices. Estamos todo el a\u00f1o practicando para los Campor\u00ed por ejemplo, realizamos nudos, en el club conquistadores aprendemos cosas de supervivencia y as\u00ed nos eval\u00faan y aprendemos De Dios y muchas cosas\u201d<\/strong>, se\u00f1al\u00f3 Mar\u00eda Paz Araya.<\/p>\n\n\n\n<p><strong>Un espacio seguro para j\u00f3venes<\/strong><\/p>\n\n\n\n<p>El club de conquistadores Shekinah de la Iglesia Adventista de &nbsp;&nbsp;&nbsp;&nbsp;&nbsp;&nbsp;&nbsp;&nbsp;&nbsp;&nbsp; La Villa&nbsp; El Palqui, es un lugar donde los y las j\u00f3venes aprenden valores tanto de la vida espiritual como del diario vivir. En ese sentido, los padres trabajaron arduamente para reunir recursos, realizando diversas actividades comunitarias. Alejandra Hern\u00e1ndez, madre de una joven que asiste al club conquistadores Shekinah, indic\u00f3 \u00ab<strong>Conquistadores es un ambiente protegido, en medio de todos los problemas sociales, que tengan este espacio para aprender otras cosas y ver que pueden ser j\u00f3venes en un ambiente tranquilo Un club que es tan peque\u00f1ito le cuesta reunir los fondos para este tipo de actividades, as\u00ed que unas felicitaciones no solo a los ni\u00f1os y apoderados que nos involucramos en esto y quienes est\u00e1n dirigiendo esto de forma valorable, sino tambi<\/strong><strong>\u00e9n al municipio en forma especial, porque Conquistadores no es una agrupaci\u00f3n conocida y que el municipio haya puesto los ojos y la confianza y que hoy tenga la oportunidad de ver c\u00f3mo se usaron los recursos yo creo que genera confianza para el futuro para poder trabajar m\u00e1s\u201d.<\/strong><\/p>\n\n\n\n<p>En tanto, desde el municipio, el alcalde Cristian Herrera Pe\u00f1a indic\u00f3 sentirse muy contento por los logros de las comunidades juveniles del territorio<strong> \u201cfeliz de haber compartido y habernos podido percatar ah\u00ed con los videos de las vivencias que tuvieron los ni\u00f1os, ni\u00f1as y j\u00f3venes del grupo Conquistadores Shekinah de La Villa El Palqui con sta subvenci\u00f3n. Que le permiti\u00f3 apoyar en algo de los recursos para que ellos pudieran participar representando a nuestra comuna en el Campor\u00ed Nacional, por lo que pudimos apreciar, fue una experiencia muy enriquecedora en todos los aspectos espirituales, de vida y de compa\u00f1erismo, eso es lo que buscamos como municipio, poder entregar los aportes a trav\u00e9s de subvenciones municipales extraordinarias\u201d.<\/strong><\/p>\n\n\n\n<p>Si bien queda a\u00fan tiempo para el encuentro de los Conquistadores a nivel latinoamericano, este grupo de j\u00f3venes ya est\u00e1 empezando a trabajar con el fin de participar de este encuentro deportivo y espiritual.<\/p>\n","protected":false},"excerpt":{"rendered":"<p>La agrupaci\u00f3n Conquistadores Shekinah de La Villa El Palqui lograron concretar participar en el Campor\u00ed Nacional, realizado en la ciudad de Chill\u00e1n. Entretenidos desaf\u00edos y valiosos aprendizajes a nivel espiritual fueron algunas de las vivencias del club de j\u00f3venes Conquistadores Shekinah de la Iglesia Adventista del S\u00e9ptimo D\u00eda de la La Villa El Palqui en &#8230;<\/p>\n","protected":false},"author":2,"featured_media":11154,"comment_status":"open","ping_status":"open","sticky":false,"template":"","format":"standard","meta":{"footnotes":""},"categories":[5],"tags":[],"class_list":["post-11153","post","type-post","status-publish","format-standard","has-post-thumbnail","hentry","category-actualidad-limarina"],"_links":{"self":[{"href":"https:\/\/www.radiolimari.cl\/index.php?rest_route=\/wp\/v2\/posts\/11153","targetHints":{"allow":["GET"]}}],"collection":[{"href":"https:\/\/www.radiolimari.cl\/index.php?rest_route=\/wp\/v2\/posts"}],"about":[{"href":"https:\/\/www.radiolimari.cl\/index.php?rest_route=\/wp\/v2\/types\/post"}],"author":[{"embeddable":true,"href":"https:\/\/www.radiolimari.cl\/index.php?rest_route=\/wp\/v2\/users\/2"}],"replies":[{"embeddable":true,"href":"https:\/\/www.radiolimari.cl\/index.php?rest_route=%2Fwp%2Fv2%2Fcomments&post=11153"}],"version-history":[{"count":1,"href":"https:\/\/www.radiolimari.cl\/index.php?rest_route=\/wp\/v2\/posts\/11153\/revisions"}],"predecessor-version":[{"id":11155,"href":"https:\/\/www.radiolimari.cl\/index.php?rest_route=\/wp\/v2\/posts\/11153\/revisions\/11155"}],"wp:featuredmedia":[{"embeddable":true,"href":"https:\/\/www.radiolimari.cl\/index.php?rest_route=\/wp\/v2\/media\/11154"}],"wp:attachment":[{"href":"https:\/\/www.radiolimari.cl\/index.php?rest_route=%2Fwp%2Fv2%2Fmedia&parent=11153"}],"wp:term":[{"taxonomy":"category","embeddable":true,"href":"https:\/\/www.radiolimari.cl\/index.php?rest_route=%2Fwp%2Fv2%2Fcategories&post=11153"},{"taxonomy":"post_tag","embeddable":true,"href":"https:\/\/www.radiolimari.cl\/index.php?rest_route=%2Fwp%2Fv2%2Ftags&post=11153"}],"curies":[{"name":"wp","href":"https:\/\/api.w.org\/{rel}","templated":true}]}}