{"id":11121,"date":"2024-03-25T16:23:24","date_gmt":"2024-03-25T16:23:24","guid":{"rendered":"https:\/\/www.radiolimari.cl\/?p=11121"},"modified":"2024-03-25T16:24:10","modified_gmt":"2024-03-25T16:24:10","slug":"industriales-piden-al-gobierno-no-apurar-innecesariamente-el-tramite-de-la-nueva-ley-de-pesca","status":"publish","type":"post","link":"https:\/\/www.radiolimari.cl\/?p=11121","title":{"rendered":"Industriales piden al gobierno no apurar innecesariamente el tr\u00e1mite de la nueva Ley de Pesca."},"content":{"rendered":"\n<figure class=\"wp-block-image size-large\"><a href=\"https:\/\/www.radiolimari.cl\/wp-content\/uploads\/2024\/03\/Osciel-Velasquez-2_1542x1028.jpg\"><img fetchpriority=\"high\" decoding=\"async\" width=\"1024\" height=\"683\" src=\"https:\/\/www.radiolimari.cl\/wp-content\/uploads\/2024\/03\/Osciel-Velasquez-2_1542x1028-1024x683.jpg\" alt=\"\" class=\"wp-image-11122\" srcset=\"https:\/\/www.radiolimari.cl\/wp-content\/uploads\/2024\/03\/Osciel-Velasquez-2_1542x1028-1024x683.jpg 1024w, https:\/\/www.radiolimari.cl\/wp-content\/uploads\/2024\/03\/Osciel-Velasquez-2_1542x1028-300x200.jpg 300w, https:\/\/www.radiolimari.cl\/wp-content\/uploads\/2024\/03\/Osciel-Velasquez-2_1542x1028-768x512.jpg 768w, https:\/\/www.radiolimari.cl\/wp-content\/uploads\/2024\/03\/Osciel-Velasquez-2_1542x1028-1536x1024.jpg 1536w, https:\/\/www.radiolimari.cl\/wp-content\/uploads\/2024\/03\/Osciel-Velasquez-2_1542x1028.jpg 1542w\" sizes=\"(max-width: 1024px) 100vw, 1024px\" \/><\/a><\/figure>\n\n\n\n<p><strong>Proyecto fue votado por la Comisi\u00f3n de Pesca, Acuicultura e Intereses Mar\u00edtimos de la C\u00e1mara de Diputados pese a que no se hallaba en tabla y cuando a\u00fan no se ha concretado el proceso de consultas regionales comprometido. Coquimbo es una de las regiones que no aparece considerada en la agenda de visitas locales.<\/strong><\/p>\n\n\n\n<p>Un llamado al gobierno a privilegiar un trabajo acucioso y no apurar innecesariamente la tramitaci\u00f3n del proyecto para una nueva Ley General de Pesca y Acuicultura formul\u00f3 el dirigente pesquero Osciel Vel\u00e1squez, presidente de la Asociaci\u00f3n de Industriales y Armadores Pesqueros de la Regi\u00f3n de Coquimbo (AIP) y de la Sociedad Nacional de Pesca (Sonapesca).<\/p>\n\n\n\n<p>El personero reaccion\u00f3 de esta manera ante la decisi\u00f3n del gobierno de asignar suma urgencia a la discusi\u00f3n del proyecto, lo que condujo a que la Comisi\u00f3n de Pesca, Acuicultura e Intereses Mar\u00edtimos de la C\u00e1mara de Diputados aprobara en general el proyecto el pasado mi\u00e9rcoles 20 de marzo, pese a que la votaci\u00f3n no se hallaba en tabla y cuando a\u00fan no se ha concretado el proceso de consultas regionales comprometido por la propia comisi\u00f3n.<\/p>\n\n\n\n<p>La propuesta legal, que se encuentra en primer tr\u00e1mite constitucional, contiene 375 art\u00edculos m\u00e1s 28 disposiciones transitorias, introduciendo una serie de cambios para las actividades econ\u00f3micas que se desarrollan en el mar chileno, los que han despertado cr\u00edticas desde los diversos \u00e1mbitos de la pesca y acuicultura.<\/p>\n\n\n\n<p>\u201cEstamos todos de acuerdo en construir una buena ley, pero no esta; pensamos en una ley que sea sustentable, que vaya en apoyo del consumo humano, que nos cuidemos de la pesca ilegal, y en esa construcci\u00f3n queremos participar; hoy d\u00eda hemos estado ausentes y sentimos que no es lo correcto\u201d, afirm\u00f3 Vel\u00e1squez.<\/p>\n\n\n\n<p>Entre otros problemas, el proyecto de ley establece una disminuci\u00f3n de 20 a 10 a\u00f1os en la durabilidad de las licencias de pesca otorgadas a las empresas del sector, limitando el horizonte de inversiones en materiales como barcos pesqueros y plantas de proceso. En el caso de la pesca industrial, se aumenta dr\u00e1sticamente la proporci\u00f3n de asignaciones a trav\u00e9s de subastas p\u00fablicas, beneficiando a las empresas m\u00e1s grandes y perjudicando a las medianas y peque\u00f1as; tambi\u00e9n se rebaja notablemente las cuotas disponibles en varias de las principales pesquer\u00edas, sin un argumento t\u00e9cnico que lo justifique y con el desacuerdo, incluso, de asociaciones de la pesca artesanal del norte.<\/p>\n\n\n\n<p>Pese a la complejidad t\u00e9cnica del tema, en la citada comisi\u00f3n no se ha escuchado a todas las partes involucradas. De hecho, existen audiencias pendientes para que los diputados viajen a las regiones de Maule (22 de marzo), Biob\u00edo (4 de abril), Los Lagos (11 de abril), Ays\u00e9n (18 de abril, fecha sin confirmar), y probablemente, Magallanes. La regi\u00f3n de Coquimbo no ser\u00eda considerada.<\/p>\n\n\n\n<p>\u201cSiento que el gobierno est\u00e1 apurando esto. Si queremos construir algo bueno, tenemos que hacerlo bien. La regi\u00f3n de Coquimbo no ha sido escuchada, se han hecho reuniones y el gobierno no ha venido a juntarse con nosotros, no ha habido una sesi\u00f3n de la comisi\u00f3n, y tengo entendido que a otras regiones tampoco: si fueron a Iquique y Caldera, por qu\u00e9 no ha ido a Coquimbo, Magallanes, Puerto Montt, Talcahuano. El gobierno est\u00e1 hablando de escuchar a los territorios, escuchar a las regiones; creo que esto no est\u00e1 bien\u201d, observ\u00f3 el dirigente.<\/p>\n","protected":false},"excerpt":{"rendered":"<p>Proyecto fue votado por la Comisi\u00f3n de Pesca, Acuicultura e Intereses Mar\u00edtimos de la C\u00e1mara de Diputados pese a que no se hallaba en tabla y cuando a\u00fan no se ha concretado el proceso de consultas regionales comprometido. Coquimbo es una de las regiones que no aparece considerada en la agenda de visitas locales. Un &#8230;<\/p>\n","protected":false},"author":2,"featured_media":11122,"comment_status":"open","ping_status":"open","sticky":false,"template":"","format":"standard","meta":{"footnotes":""},"categories":[3],"tags":[],"class_list":["post-11121","post","type-post","status-publish","format-standard","has-post-thumbnail","hentry","category-actualidad"],"_links":{"self":[{"href":"https:\/\/www.radiolimari.cl\/index.php?rest_route=\/wp\/v2\/posts\/11121","targetHints":{"allow":["GET"]}}],"collection":[{"href":"https:\/\/www.radiolimari.cl\/index.php?rest_route=\/wp\/v2\/posts"}],"about":[{"href":"https:\/\/www.radiolimari.cl\/index.php?rest_route=\/wp\/v2\/types\/post"}],"author":[{"embeddable":true,"href":"https:\/\/www.radiolimari.cl\/index.php?rest_route=\/wp\/v2\/users\/2"}],"replies":[{"embeddable":true,"href":"https:\/\/www.radiolimari.cl\/index.php?rest_route=%2Fwp%2Fv2%2Fcomments&post=11121"}],"version-history":[{"count":2,"href":"https:\/\/www.radiolimari.cl\/index.php?rest_route=\/wp\/v2\/posts\/11121\/revisions"}],"predecessor-version":[{"id":11124,"href":"https:\/\/www.radiolimari.cl\/index.php?rest_route=\/wp\/v2\/posts\/11121\/revisions\/11124"}],"wp:featuredmedia":[{"embeddable":true,"href":"https:\/\/www.radiolimari.cl\/index.php?rest_route=\/wp\/v2\/media\/11122"}],"wp:attachment":[{"href":"https:\/\/www.radiolimari.cl\/index.php?rest_route=%2Fwp%2Fv2%2Fmedia&parent=11121"}],"wp:term":[{"taxonomy":"category","embeddable":true,"href":"https:\/\/www.radiolimari.cl\/index.php?rest_route=%2Fwp%2Fv2%2Fcategories&post=11121"},{"taxonomy":"post_tag","embeddable":true,"href":"https:\/\/www.radiolimari.cl\/index.php?rest_route=%2Fwp%2Fv2%2Ftags&post=11121"}],"curies":[{"name":"wp","href":"https:\/\/api.w.org\/{rel}","templated":true}]}}