{"id":11118,"date":"2024-03-25T15:24:44","date_gmt":"2024-03-25T15:24:44","guid":{"rendered":"https:\/\/www.radiolimari.cl\/?p=11118"},"modified":"2024-03-25T15:24:44","modified_gmt":"2024-03-25T15:24:44","slug":"directivos-y-tecnicos-de-colegios-pueden-postular-a-proyectos-colaborativos-adeco","status":"publish","type":"post","link":"https:\/\/www.radiolimari.cl\/?p=11118","title":{"rendered":"Directivos y t\u00e9cnicos de colegios pueden postular a Proyectos colaborativos ADECO"},"content":{"rendered":"\n<figure class=\"wp-block-image size-large\"><a href=\"https:\/\/www.radiolimari.cl\/wp-content\/uploads\/2024\/03\/1.-Foto-archivo-docentes-CPEIP.jpg\"><img fetchpriority=\"high\" decoding=\"async\" width=\"1024\" height=\"678\" src=\"https:\/\/www.radiolimari.cl\/wp-content\/uploads\/2024\/03\/1.-Foto-archivo-docentes-CPEIP-1024x678.jpg\" alt=\"\" class=\"wp-image-11119\" srcset=\"https:\/\/www.radiolimari.cl\/wp-content\/uploads\/2024\/03\/1.-Foto-archivo-docentes-CPEIP-1024x678.jpg 1024w, https:\/\/www.radiolimari.cl\/wp-content\/uploads\/2024\/03\/1.-Foto-archivo-docentes-CPEIP-300x199.jpg 300w, https:\/\/www.radiolimari.cl\/wp-content\/uploads\/2024\/03\/1.-Foto-archivo-docentes-CPEIP-768x508.jpg 768w, https:\/\/www.radiolimari.cl\/wp-content\/uploads\/2024\/03\/1.-Foto-archivo-docentes-CPEIP.jpg 1280w\" sizes=\"(max-width: 1024px) 100vw, 1024px\" \/><\/a><\/figure>\n\n\n\n<p><strong>Los equipos directivos y t\u00e9cnicos pedag\u00f3gicos pueden potenciar sus pr\u00e1cticas de liderazgo y gesti\u00f3n pedag\u00f3gica al postular a proyectos colaborativos que impulsan el desarrollo profesional docente, en el marco del Plan de Mejoramiento para la Reactivaci\u00f3n Educativa.<\/strong><\/p>\n\n\n\n<p>El Centro de Perfeccionamiento, Experimentaci\u00f3n e Investigaciones Pedag\u00f3gicas (CPEIP) del Ministerio de Educaci\u00f3n invita a equipos directivos y t\u00e9cnicos pedag\u00f3gicos a postular a un proyecto ADECO; que promueva la retroalimentaci\u00f3n pedag\u00f3gica, la colaboraci\u00f3n entre docentes y la innovaci\u00f3n para el fortalecimiento de aquellas pr\u00e1cticas que permitan abordar uno de los desaf\u00edos de su comunidad educativa, en torno al Plan de Reactivaci\u00f3n Educativa.<\/p>\n\n\n\n<p>La participaci\u00f3n de los y las docentes en el proyecto ADECO les brinda la oportunidad de mejorar sus pr\u00e1cticas pedag\u00f3gicas durante el tiempo no lectivo en el contexto laboral donde se desempe\u00f1an. Esta experiencia de trabajo colaborativo y aprendizaje colectivo podr\u00e1 ser presentada en el m\u00f3dulo de trabajo colaborativo del sistema \u00fanico de evaluaci\u00f3n docente.<\/p>\n\n\n\n<p>Los proyectos a los que pueden postular este a\u00f1o tienen como fin promover la retroalimentaci\u00f3n pedag\u00f3gica, el trabajo colaborativo, la innovaci\u00f3n y el trabajo en red en el marco del Plan de Reactivaci\u00f3n Educativa, es decir, el equipo directivo lidera una acci\u00f3n donde acompa\u00f1a a sus docentes e impulsa la colaboraci\u00f3n para el fortalecimiento de pr\u00e1cticas docentes que permitan abordar el principal desaf\u00edo de su comunidad educativa, en torno a algunos de los ejes claves del plan. Al finalizar los proyectos colaborativos ADECO, los equipos reciben un incentivo econ\u00f3mico, que brinda el Ministerio de Educaci\u00f3n, si logran un 75% o m\u00e1s de nivel de cumplimiento.<\/p>\n\n\n\n<p><strong>20 a\u00f1os de ADECO<\/strong><\/p>\n\n\n\n<p>Este 2024 se cumplen 20 a\u00f1os desde la creaci\u00f3n de ADECO, un incentivo que promueve la mejora continua de las pr\u00e1cticas de gesti\u00f3n de los equipos directivos y t\u00e9cnicos pedag\u00f3gicos, para el mejoramiento de los aprendizajes de sus estudiantes y que entrega el Centro de Perfeccionamiento, Experimentaci\u00f3n e Investigaciones Pedag\u00f3gicas (CPEIP) del Ministerio de Educaci\u00f3n.<\/p>\n\n\n\n<p><strong>Qui\u00e9nes pueden postular y Plazo de Postulaci\u00f3n<\/strong><\/p>\n\n\n\n<p>Pueden postular equipos directivos y t\u00e9cnicos pedag\u00f3gicos de establecimientos que reciban financiamiento del Estado y tengan m\u00e1s de 250 estudiantes matriculados al mes de marzo de 2024.<\/p>\n\n\n\n<p>Informaci\u00f3n y postulaci\u00f3n en <a href=\"http:\/\/www.cpeip.cl\/adeco-2024\/\">www.cpeip.cl\/adeco-2024\/<\/a> El plazo de postulaci\u00f3n se extender\u00e1 hasta el 05 de abril de 2024.<\/p>\n","protected":false},"excerpt":{"rendered":"<p>Los equipos directivos y t\u00e9cnicos pedag\u00f3gicos pueden potenciar sus pr\u00e1cticas de liderazgo y gesti\u00f3n pedag\u00f3gica al postular a proyectos colaborativos que impulsan el desarrollo profesional docente, en el marco del Plan de Mejoramiento para la Reactivaci\u00f3n Educativa. El Centro de Perfeccionamiento, Experimentaci\u00f3n e Investigaciones Pedag\u00f3gicas (CPEIP) del Ministerio de Educaci\u00f3n invita a equipos directivos y &#8230;<\/p>\n","protected":false},"author":2,"featured_media":11119,"comment_status":"open","ping_status":"open","sticky":false,"template":"","format":"standard","meta":{"footnotes":""},"categories":[3],"tags":[],"class_list":["post-11118","post","type-post","status-publish","format-standard","has-post-thumbnail","hentry","category-actualidad"],"_links":{"self":[{"href":"https:\/\/www.radiolimari.cl\/index.php?rest_route=\/wp\/v2\/posts\/11118","targetHints":{"allow":["GET"]}}],"collection":[{"href":"https:\/\/www.radiolimari.cl\/index.php?rest_route=\/wp\/v2\/posts"}],"about":[{"href":"https:\/\/www.radiolimari.cl\/index.php?rest_route=\/wp\/v2\/types\/post"}],"author":[{"embeddable":true,"href":"https:\/\/www.radiolimari.cl\/index.php?rest_route=\/wp\/v2\/users\/2"}],"replies":[{"embeddable":true,"href":"https:\/\/www.radiolimari.cl\/index.php?rest_route=%2Fwp%2Fv2%2Fcomments&post=11118"}],"version-history":[{"count":1,"href":"https:\/\/www.radiolimari.cl\/index.php?rest_route=\/wp\/v2\/posts\/11118\/revisions"}],"predecessor-version":[{"id":11120,"href":"https:\/\/www.radiolimari.cl\/index.php?rest_route=\/wp\/v2\/posts\/11118\/revisions\/11120"}],"wp:featuredmedia":[{"embeddable":true,"href":"https:\/\/www.radiolimari.cl\/index.php?rest_route=\/wp\/v2\/media\/11119"}],"wp:attachment":[{"href":"https:\/\/www.radiolimari.cl\/index.php?rest_route=%2Fwp%2Fv2%2Fmedia&parent=11118"}],"wp:term":[{"taxonomy":"category","embeddable":true,"href":"https:\/\/www.radiolimari.cl\/index.php?rest_route=%2Fwp%2Fv2%2Fcategories&post=11118"},{"taxonomy":"post_tag","embeddable":true,"href":"https:\/\/www.radiolimari.cl\/index.php?rest_route=%2Fwp%2Fv2%2Ftags&post=11118"}],"curies":[{"name":"wp","href":"https:\/\/api.w.org\/{rel}","templated":true}]}}