{"id":11112,"date":"2024-03-25T14:34:27","date_gmt":"2024-03-25T14:34:27","guid":{"rendered":"https:\/\/www.radiolimari.cl\/?p=11112"},"modified":"2024-03-25T14:34:27","modified_gmt":"2024-03-25T14:34:27","slug":"semana-santa-viaja-con-seguridad-recomendaciones-para-un-fin-de-semana-largo-sin-incidentes","status":"publish","type":"post","link":"https:\/\/www.radiolimari.cl\/?p=11112","title":{"rendered":"Semana Santa: Viaja con seguridad, recomendaciones para un fin de semana largo sin incidentes"},"content":{"rendered":"\n<figure class=\"wp-block-image size-large\"><a href=\"https:\/\/www.radiolimari.cl\/wp-content\/uploads\/2024\/03\/Seguridad-Vial-Mutual.jpg\"><img fetchpriority=\"high\" decoding=\"async\" width=\"1024\" height=\"683\" src=\"https:\/\/www.radiolimari.cl\/wp-content\/uploads\/2024\/03\/Seguridad-Vial-Mutual-1024x683.jpg\" alt=\"\" class=\"wp-image-11113\" srcset=\"https:\/\/www.radiolimari.cl\/wp-content\/uploads\/2024\/03\/Seguridad-Vial-Mutual-1024x683.jpg 1024w, https:\/\/www.radiolimari.cl\/wp-content\/uploads\/2024\/03\/Seguridad-Vial-Mutual-300x200.jpg 300w, https:\/\/www.radiolimari.cl\/wp-content\/uploads\/2024\/03\/Seguridad-Vial-Mutual-768x512.jpg 768w, https:\/\/www.radiolimari.cl\/wp-content\/uploads\/2024\/03\/Seguridad-Vial-Mutual.jpg 1125w\" sizes=\"(max-width: 1024px) 100vw, 1024px\" \/><\/a><\/figure>\n\n\n\n<p>Se acerca la llegada del primer fin de semana largo del a\u00f1o y tambi\u00e9n uno de los periodos m\u00e1s transitados en las carreteras del pa\u00eds: Semana Santa. Miles de veh\u00edculos se desplazan desde las principales ciudades rumbo a diferentes destinos, generando un alto flujo vehicular, y en consecuencia, un aumento en el riesgo de siniestros viales.<\/p>\n\n\n\n<p>Seg\u00fan reportes de Carabineros, el a\u00f1o pasado durante estas mismas fechas, se registraron 610 siniestros y hubo 14 personas fallecidas en accidentes de tr\u00e1nsito. Ante este escenario,<strong> Luis Stuven, gerente de Seguridad Vial en Mutual de Seguridad, hace un llamado a tomar todas las medidas de seguridad correspondientes<\/strong> y entrega ocho recomendaciones para viajar este fin de semana largo:<\/p>\n\n\n\n<p><strong>Antes de partir<\/strong><\/p>\n\n\n\n<ul class=\"wp-block-list\">\n<li>Planifica el viaje con tiempo y realiza descansos cada dos horas o 200 km de conducci\u00f3n.<\/li>\n\n\n\n<li>No olvides chequear que tu veh\u00edculo se encuentre en condiciones \u00f3ptimas para su buen funcionamiento.<\/li>\n\n\n\n<li>Es recomendable llevar el equipaje en el maletero del veh\u00edculo y no suelto dentro de la cabina.<\/li>\n\n\n\n<li>Si viajas con mascota, es importante que estas se trasladen con un arn\u00e9s especial anclado en los asientos traseros o en el pick up.<\/li>\n<\/ul>\n\n\n\n<p><br><strong>Durante la conducci\u00f3n<\/strong><\/p>\n\n\n\n<ul class=\"wp-block-list\">\n<li>No consumas alcohol, drogas o medicamentos que causen somnolencia, antes o durante la conducci\u00f3n.<\/li>\n\n\n\n<li>Elimina los distractores como fumar, comer o usar dispositivos digitales, ya que pueden causar un accidente.<\/li>\n\n\n\n<li>Conduce a las velocidades permitidas, siempre a la defensiva y respetando las demarcaciones viales.<\/li>\n\n\n\n<li>No transites por bermas en carreteras cuando exista congesti\u00f3n vehicular, puedes provocar un accidente.<\/li>\n<\/ul>\n\n\n\n<p><a><\/a>Para m\u00e1s recomendaciones, cursos, infograf\u00edas, videos y material sobre seguridad vial, puedes informarte en el portal web <strong>www.mutual.cl.<\/strong><\/p>\n","protected":false},"excerpt":{"rendered":"<p>Se acerca la llegada del primer fin de semana largo del a\u00f1o y tambi\u00e9n uno de los periodos m\u00e1s transitados en las carreteras del pa\u00eds: Semana Santa. Miles de veh\u00edculos se desplazan desde las principales ciudades rumbo a diferentes destinos, generando un alto flujo vehicular, y en consecuencia, un aumento en el riesgo de siniestros &#8230;<\/p>\n","protected":false},"author":2,"featured_media":11113,"comment_status":"open","ping_status":"open","sticky":false,"template":"","format":"standard","meta":{"footnotes":""},"categories":[3],"tags":[],"class_list":["post-11112","post","type-post","status-publish","format-standard","has-post-thumbnail","hentry","category-actualidad"],"_links":{"self":[{"href":"https:\/\/www.radiolimari.cl\/index.php?rest_route=\/wp\/v2\/posts\/11112","targetHints":{"allow":["GET"]}}],"collection":[{"href":"https:\/\/www.radiolimari.cl\/index.php?rest_route=\/wp\/v2\/posts"}],"about":[{"href":"https:\/\/www.radiolimari.cl\/index.php?rest_route=\/wp\/v2\/types\/post"}],"author":[{"embeddable":true,"href":"https:\/\/www.radiolimari.cl\/index.php?rest_route=\/wp\/v2\/users\/2"}],"replies":[{"embeddable":true,"href":"https:\/\/www.radiolimari.cl\/index.php?rest_route=%2Fwp%2Fv2%2Fcomments&post=11112"}],"version-history":[{"count":1,"href":"https:\/\/www.radiolimari.cl\/index.php?rest_route=\/wp\/v2\/posts\/11112\/revisions"}],"predecessor-version":[{"id":11114,"href":"https:\/\/www.radiolimari.cl\/index.php?rest_route=\/wp\/v2\/posts\/11112\/revisions\/11114"}],"wp:featuredmedia":[{"embeddable":true,"href":"https:\/\/www.radiolimari.cl\/index.php?rest_route=\/wp\/v2\/media\/11113"}],"wp:attachment":[{"href":"https:\/\/www.radiolimari.cl\/index.php?rest_route=%2Fwp%2Fv2%2Fmedia&parent=11112"}],"wp:term":[{"taxonomy":"category","embeddable":true,"href":"https:\/\/www.radiolimari.cl\/index.php?rest_route=%2Fwp%2Fv2%2Fcategories&post=11112"},{"taxonomy":"post_tag","embeddable":true,"href":"https:\/\/www.radiolimari.cl\/index.php?rest_route=%2Fwp%2Fv2%2Ftags&post=11112"}],"curies":[{"name":"wp","href":"https:\/\/api.w.org\/{rel}","templated":true}]}}