{"id":11103,"date":"2024-03-25T13:05:19","date_gmt":"2024-03-25T13:05:19","guid":{"rendered":"https:\/\/www.radiolimari.cl\/?p=11103"},"modified":"2024-03-25T13:05:21","modified_gmt":"2024-03-25T13:05:21","slug":"productores-de-uva-pisquera-de-la-provincia-de-elqui-reciben-credito-de-indap-que-les-permitira-reforzar-sus-labores","status":"publish","type":"post","link":"https:\/\/www.radiolimari.cl\/?p=11103","title":{"rendered":"Productores de uva pisquera de la provincia de Elqui reciben cr\u00e9dito de INDAP que les permitir\u00e1 reforzar sus labores."},"content":{"rendered":"\n<figure class=\"wp-block-image size-large\"><a href=\"https:\/\/www.radiolimari.cl\/wp-content\/uploads\/2024\/03\/Un-potente-apoyo-concreto-INDAP-con-cuatro-usuariosas-de-la-provincia-de-Elqui-dedicados-a-la-produccion-de-uva-pisquera-01.jpg\"><img fetchpriority=\"high\" decoding=\"async\" width=\"1024\" height=\"857\" src=\"https:\/\/www.radiolimari.cl\/wp-content\/uploads\/2024\/03\/Un-potente-apoyo-concreto-INDAP-con-cuatro-usuariosas-de-la-provincia-de-Elqui-dedicados-a-la-produccion-de-uva-pisquera-01-1024x857.jpg\" alt=\"\" class=\"wp-image-11104\" srcset=\"https:\/\/www.radiolimari.cl\/wp-content\/uploads\/2024\/03\/Un-potente-apoyo-concreto-INDAP-con-cuatro-usuariosas-de-la-provincia-de-Elqui-dedicados-a-la-produccion-de-uva-pisquera-01-1024x857.jpg 1024w, https:\/\/www.radiolimari.cl\/wp-content\/uploads\/2024\/03\/Un-potente-apoyo-concreto-INDAP-con-cuatro-usuariosas-de-la-provincia-de-Elqui-dedicados-a-la-produccion-de-uva-pisquera-01-300x251.jpg 300w, https:\/\/www.radiolimari.cl\/wp-content\/uploads\/2024\/03\/Un-potente-apoyo-concreto-INDAP-con-cuatro-usuariosas-de-la-provincia-de-Elqui-dedicados-a-la-produccion-de-uva-pisquera-01-768x643.jpg 768w, https:\/\/www.radiolimari.cl\/wp-content\/uploads\/2024\/03\/Un-potente-apoyo-concreto-INDAP-con-cuatro-usuariosas-de-la-provincia-de-Elqui-dedicados-a-la-produccion-de-uva-pisquera-01-1536x1285.jpg 1536w, https:\/\/www.radiolimari.cl\/wp-content\/uploads\/2024\/03\/Un-potente-apoyo-concreto-INDAP-con-cuatro-usuariosas-de-la-provincia-de-Elqui-dedicados-a-la-produccion-de-uva-pisquera-01.jpg 1600w\" sizes=\"(max-width: 1024px) 100vw, 1024px\" \/><\/a><\/figure>\n\n\n\n<p><em>Los montos variaron entre el $1 mill\u00f3n y los $1,5 millones, y ser\u00e1n destinados al pago de mano de obra o a la cosecha.<\/em><\/p>\n\n\n\n<p>Entre los diversos mecanismos que tiene el Instituto de Desarrollo Agropecuario (INDAP) para el fomento productivo est\u00e1 el cr\u00e9dito de corto plazo, destinado a financiar parcialmente el capital de trabajo requerido para llevar a cabo actividades econ\u00f3micas de la Agricultura Familiar Campesina e Ind\u00edgena.<\/p>\n\n\n\n<p>Fue as\u00ed que mediante una ceremonia el servicio dependiente del Ministerio de Agricultura hizo entrega de dicha herramienta a tres usuarios y una usuaria de la provincia de Elqui, quienes, adem\u00e1s, son cooperados de la Cooperativa Agr\u00edcola Pisquera Elqui Ltda. (CAPEL). Los montos recibidos variaron entre el $1 mill\u00f3n y los $1,5 millones, y ser\u00e1n destinados al pago de mano de obra o a la cosecha de uva pisquera.<\/p>\n\n\n\n<p>Uno de los beneficiados fue Luis Pizarro, del sector de Horc\u00f3n de la comuna de Paihuano, quien sostuvo que este apoyo de INDAP \u201ces extraordinario, ya que sin INDAP creo que los peque\u00f1os agricultores no tendr\u00edamos vida, y lo digo con mucha fuerza. Tenemos asistencia t\u00e9cnica y cr\u00e9ditos, todo sin burocracia\u201d. Adem\u00e1s, indic\u00f3 que \u201cla cooperativa CAPEL es nuestro patrimonio; nosotros nos preocupamos de producir la uva y CAPEL se dedica a la comercializaci\u00f3n, y eso es muy positivo\u201d.<\/p>\n\n\n\n<p>Por su parte, el Gerente de Administraci\u00f3n y Finanzas de CAPEL, Roberto Galleguillos, expres\u00f3 que esta acci\u00f3n que concret\u00f3 INDAP \u201ces muy importante, dado que estamos con una situaci\u00f3n h\u00eddrica bastante compleja, por lo que estos cr\u00e9ditos blandos de INDAP van en ayuda de los cooperados, para que puedan financiar sus labores\u201d.<\/p>\n\n\n\n<p>El Director Regional de INDAP, V\u00edctor Illanes, indic\u00f3 que desde el servicio del agro \u201cestamos constantemente dirigiendo esfuerzos para que el Mundo Rural vaya avanzando productivamente, y en tal contexto la colocaci\u00f3n de cr\u00e9ditos es un factor importante. En esta ocasi\u00f3n, a trav\u00e9s del cr\u00e9dito de corto plazo, cuatro de nuestros usuarios del rubro de uva pisquera tendr\u00e1n capital de trabajo para el desarrollo \u00f3ptimo de sus labores. Desde el Gobierno del Presidente Gabriel Boric sabemos que actualmente la Agricultura Familiar Campesina e Ind\u00edgena vive un momento complejo, y por eso estamos desplegados en todo el territorio impulsando esta y un sinn\u00famero de otras acciones\u201d.<\/p>\n\n\n\n<p>Cabe indicar que el mencionado cr\u00e9dito de INDAP posee un plazo m\u00e1ximo de pago de 359 d\u00edas, que puede ser reajustable o no reajustable, y su modalidad puede ser establecida en una sola cuota anual o en cuotas mensuales, semestrales u otras, de acuerdo con los flujos de ingresos del productor o productora.<\/p>\n\n\n\n<p>Junto a lo anterior, en esta ocasi\u00f3n todos los cr\u00e9ditos de corto plazo otorgados por INDAP vienen asociados a un seguro agr\u00edcola.<\/p>\n\n\n\n<p>Al respecto, el Seremi de Agricultura, Christian \u00c1lvarez, enfatiz\u00f3 que este financiamiento de INDAP \u00abque concretamos en beneficio de cuatro de sus usuarios que, a su vez, son cooperados de Capel, sin duda va en la senda correcta y es lo que el Ministro de Agricultura, Esteban Valenzuela, nos ha requerido con fuerza, especialmente porque se ajusta a los requerimientos emergentes de la Agricultura Familiar Campesina e Ind\u00edgena, que en este caso estuvo enfocado en que dispongan de capital de trabajo que les permita seguir fortaleciendo sus producciones de uva pisquera\u201d.<\/p>\n\n\n\n<p>En tanto, el Alcalde protocolar de Vicu\u00f1a, Kether G\u00f3mez, se\u00f1al\u00f3 que dichos cr\u00e9ditos son relevantes para el desarrollo de la agricultura local: \u201cEstamos muy contentos con este apoyo de INDAP, que viene a ayudar con capital de trabajo. INDAP siempre ha estado presente con nuestros agricultores, ya que en otras ocasiones se ha entregado fardos de pasto para los crianceros. Todos los apoyos son fundamentales en estos tiempos de crisis\u201d.<\/p>\n\n\n\n<p>La actividad de entrega de cheques se realiz\u00f3 en dependencias de la planta Capel de Vicu\u00f1a, en el marco de la visita a dicho lugar de la comitiva del Cr\u00e9dito Agr\u00edcola de Habilitaci\u00f3n (CAH) de Paraguay, la cual ha estado por unos d\u00edas en la regi\u00f3n de Coquimbo en terreno con usuarios y usuarias de INDAP, as\u00ed como tambi\u00e9n sosteniendo reuniones con funcionarios y funcionarias de la instituci\u00f3n.<\/p>\n","protected":false},"excerpt":{"rendered":"<p>Los montos variaron entre el $1 mill\u00f3n y los $1,5 millones, y ser\u00e1n destinados al pago de mano de obra o a la cosecha. Entre los diversos mecanismos que tiene el Instituto de Desarrollo Agropecuario (INDAP) para el fomento productivo est\u00e1 el cr\u00e9dito de corto plazo, destinado a financiar parcialmente el capital de trabajo requerido &#8230;<\/p>\n","protected":false},"author":2,"featured_media":11104,"comment_status":"open","ping_status":"open","sticky":false,"template":"","format":"standard","meta":{"footnotes":""},"categories":[6],"tags":[],"class_list":["post-11103","post","type-post","status-publish","format-standard","has-post-thumbnail","hentry","category-regionales"],"_links":{"self":[{"href":"https:\/\/www.radiolimari.cl\/index.php?rest_route=\/wp\/v2\/posts\/11103","targetHints":{"allow":["GET"]}}],"collection":[{"href":"https:\/\/www.radiolimari.cl\/index.php?rest_route=\/wp\/v2\/posts"}],"about":[{"href":"https:\/\/www.radiolimari.cl\/index.php?rest_route=\/wp\/v2\/types\/post"}],"author":[{"embeddable":true,"href":"https:\/\/www.radiolimari.cl\/index.php?rest_route=\/wp\/v2\/users\/2"}],"replies":[{"embeddable":true,"href":"https:\/\/www.radiolimari.cl\/index.php?rest_route=%2Fwp%2Fv2%2Fcomments&post=11103"}],"version-history":[{"count":1,"href":"https:\/\/www.radiolimari.cl\/index.php?rest_route=\/wp\/v2\/posts\/11103\/revisions"}],"predecessor-version":[{"id":11105,"href":"https:\/\/www.radiolimari.cl\/index.php?rest_route=\/wp\/v2\/posts\/11103\/revisions\/11105"}],"wp:featuredmedia":[{"embeddable":true,"href":"https:\/\/www.radiolimari.cl\/index.php?rest_route=\/wp\/v2\/media\/11104"}],"wp:attachment":[{"href":"https:\/\/www.radiolimari.cl\/index.php?rest_route=%2Fwp%2Fv2%2Fmedia&parent=11103"}],"wp:term":[{"taxonomy":"category","embeddable":true,"href":"https:\/\/www.radiolimari.cl\/index.php?rest_route=%2Fwp%2Fv2%2Fcategories&post=11103"},{"taxonomy":"post_tag","embeddable":true,"href":"https:\/\/www.radiolimari.cl\/index.php?rest_route=%2Fwp%2Fv2%2Ftags&post=11103"}],"curies":[{"name":"wp","href":"https:\/\/api.w.org\/{rel}","templated":true}]}}