{"id":11100,"date":"2024-03-23T15:45:49","date_gmt":"2024-03-23T15:45:49","guid":{"rendered":"https:\/\/www.radiolimari.cl\/?p=11100"},"modified":"2024-03-23T15:45:50","modified_gmt":"2024-03-23T15:45:50","slug":"primeras-dosis-de-anticuerpo-para-inmunizar-contra-el-virus-respiratorio-sincicial-ya-estan-en-la-region-de-coquimbo","status":"publish","type":"post","link":"https:\/\/www.radiolimari.cl\/?p=11100","title":{"rendered":"Primeras dosis de anticuerpo para inmunizar contra el Virus Respiratorio Sincicial ya est\u00e1n en la regi\u00f3n de Coquimbo."},"content":{"rendered":"\n<figure class=\"wp-block-image size-large\"><a href=\"https:\/\/www.radiolimari.cl\/wp-content\/uploads\/2024\/03\/WhatsApp-Image-2024-03-22-at-16.03.43.jpeg\"><img fetchpriority=\"high\" decoding=\"async\" width=\"1024\" height=\"768\" src=\"https:\/\/www.radiolimari.cl\/wp-content\/uploads\/2024\/03\/WhatsApp-Image-2024-03-22-at-16.03.43-1024x768.jpeg\" alt=\"\" class=\"wp-image-11101\" srcset=\"https:\/\/www.radiolimari.cl\/wp-content\/uploads\/2024\/03\/WhatsApp-Image-2024-03-22-at-16.03.43-1024x768.jpeg 1024w, https:\/\/www.radiolimari.cl\/wp-content\/uploads\/2024\/03\/WhatsApp-Image-2024-03-22-at-16.03.43-300x225.jpeg 300w, https:\/\/www.radiolimari.cl\/wp-content\/uploads\/2024\/03\/WhatsApp-Image-2024-03-22-at-16.03.43-768x576.jpeg 768w, https:\/\/www.radiolimari.cl\/wp-content\/uploads\/2024\/03\/WhatsApp-Image-2024-03-22-at-16.03.43.jpeg 1280w\" sizes=\"(max-width: 1024px) 100vw, 1024px\" \/><\/a><\/figure>\n\n\n\n<p><em>La estrategia se implementar\u00e1 en el caso de los reci\u00e9n nacidos en los servicios de maternidad de los hospitales p\u00fablicos y privados.&nbsp;<\/em><\/p>\n\n\n\n<p>Llegaron a la regi\u00f3n de Coquimbo, las primeras dosis del anticuerpo Nirsevimab indicado para la prevenci\u00f3n de la infecci\u00f3n por el Virus Respiratorio Sincicial (VRS) y que beneficiar\u00e1 a los lactantes y reci\u00e9n nacidos hasta los 6 meses de edad.<\/p>\n\n\n\n<p>La estrategia que se enmarca en la Campa\u00f1a de invierno 2024, y tiene como meta inmunizar al 80% de los ni\u00f1os y ni\u00f1as que habitan la regi\u00f3n.<\/p>\n\n\n\n<p>Sobre esta buena noticia, la Seremi de Salud de la regi\u00f3n, la Dra. Paola Salas explic\u00f3 \u201cLo que hace este anticuerpo es una protecci\u00f3n de inmunizaci\u00f3n que es necesaria contra el Virus Respiratorio Sincicial, que ustedes recordar\u00e1n que el a\u00f1o pasado nos tuvo como pa\u00eds muy complicados\u201d.<\/p>\n\n\n\n<p>Chile es el primer pa\u00eds de Latinoam\u00e9rica en adquirir este producto, el cual entregar\u00e1 protecci\u00f3n contra el VRS, principal causa de hospitalizaciones por virus respiratorios en lactantes y reci\u00e9n nacidos.<\/p>\n\n\n\n<p>En la regi\u00f3n de Coquimbo, se recibieron 4625 dosis para su distribuci\u00f3n en toda la red asistencial. \u201cEstamos con mucha confianza en que los equipos de salud har\u00e1n el m\u00e1ximo esfuerzo por buscar a cada uno de los reci\u00e9n nacidos desde el 01 de octubre a la fecha, especialmente a los prematuros porque la mayor tasa de mortalidad y hospitalizaci\u00f3n, por el Virus Respiratorio Sincicial se da en los menores de 6 meses\u201d explic\u00f3.<\/p>\n\n\n\n<p>La estrategia de inmunizaci\u00f3n se implementar\u00e1 en el caso de los reci\u00e9n nacidos en los servicios de maternidad de los hospitales p\u00fablicos y Cl\u00ednica Regional Elqui. Los lactantes menores se inmunizar\u00e1n en servicios de neonatolog\u00edas y toda la red de vacunatorios p\u00fablicos y privados en convenio con la SEREMI de Salud.<\/p>\n\n\n\n<p><strong>El virus respiratorio sincicial (VRS):<\/strong><\/p>\n\n\n\n<p>Es reconocido como una de las causas m\u00e1s comunes de enfermedades infantiles y es la causa m\u00e1s com\u00fan de hospitalizaci\u00f3n en los lactantes. Este virus causa brotes anuales de enfermedades respiratorias en todos los grupos de edad.<\/p>\n\n\n\n<p>Las personas con infecci\u00f3n por el Virus sincicial suelen presentar s\u00edntomas dentro de los 4 a 6 d\u00edas despu\u00e9s de haberse infectado. Los s\u00edntomas de la infecci\u00f3n generalmente incluyen: coriza, disminuci\u00f3n del apetito, tos, estornudos, fiebre, sibilancias.<\/p>\n","protected":false},"excerpt":{"rendered":"<p>La estrategia se implementar\u00e1 en el caso de los reci\u00e9n nacidos en los servicios de maternidad de los hospitales p\u00fablicos y privados.&nbsp; Llegaron a la regi\u00f3n de Coquimbo, las primeras dosis del anticuerpo Nirsevimab indicado para la prevenci\u00f3n de la infecci\u00f3n por el Virus Respiratorio Sincicial (VRS) y que beneficiar\u00e1 a los lactantes y reci\u00e9n &#8230;<\/p>\n","protected":false},"author":2,"featured_media":11101,"comment_status":"open","ping_status":"open","sticky":false,"template":"","format":"standard","meta":{"footnotes":""},"categories":[6],"tags":[],"class_list":["post-11100","post","type-post","status-publish","format-standard","has-post-thumbnail","hentry","category-regionales"],"_links":{"self":[{"href":"https:\/\/www.radiolimari.cl\/index.php?rest_route=\/wp\/v2\/posts\/11100","targetHints":{"allow":["GET"]}}],"collection":[{"href":"https:\/\/www.radiolimari.cl\/index.php?rest_route=\/wp\/v2\/posts"}],"about":[{"href":"https:\/\/www.radiolimari.cl\/index.php?rest_route=\/wp\/v2\/types\/post"}],"author":[{"embeddable":true,"href":"https:\/\/www.radiolimari.cl\/index.php?rest_route=\/wp\/v2\/users\/2"}],"replies":[{"embeddable":true,"href":"https:\/\/www.radiolimari.cl\/index.php?rest_route=%2Fwp%2Fv2%2Fcomments&post=11100"}],"version-history":[{"count":1,"href":"https:\/\/www.radiolimari.cl\/index.php?rest_route=\/wp\/v2\/posts\/11100\/revisions"}],"predecessor-version":[{"id":11102,"href":"https:\/\/www.radiolimari.cl\/index.php?rest_route=\/wp\/v2\/posts\/11100\/revisions\/11102"}],"wp:featuredmedia":[{"embeddable":true,"href":"https:\/\/www.radiolimari.cl\/index.php?rest_route=\/wp\/v2\/media\/11101"}],"wp:attachment":[{"href":"https:\/\/www.radiolimari.cl\/index.php?rest_route=%2Fwp%2Fv2%2Fmedia&parent=11100"}],"wp:term":[{"taxonomy":"category","embeddable":true,"href":"https:\/\/www.radiolimari.cl\/index.php?rest_route=%2Fwp%2Fv2%2Fcategories&post=11100"},{"taxonomy":"post_tag","embeddable":true,"href":"https:\/\/www.radiolimari.cl\/index.php?rest_route=%2Fwp%2Fv2%2Ftags&post=11100"}],"curies":[{"name":"wp","href":"https:\/\/api.w.org\/{rel}","templated":true}]}}