{"id":11091,"date":"2024-03-22T20:54:38","date_gmt":"2024-03-22T20:54:38","guid":{"rendered":"https:\/\/www.radiolimari.cl\/?p=11091"},"modified":"2024-03-22T20:54:38","modified_gmt":"2024-03-22T20:54:38","slug":"gobierno-convoco-a-gran-encuentro-por-el-agua-para-levantar-acciones-contra-la-sequia","status":"publish","type":"post","link":"https:\/\/www.radiolimari.cl\/?p=11091","title":{"rendered":"Gobierno convoc\u00f3 a gran Encuentro por el Agua para levantar acciones contra la sequ\u00eda."},"content":{"rendered":"\n<figure class=\"wp-block-image size-full\"><a href=\"https:\/\/www.radiolimari.cl\/wp-content\/uploads\/2024\/03\/IMG-20240322-WA0035.jpg\"><img fetchpriority=\"high\" decoding=\"async\" width=\"1024\" height=\"683\" src=\"https:\/\/www.radiolimari.cl\/wp-content\/uploads\/2024\/03\/IMG-20240322-WA0035.jpg\" alt=\"\" class=\"wp-image-11092\" srcset=\"https:\/\/www.radiolimari.cl\/wp-content\/uploads\/2024\/03\/IMG-20240322-WA0035.jpg 1024w, https:\/\/www.radiolimari.cl\/wp-content\/uploads\/2024\/03\/IMG-20240322-WA0035-300x200.jpg 300w, https:\/\/www.radiolimari.cl\/wp-content\/uploads\/2024\/03\/IMG-20240322-WA0035-768x512.jpg 768w\" sizes=\"(max-width: 1024px) 100vw, 1024px\" \/><\/a><\/figure>\n\n\n\n<p><strong><em>Parlamentarios, parlamentarias, los municipios, consejeros regionales, la academia, representantes de los empresarios y de la sociedad civil se dieron cita en este espacio de di\u00e1logo.<\/em><\/strong><strong><\/strong><\/p>\n\n\n\n<p>Este viernes la Delegaci\u00f3n Presidencial Regional convoc\u00f3 transversalmente a una gran Encuentro por el Agua con el objetivo de informar sobre el panorama h\u00eddrico local y conocer las diversas realidades y propuestas para trabajar en conjunto en la elaboraci\u00f3n de acciones que permitan mitigar de manera m\u00e1s efectiva los efectos de la escasez h\u00eddrica.<\/p>\n\n\n\n<p>Invitados por el Delegado Presidencial, Galo Luna, a la instancia asistieron los senadores Mat\u00edas Walker, Sergio Gahona y Daniel N\u00fa\u00f1ez, adem\u00e1s de la Diputada Nathalie Castillo, y los diputados V\u00edctor Pino y Juan Manuel Fuenzalida. Junto a ellos, participaron representantes de los municipios, el Consejo Regional, acad\u00e9micos, empresarios y miembros de la sociedad civil.<\/p>\n\n\n\n<p><strong>\u201cDebemos trabajar por asegurar en todos sus niveles, el agua para el consumo humano, para la agricultura y tambi\u00e9n desarrollar las distintas medidas sociales que se requieren. Ac\u00e1 hubo mucha representaci\u00f3n con quienes debemos sacar acuerdos conjuntos y, mediante este trabajo, poder sacar propuestas\u201d<\/strong>, indic\u00f3 el Delegado Luna.<\/p>\n\n\n\n<p>Asimismo, remarc\u00f3 que <strong>\u201cen este momento necesitamos estar todos unidos Para sacar la regi\u00f3n adelante, superar esta crisis, ya dimos un gran paso con el decreto supremo que emiti\u00f3 el Presidente de la Rep\u00fablica que permite llevar alivio tributario y financiero a los peque\u00f1os, medianos y grandes agricultores que est\u00e1n siendo afectados por esta crisis y que va a permitir para eso poder detener, por ejemplo, el remate de los precios agr\u00edcolas. As\u00ed que vamos a seguir trabajando de manera continua con todos los actores unidos para sacar adelante este encuentro\u201d<\/strong>.<\/p>\n\n\n\n<p>Por ello es clave avanzar con celeridad, puntualiz\u00f3 la autoridad regional. Para eso es que se recogieron diversas ideas para levantar medidas ya que la falta de precipitaciones ha generado un impacto negativo en la productividad agr\u00edcola, llegando incluso al \u00e1mbito social.<\/p>\n\n\n\n<p>Una de estas medidas, fue la presentada por la Junta de Vigilancia del R\u00edo Elqui, la que apuesta por impulsar el \u201cbombardeo de nubes\u201d.<\/p>\n\n\n\n<p>En esta l\u00ednea, Gabriel Varela, presidente de la junta, coment\u00f3 que <strong>\u201cesto era extremadamente necesario. Nosotros estamos buscando estas alternativas. Y bueno, me da mucho gusto haber podido plantearlas en forma abierta y ver si hay m\u00e1s interesados en poder incorporarse. Vemos la posibilidad de estimular nubes en un n\u00facleo fr\u00edo en altura o bien a trav\u00e9s de quemadores de yoduro de plata en la alta cordillera\u201d<\/strong>.<\/p>\n\n\n\n<p>Por otra parte, desde el mundo criancero, valoraron el espacio, ya que fue una oportunidad para informar directamente a las autoridades cu\u00e1les son los principales problemas que aquejan al mundo rural.<\/p>\n\n\n\n<p>As\u00ed lo plante\u00f3 Mar\u00eda Macaya, Secretaria de la Uni\u00f3n Comunal de Crianceros de Canela, quien enfatiz\u00f3 que <strong>\u201cnosotros sufrimos una sequ\u00eda tan grande, como dirigentes estamos agotados y no son solamente los alcaldes los que est\u00e1n pidiendo ayuda, nosotros le estamos pidiendo ayuda a los alcaldes, porque esta problem\u00e1tica no nos deja cosechar, no tenemos que darle a los animales y la poca plata que llega a la jubilaci\u00f3n, tenemos que compartirlo con ellos. No tenemos agua, el agua potable es la mitad para nosotros y la mitad para los animales\u201d.<\/strong><\/p>\n\n\n\n<p>Por eso espera que las medidas puedan avanzar con celeridad para tener forraje y mayor disponibilidad de agua para las familias, pues a\u00fan no tienen certeza de los pron\u00f3sticos de precipitaciones para este a\u00f1o.<\/p>\n\n\n\n<p><strong>\u201cLa situaci\u00f3n hoy d\u00eda en la regi\u00f3n de Coquimbo es un terremoto silencioso enorme. Estamos con una crisis social ligada a la sequ\u00eda y en ese sentido yo creo que hay medidas fundamentales que se tienen que ver en lo social tambi\u00e9n, como es el aumento de las raciones de Junaeb, en poder entregar colaciones o almuerzos los d\u00edas s\u00e1bados, ver un programa de pro empleo con financiamiento tambi\u00e9n de parte del nivel central, ver la forma en la cual se pueden mantener los trabajadores con alg\u00fan subsidio en algunas agr\u00edcolas, de la envergadura que sea, desde el peque\u00f1o al m\u00e1s grande, porque todos generan un impacto importante\u201d<\/strong>, puntualiz\u00f3 el Consejero Regional, Cristian Rondanelli y Presidente de la Comisi\u00f3n de Recursos H\u00eddricos del CORE.<\/p>\n\n\n\n<p>Esta instancia se suma a otros espacios de trabajo que se han constituido para abordar la emergencia h\u00eddrica, como las reuniones con los Senadores a principios de esta semana, la C\u00e1mara de Diputados y, recientemente, con el Consejo Regional y su comisi\u00f3n h\u00eddrica.<\/p>\n\n\n\n<p>La siguiente reuni\u00f3n del Encuentro por el Agua se realizar\u00e1 en las pr\u00f3ximas semanas, adelant\u00f3 el Delegado Galo Luna.<\/p>\n","protected":false},"excerpt":{"rendered":"<p>Parlamentarios, parlamentarias, los municipios, consejeros regionales, la academia, representantes de los empresarios y de la sociedad civil se dieron cita en este espacio de di\u00e1logo. Este viernes la Delegaci\u00f3n Presidencial Regional convoc\u00f3 transversalmente a una gran Encuentro por el Agua con el objetivo de informar sobre el panorama h\u00eddrico local y conocer las diversas realidades &#8230;<\/p>\n","protected":false},"author":2,"featured_media":11092,"comment_status":"open","ping_status":"open","sticky":false,"template":"","format":"standard","meta":{"footnotes":""},"categories":[6],"tags":[],"class_list":["post-11091","post","type-post","status-publish","format-standard","has-post-thumbnail","hentry","category-regionales"],"_links":{"self":[{"href":"https:\/\/www.radiolimari.cl\/index.php?rest_route=\/wp\/v2\/posts\/11091","targetHints":{"allow":["GET"]}}],"collection":[{"href":"https:\/\/www.radiolimari.cl\/index.php?rest_route=\/wp\/v2\/posts"}],"about":[{"href":"https:\/\/www.radiolimari.cl\/index.php?rest_route=\/wp\/v2\/types\/post"}],"author":[{"embeddable":true,"href":"https:\/\/www.radiolimari.cl\/index.php?rest_route=\/wp\/v2\/users\/2"}],"replies":[{"embeddable":true,"href":"https:\/\/www.radiolimari.cl\/index.php?rest_route=%2Fwp%2Fv2%2Fcomments&post=11091"}],"version-history":[{"count":1,"href":"https:\/\/www.radiolimari.cl\/index.php?rest_route=\/wp\/v2\/posts\/11091\/revisions"}],"predecessor-version":[{"id":11093,"href":"https:\/\/www.radiolimari.cl\/index.php?rest_route=\/wp\/v2\/posts\/11091\/revisions\/11093"}],"wp:featuredmedia":[{"embeddable":true,"href":"https:\/\/www.radiolimari.cl\/index.php?rest_route=\/wp\/v2\/media\/11092"}],"wp:attachment":[{"href":"https:\/\/www.radiolimari.cl\/index.php?rest_route=%2Fwp%2Fv2%2Fmedia&parent=11091"}],"wp:term":[{"taxonomy":"category","embeddable":true,"href":"https:\/\/www.radiolimari.cl\/index.php?rest_route=%2Fwp%2Fv2%2Fcategories&post=11091"},{"taxonomy":"post_tag","embeddable":true,"href":"https:\/\/www.radiolimari.cl\/index.php?rest_route=%2Fwp%2Fv2%2Ftags&post=11091"}],"curies":[{"name":"wp","href":"https:\/\/api.w.org\/{rel}","templated":true}]}}