{"id":11071,"date":"2024-03-20T01:44:28","date_gmt":"2024-03-20T01:44:28","guid":{"rendered":"https:\/\/www.radiolimari.cl\/?p=11071"},"modified":"2024-03-20T01:44:29","modified_gmt":"2024-03-20T01:44:29","slug":"mas-de-400-mil-personas-se-deben-vacunar-contra-la-influenza","status":"publish","type":"post","link":"https:\/\/www.radiolimari.cl\/?p=11071","title":{"rendered":"M\u00e1s de 400 mil personas se deben vacunar contra la Influenza."},"content":{"rendered":"\n<figure class=\"wp-block-image size-large is-resized\"><a href=\"https:\/\/www.radiolimari.cl\/wp-content\/uploads\/2024\/03\/WhatsApp-Image-2024-03-18-at-14.15.09.jpeg\"><img fetchpriority=\"high\" decoding=\"async\" width=\"1024\" height=\"768\" src=\"https:\/\/www.radiolimari.cl\/wp-content\/uploads\/2024\/03\/WhatsApp-Image-2024-03-18-at-14.15.09-1024x768.jpeg\" alt=\"\" class=\"wp-image-11072\" style=\"width:374px;height:auto\" srcset=\"https:\/\/www.radiolimari.cl\/wp-content\/uploads\/2024\/03\/WhatsApp-Image-2024-03-18-at-14.15.09-1024x768.jpeg 1024w, https:\/\/www.radiolimari.cl\/wp-content\/uploads\/2024\/03\/WhatsApp-Image-2024-03-18-at-14.15.09-300x225.jpeg 300w, https:\/\/www.radiolimari.cl\/wp-content\/uploads\/2024\/03\/WhatsApp-Image-2024-03-18-at-14.15.09-768x576.jpeg 768w, https:\/\/www.radiolimari.cl\/wp-content\/uploads\/2024\/03\/WhatsApp-Image-2024-03-18-at-14.15.09.jpeg 1280w\" sizes=\"(max-width: 1024px) 100vw, 1024px\" \/><\/a><\/figure>\n\n\n\n<p><strong><em>\u201cVac\u00fanate contra la influenza, no duele tanto como enfermar gravemente\u201d, es el nombre de la estrategia comunicacional de este a\u00f1o.<\/em><\/strong><\/p>\n\n\n\n<p>Lograr el 85% de la poblaci\u00f3n objetiva es la meta de la campa\u00f1a de vacunaci\u00f3n contra la Influenza 2024, estrategia sanitaria que fue lanzada durante este lunes en la regi\u00f3n de Coquimbo.<\/p>\n\n\n\n<p>La Influenza es una enfermedad contagiosa causada por un virus, que se transmite desde una persona enferma al toser, estornudar o mediante las secreciones nasales. Otras enfermedades respiratorias pueden tener los mismos s\u00edntomas y a menudo se confunden con la Influenza. M\u00e1s all\u00e1 de la sintomatolog\u00eda, se caracteriza porque su aparici\u00f3n se produce en epidemias invernales que afectan todos los a\u00f1os a los hemisferios norte y sur.<\/p>\n\n\n\n<p>El lanzamiento de la campa\u00f1a este a\u00f1o se realiz\u00f3 en el Cesfam El Sauce en la comuna de Coquimbo y fue liderada por la Seremi de Salud, Dra. Paola Salas, junto a la Dra. Alejandra \u00c1lvarez, &nbsp;Subdirectora de Gesti\u00f3n &nbsp;Asistencial del Servicio de Salud Coquimbo y la Directora del Departamento de Salud de Coquimbo, Fabiola Araya.<\/p>\n\n\n\n<p>De acuerdo con la Autoridad Sanitaria regional \u201cEste a\u00f1o hemos comenzado r\u00e1pidamente la campa\u00f1a de vacunaci\u00f3n contra la Influenza, porque lo que sucedi\u00f3 en el Hemisferio &nbsp;Norte, donde hubo una gran cantidad de casos y lo que queremos evitar es que ocurra aquello en nuestra regi\u00f3n. La idea es que las personas desde hoy puedan acceder a su vacuna gratuitamente, tanto en el sistema p\u00fablico como en el privado, en cualquier punto de vacunaci\u00f3n de la regi\u00f3n\u201d, explic\u00f3 la Dra. Paola Salas.<\/p>\n\n\n\n<p>La campa\u00f1a se ejecutar\u00e1 desde el 13 de marzo al 15 de mayo del a\u00f1o 2024 y\/o hasta que se cumpla la meta de vacunaci\u00f3n del 85% a nivel nacional.<\/p>\n\n\n\n<p>En tanto, la Dra. Alejandra \u00c1lvarez,&nbsp; Subdirectora de Gesti\u00f3n&nbsp; Asistencial del Servicio de Salud Coquimbo, explic\u00f3 la importancia de vacunarse desde ya contra esta enfermedad.&nbsp; \u201cEl llamado es a vacunarse hoy, la inmunidad se demora aproximadamente 14 d\u00edas en desarrollarse para crear los anticuerpos, por esto es importante que se vacunen en los centros de salud. Es necesario evitar las complicaciones sobre todo en los adultos mayores\u201d. Se\u00f1al\u00f3.<\/p>\n\n\n\n<p>La vacuna disminuye la probabilidad de enfermar de Influenza y tambi\u00e9n la severidad de la enfermedad en aquellos que se enferman a pesar de haberse vacunado.<\/p>\n\n\n\n<p>Finalmente, Fabiola Araya, Directora del Departamento de Salud de Coquimbo, explic\u00f3 que \u201cLa vacuna ya est\u00e1 disponible en todos los centros de salud de la comuna, adem\u00e1s de otros puntos extramurales como la Plaza de Armas del puerto y en los ELEAM de la comuna, porque estamos priorizando a los adultos mayores\u201d. Explic\u00f3.<\/p>\n\n\n\n<p><strong>\u00bfD\u00f3nde vacunarse?<\/strong><\/p>\n\n\n\n<p>En todos los vacunatorios de establecimientos de atenci\u00f3n primaria del sistema p\u00fablico de salud, incluidos postas de salud rural y Estaci\u00f3n M\u00e9dico Rural.<\/p>\n\n\n\n<p>En todos los vacunatorios privados en convenio con la SEREMI de Salud.<\/p>\n\n\n\n<p>Puntos de vacunaci\u00f3n a nivel comunitario, seg\u00fan la programaci\u00f3n de los equipos.<\/p>\n\n\n\n<p>Los equipos de salud de los centros de salud del sistema p\u00fablico se pudiesen trasladar adem\u00e1s a domicilios, colegios, jardines infantiles y otros lugares en los que se concentra poblaci\u00f3n prioritaria para la campa\u00f1a (hogares de adultos mayores, por ejemplo).<\/p>\n\n\n\n<p><strong>\u00bfQui\u00e9nes se deben vacunar?<\/strong><\/p>\n\n\n\n<p>\u2022&nbsp;&nbsp;&nbsp;&nbsp;&nbsp;&nbsp; Personal de Salud p\u00fablico y privado.<\/p>\n\n\n\n<p>\u2022&nbsp;&nbsp;&nbsp;&nbsp;&nbsp;&nbsp; Personas de 60 y m\u00e1s a\u00f1os<\/p>\n\n\n\n<p>\u2022&nbsp;&nbsp;&nbsp;&nbsp;&nbsp;&nbsp; Personas con patolog\u00edas cr\u00f3nicas, entre los 11 y 59 a\u00f1os.<\/p>\n\n\n\n<p>\u2022&nbsp;&nbsp;&nbsp;&nbsp;&nbsp;&nbsp;&nbsp; Gestantes, en cualquier etapa del embarazo.<\/p>\n\n\n\n<p>\u2022&nbsp;&nbsp;&nbsp;&nbsp;&nbsp;&nbsp; Ni\u00f1os y ni\u00f1as desde los 6 meses y hasta 5\u00b0 a\u00f1o b\u00e1sico.<\/p>\n\n\n\n<p>\u2022&nbsp;&nbsp;&nbsp;&nbsp;&nbsp;&nbsp; Estrategia capullo para familiares de lactantes prematuros de &lt;37 semanas de gestaci\u00f3n.<\/p>\n\n\n\n<p>\u2022&nbsp;&nbsp;&nbsp;&nbsp;&nbsp;&nbsp; Estrategia capullo para familiares de lactantes inmunosuprimidos** menores de 6 meses de edad.<\/p>\n\n\n\n<p>\u2022&nbsp;&nbsp;&nbsp;&nbsp;&nbsp;&nbsp; Docentes y asistentes de la educaci\u00f3n preescolar y escolar hasta 8\u00b0 a\u00f1o de ense\u00f1anza b\u00e1sica.<\/p>\n\n\n\n<p>\u2022&nbsp;&nbsp; Cuidadores\/as de adultos mayores y funcionarios de los Establecimientos de Larga Estad\u00eda para Adultos Mayores (ELEAM).<\/p>\n\n\n\n<p>\u2022 Trabajadores\/as de av\u00edcolas y de criaderos de cerdo.<\/p>\n","protected":false},"excerpt":{"rendered":"<p>\u201cVac\u00fanate contra la influenza, no duele tanto como enfermar gravemente\u201d, es el nombre de la estrategia comunicacional de este a\u00f1o. Lograr el 85% de la poblaci\u00f3n objetiva es la meta de la campa\u00f1a de vacunaci\u00f3n contra la Influenza 2024, estrategia sanitaria que fue lanzada durante este lunes en la regi\u00f3n de Coquimbo. La Influenza es &#8230;<\/p>\n","protected":false},"author":2,"featured_media":11072,"comment_status":"open","ping_status":"open","sticky":false,"template":"","format":"standard","meta":{"footnotes":""},"categories":[3],"tags":[],"class_list":["post-11071","post","type-post","status-publish","format-standard","has-post-thumbnail","hentry","category-actualidad"],"_links":{"self":[{"href":"https:\/\/www.radiolimari.cl\/index.php?rest_route=\/wp\/v2\/posts\/11071","targetHints":{"allow":["GET"]}}],"collection":[{"href":"https:\/\/www.radiolimari.cl\/index.php?rest_route=\/wp\/v2\/posts"}],"about":[{"href":"https:\/\/www.radiolimari.cl\/index.php?rest_route=\/wp\/v2\/types\/post"}],"author":[{"embeddable":true,"href":"https:\/\/www.radiolimari.cl\/index.php?rest_route=\/wp\/v2\/users\/2"}],"replies":[{"embeddable":true,"href":"https:\/\/www.radiolimari.cl\/index.php?rest_route=%2Fwp%2Fv2%2Fcomments&post=11071"}],"version-history":[{"count":1,"href":"https:\/\/www.radiolimari.cl\/index.php?rest_route=\/wp\/v2\/posts\/11071\/revisions"}],"predecessor-version":[{"id":11073,"href":"https:\/\/www.radiolimari.cl\/index.php?rest_route=\/wp\/v2\/posts\/11071\/revisions\/11073"}],"wp:featuredmedia":[{"embeddable":true,"href":"https:\/\/www.radiolimari.cl\/index.php?rest_route=\/wp\/v2\/media\/11072"}],"wp:attachment":[{"href":"https:\/\/www.radiolimari.cl\/index.php?rest_route=%2Fwp%2Fv2%2Fmedia&parent=11071"}],"wp:term":[{"taxonomy":"category","embeddable":true,"href":"https:\/\/www.radiolimari.cl\/index.php?rest_route=%2Fwp%2Fv2%2Fcategories&post=11071"},{"taxonomy":"post_tag","embeddable":true,"href":"https:\/\/www.radiolimari.cl\/index.php?rest_route=%2Fwp%2Fv2%2Ftags&post=11071"}],"curies":[{"name":"wp","href":"https:\/\/api.w.org\/{rel}","templated":true}]}}