{"id":11068,"date":"2024-03-20T01:27:50","date_gmt":"2024-03-20T01:27:50","guid":{"rendered":"https:\/\/www.radiolimari.cl\/?p=11068"},"modified":"2024-03-20T01:27:50","modified_gmt":"2024-03-20T01:27:50","slug":"declaran-a-la-region-de-coquimbo-zona-de-riesgo-sanitario-por-escasez-hidrica","status":"publish","type":"post","link":"https:\/\/www.radiolimari.cl\/?p=11068","title":{"rendered":"Declaran a la Regi\u00f3n de Coquimbo Zona de Riesgo Sanitario por escasez h\u00eddrica."},"content":{"rendered":"\n<figure class=\"wp-block-image size-large\"><a href=\"https:\/\/www.radiolimari.cl\/wp-content\/uploads\/2024\/03\/COMBA1.jpeg\"><img fetchpriority=\"high\" decoding=\"async\" width=\"1024\" height=\"768\" src=\"https:\/\/www.radiolimari.cl\/wp-content\/uploads\/2024\/03\/COMBA1-1024x768.jpeg\" alt=\"\" class=\"wp-image-11069\" srcset=\"https:\/\/www.radiolimari.cl\/wp-content\/uploads\/2024\/03\/COMBA1-1024x768.jpeg 1024w, https:\/\/www.radiolimari.cl\/wp-content\/uploads\/2024\/03\/COMBA1-300x225.jpeg 300w, https:\/\/www.radiolimari.cl\/wp-content\/uploads\/2024\/03\/COMBA1-768x576.jpeg 768w, https:\/\/www.radiolimari.cl\/wp-content\/uploads\/2024\/03\/COMBA1.jpeg 1280w\" sizes=\"(max-width: 1024px) 100vw, 1024px\" \/><\/a><\/figure>\n\n\n\n<p>La Resoluci\u00f3n Exenta N\u00b05440 de la Seremi de Salud, permitir\u00e1 a las municipalidades contar con respaldo para solicitar los fondos que se requieran, con el fin de asegurar la disponibilidad de agua potable para consumo humano y el saneamiento b\u00e1sico, como tambi\u00e9n la implementaci\u00f3n de medidas de mitigaci\u00f3n por parte de otras instituciones, dentro de sus respectivas competencias y facultades.<\/p>\n\n\n\n<p>La Regi\u00f3n de Coquimbo enfrenta una grave situaci\u00f3n de escasez h\u00eddrica \u2013derivada de una sequ\u00eda que se prolonga por m\u00e1s de una d\u00e9cada- y ante un escenario que se vislumbra complejo, numerosos han sido los emprendedores agr\u00edcolas y tur\u00edsticos que se han acercado a las autoridades, clamando por una soluci\u00f3n ante lo que ellos y sus familias consideran \u201cuna verdadera cat\u00e1strofe\u201d.<\/p>\n\n\n\n<p>Es en este contexto, que la Seremi de Salud emiti\u00f3 este lunes 18 de marzo la Resoluci\u00f3n Exenta N\u00b05440, que declara zona de riesgo sanitario a toda la regi\u00f3n de Coquimbo. \u201cCon el compromiso que hemos adquirido como Gobierno del Presidente Gabriel Boric, nos acercamos a los territorios que han evidenciado a sus autoridades locales c\u00f3mo les repercute en su vida familiar y en su salud la prolongada sequ\u00eda. Acogiendo este llamado, el Delegado Presidencial, Galo Luna, solicit\u00f3 que -en nuestra facultad como Autoridad Sanitaria- decretemos zona de riesgo sanitario para nuestra regi\u00f3n por la escasez h\u00eddrica\u201d, explic\u00f3 la Dra. Paola Salas Rivas.<\/p>\n\n\n\n<p>La Resoluci\u00f3n, complementa la Secretaria Regional Ministerial de Salud, \u201cse funda tambi\u00e9n en el estado actual de los embalses y las proyecciones clim\u00e1ticas de la Direcci\u00f3n de Meteorolog\u00eda, que anuncian precipitaciones bajo lo normal, circunstancias que plantea un escenario de riesgo para la salud p\u00fablica, en lo que guarda relaci\u00f3n con la poca disponibilidad de agua potable para consumo humano y la problem\u00e1tica asociada al saneamiento b\u00e1sico, lo que contribuye a enfermedades infecciosas, diarreicas e intoxicaciones y el aumento de brotes por enfermedades infecciosas. En el per\u00edodo diciembre 2023-febrero 2024, se acumulan 490 brotes para la Regi\u00f3n de Coquimbo, evidenciando un aumento respecto a a\u00f1os anteriores (2023 con 280 brotes, 2022 con 197 brotes y 2019 con 100 brotes estudiados)\u201d.<\/p>\n\n\n\n<p>\u00bfQu\u00e9 efectos tiene esta resoluci\u00f3n?<br>En primera instancia, permite a las municipalidades contar con respaldo para solicitar los fondos que requieran, destinados a asegurar la disponibilidad de agua potable para consumo humano y para el saneamiento b\u00e1sico, tomando las medidas de mitigaci\u00f3n correspondiente a la distribuci\u00f3n del vital elemento a todos los sectores afectados.<\/p>\n\n\n\n<p>Adem\u00e1s, garantiza la implementaci\u00f3n de medidas de mitigaci\u00f3n por parte de otras instituciones, dentro de sus respectivas competencias y facultades, como instrumento adicional y complementario al Decreto Supremo 230 del Ministerio del Interior \u2013que extiende la declaraci\u00f3n de zona afectada por cat\u00e1strofe- como tambi\u00e9n el Decreto 123 del MOP, que prorrog\u00f3 la declaraci\u00f3n de la regi\u00f3n de Coquimbo como zona de escasez h\u00eddrica.<\/p>\n\n\n\n<p>\u201cGracias a esta determinaci\u00f3n que est\u00e1 tomando la autoridad de salud, podremos realizar un acompa\u00f1amiento a emprendedores, entidades y comunidades que se encuentren afectados por la escasez h\u00eddrica y que as\u00ed lo requieran, trabajando en conjunto en programas de promoci\u00f3n de salud, de forma previa a la realizaci\u00f3n de fiscalizaciones, de tal forma de evitar incumplimientos sanitarios. Esto permitir\u00e1 con base en la educaci\u00f3n sanitaria, regularizar y mejorar las condiciones sanitarias y de salud ocupacional. Esta iniciativa es parte de los esfuerzos y del trabajo intersectorial que estamos haciendo como gobierno en la regi\u00f3n, para afrontar de mejor manera los efectos de la crisis h\u00eddrica y resguardar el bienestar de las personas\u201d, manifest\u00f3 la Vocera local de Gobierno, Paulina Mora.<\/p>\n\n\n\n<p>Escuchando a las comunidades<br>En diferentes instancias, las comunidades rurales de la regi\u00f3n, especialmente en la Provincia del Limar\u00ed, manifestaron su preocupaci\u00f3n a la Seremi de Salud respecto a la situaci\u00f3n que enfrentaban como consecuencia de la sequ\u00eda. Lo anterior, sumado a la solicitud de la Diputada de la Rep\u00fablica por la regi\u00f3n de Coquimbo, Nathalie Castillo, motiv\u00f3 a que -en reuni\u00f3n con la Subsecretaria de Salud P\u00fablica, Andrea Albagli- surgiera la posibilidad de emitir esta Resoluci\u00f3n.<\/p>\n\n\n\n<p>\u201cRecibimos con mucha satisfacci\u00f3n que el gobierno, nuestro Delegado Presidencial y la Seremi Paola Salas, hayan tomado en consideraci\u00f3n la idea que nace de nuestra diputaci\u00f3n en conjunto a las Mesas H\u00eddricas que hemos levantado, principalmente en los sectores periurbanos que se est\u00e1 viviendo de una manera compleja la escasez h\u00eddrica y eso genera una necesidad de decretar un riesgo sanitario, para quienes viven en estos sectores de toda la regi\u00f3n de Coquimbo. Se ha actuado con mucho compromiso; sabemos que el Delegado ha estado realizado diversas gestiones que van m\u00e1s all\u00e1 de lo sanitario, como tambi\u00e9n otras medidas para poder mitigar la emergencia h\u00eddrica que estamos viviendo y eso es parte del trabajar colaborativo que queremos hacer, ese es nuestro compromiso y agradecemos nuevamente que se haya considerado nuestra propuesta parlamentaria\u201d, destac\u00f3 la Diputada Castillo.<\/p>\n","protected":false},"excerpt":{"rendered":"<p>La Resoluci\u00f3n Exenta N\u00b05440 de la Seremi de Salud, permitir\u00e1 a las municipalidades contar con respaldo para solicitar los fondos que se requieran, con el fin de asegurar la disponibilidad de agua potable para consumo humano y el saneamiento b\u00e1sico, como tambi\u00e9n la implementaci\u00f3n de medidas de mitigaci\u00f3n por parte de otras instituciones, dentro de &#8230;<\/p>\n","protected":false},"author":2,"featured_media":11069,"comment_status":"open","ping_status":"open","sticky":false,"template":"","format":"standard","meta":{"footnotes":""},"categories":[6],"tags":[],"class_list":["post-11068","post","type-post","status-publish","format-standard","has-post-thumbnail","hentry","category-regionales"],"_links":{"self":[{"href":"https:\/\/www.radiolimari.cl\/index.php?rest_route=\/wp\/v2\/posts\/11068","targetHints":{"allow":["GET"]}}],"collection":[{"href":"https:\/\/www.radiolimari.cl\/index.php?rest_route=\/wp\/v2\/posts"}],"about":[{"href":"https:\/\/www.radiolimari.cl\/index.php?rest_route=\/wp\/v2\/types\/post"}],"author":[{"embeddable":true,"href":"https:\/\/www.radiolimari.cl\/index.php?rest_route=\/wp\/v2\/users\/2"}],"replies":[{"embeddable":true,"href":"https:\/\/www.radiolimari.cl\/index.php?rest_route=%2Fwp%2Fv2%2Fcomments&post=11068"}],"version-history":[{"count":1,"href":"https:\/\/www.radiolimari.cl\/index.php?rest_route=\/wp\/v2\/posts\/11068\/revisions"}],"predecessor-version":[{"id":11070,"href":"https:\/\/www.radiolimari.cl\/index.php?rest_route=\/wp\/v2\/posts\/11068\/revisions\/11070"}],"wp:featuredmedia":[{"embeddable":true,"href":"https:\/\/www.radiolimari.cl\/index.php?rest_route=\/wp\/v2\/media\/11069"}],"wp:attachment":[{"href":"https:\/\/www.radiolimari.cl\/index.php?rest_route=%2Fwp%2Fv2%2Fmedia&parent=11068"}],"wp:term":[{"taxonomy":"category","embeddable":true,"href":"https:\/\/www.radiolimari.cl\/index.php?rest_route=%2Fwp%2Fv2%2Fcategories&post=11068"},{"taxonomy":"post_tag","embeddable":true,"href":"https:\/\/www.radiolimari.cl\/index.php?rest_route=%2Fwp%2Fv2%2Ftags&post=11068"}],"curies":[{"name":"wp","href":"https:\/\/api.w.org\/{rel}","templated":true}]}}