{"id":11006,"date":"2024-03-10T20:35:17","date_gmt":"2024-03-10T20:35:17","guid":{"rendered":"https:\/\/www.radiolimari.cl\/?p=11006"},"modified":"2024-03-10T20:35:18","modified_gmt":"2024-03-10T20:35:18","slug":"nueve-ovallinas-recibieron-homenaje-en-la-conmemoracion-del-dia-internacional-de-la-mujer","status":"publish","type":"post","link":"https:\/\/www.radiolimari.cl\/?p=11006","title":{"rendered":"Nueve ovallinas recibieron homenaje en la conmemoraci\u00f3n del D\u00eda Internacional de la Mujer."},"content":{"rendered":"\n<figure class=\"wp-block-image size-large\"><a href=\"https:\/\/www.radiolimari.cl\/wp-content\/uploads\/2024\/03\/Conmemoracion-del-Dia-Internacional-de-la-Mujer-1.jpg\"><img fetchpriority=\"high\" decoding=\"async\" width=\"1024\" height=\"683\" src=\"https:\/\/www.radiolimari.cl\/wp-content\/uploads\/2024\/03\/Conmemoracion-del-Dia-Internacional-de-la-Mujer-1-1024x683.jpg\" alt=\"\" class=\"wp-image-11007\" srcset=\"https:\/\/www.radiolimari.cl\/wp-content\/uploads\/2024\/03\/Conmemoracion-del-Dia-Internacional-de-la-Mujer-1-1024x683.jpg 1024w, https:\/\/www.radiolimari.cl\/wp-content\/uploads\/2024\/03\/Conmemoracion-del-Dia-Internacional-de-la-Mujer-1-300x200.jpg 300w, https:\/\/www.radiolimari.cl\/wp-content\/uploads\/2024\/03\/Conmemoracion-del-Dia-Internacional-de-la-Mujer-1-768x512.jpg 768w, https:\/\/www.radiolimari.cl\/wp-content\/uploads\/2024\/03\/Conmemoracion-del-Dia-Internacional-de-la-Mujer-1-1536x1024.jpg 1536w, https:\/\/www.radiolimari.cl\/wp-content\/uploads\/2024\/03\/Conmemoracion-del-Dia-Internacional-de-la-Mujer-1.jpg 1920w\" sizes=\"(max-width: 1024px) 100vw, 1024px\" \/><\/a><\/figure>\n\n\n\n<p><strong><em>El alcalde Jonathan Acu\u00f1a y los integrantes del Concejo Municipal hicieron un reconocimiento a mujeres destacadas de la comuna por su \u00edmpetu, esfuerzo y por su contribuci\u00f3n con la comunidad local. El espect\u00e1culo art\u00edstico cont\u00f3 con la presencia de la cantante PAE, Ignacio Araneda y la m\u00fasica ranchera norte\u00f1a de La Descendencia Chilena.&nbsp;<\/em><\/strong><\/p>\n\n\n\n<p>Una noche especial se vivi\u00f3 en la conmemoraci\u00f3n del D\u00eda Internacional de la Mujer, que se realiz\u00f3 en la plaza de armas de Ovalle. El evento, organizado por el municipio local, a trav\u00e9s de la Direcci\u00f3n de Desarrollo Comunitario, se inici\u00f3 con la presentaci\u00f3n de la cantante local PAE, quien hizo cantar y bailar al p\u00fablico con la interpretaci\u00f3n de sus baladas rom\u00e1nticas del recuerdo y su m\u00fasica bailable, donde destac\u00f3 un mix de Selena Quintanilla y una serie de \u00e9xitos de Juan Gabriel.&nbsp;<\/p>\n\n\n\n<p>Posteriormente, se dio paso al acto central que estuvo lleno de emotividad, puesto que nueve mujeres ovallinas recibieron de manos del alcalde Jonathan Acu\u00f1a y los integrantes del Concejo Municipal un reconocimiento por su importante contribuci\u00f3n en la comunidad local. Durante la ceremonia se dieron a conocer las historias de vida de las homenajeadas, quienes se mostraron emocionadas y sorprendidas, tras vivir este momento.&nbsp;<\/p>\n\n\n\n<p>En esta ocasi\u00f3n, recibieron un reconocimiento la criancera de 96 a\u00f1os Clara Gonz\u00e1lez Malebr\u00e1n, la colaboradora del Hogar de Ancianos del Club de Leones de Ovalle, Lorenza \u00c1lvarez Plaza, la destacada docente Carmen Olivares Bilbao, la ex encargada de abastecimiento del hospital de Ovalle, con una trayectoria de m\u00e1s de 40 a\u00f1os, Lorna Robles Zamora y la comerciante y emprendedora local, Franchesca Maldonado D\u00edaz. A estas mujeres destacadas se sum\u00f3 Mirta Tapia Delgado, quien ha sido una esforzada trabajadora, que empez\u00f3 su vida laboral a los 15 a\u00f1os por problemas econ\u00f3micos. Asimismo, recibi\u00f3 un bonito homenaje la educadora de p\u00e1rvulos y servidora p\u00fablica, Rosa Flores Berr\u00edos, al igual que la dirigente del Sindicato de Pescadores Algamar y alcaldesa de mar de Caleta Talca, Susana Galleguillos G\u00f3mez. Uno de los momentos m\u00e1s emotivos de la jornada se vivi\u00f3 con el reconocimiento y la ovaci\u00f3n que recibi\u00f3 Olivia Ojeda Ojeda, mujer de 93 a\u00f1os, quien se desempe\u00f1o como guardadora de reci\u00e9n nacidos, ni\u00f1os y ni\u00f1as y lleg\u00f3 a tener a m\u00e1s de 300 personas bajo cuidado.<\/p>\n\n\n\n<figure class=\"wp-block-image size-large\"><a href=\"https:\/\/www.radiolimari.cl\/wp-content\/uploads\/2024\/03\/Conmemoracion-del-Dia-Internacional-de-la-Mujer-3.jpg\"><img decoding=\"async\" width=\"1024\" height=\"683\" src=\"https:\/\/www.radiolimari.cl\/wp-content\/uploads\/2024\/03\/Conmemoracion-del-Dia-Internacional-de-la-Mujer-3-1024x683.jpg\" alt=\"\" class=\"wp-image-11008\" srcset=\"https:\/\/www.radiolimari.cl\/wp-content\/uploads\/2024\/03\/Conmemoracion-del-Dia-Internacional-de-la-Mujer-3-1024x683.jpg 1024w, https:\/\/www.radiolimari.cl\/wp-content\/uploads\/2024\/03\/Conmemoracion-del-Dia-Internacional-de-la-Mujer-3-300x200.jpg 300w, https:\/\/www.radiolimari.cl\/wp-content\/uploads\/2024\/03\/Conmemoracion-del-Dia-Internacional-de-la-Mujer-3-768x512.jpg 768w, https:\/\/www.radiolimari.cl\/wp-content\/uploads\/2024\/03\/Conmemoracion-del-Dia-Internacional-de-la-Mujer-3-1536x1024.jpg 1536w, https:\/\/www.radiolimari.cl\/wp-content\/uploads\/2024\/03\/Conmemoracion-del-Dia-Internacional-de-la-Mujer-3.jpg 1920w\" sizes=\"(max-width: 1024px) 100vw, 1024px\" \/><\/a><\/figure>\n\n\n\n<p>El alcalde Jonathan Acu\u00f1a indic\u00f3 que \u201cfue una jornada muy especial y llena de emociones, donde, con el concejo municipal, destacamos a esforzadas mujeres y as\u00ed qued\u00f3 demostrado en sus historias de vida. Con este acto queremos homenajear a las mujeres ovallinas y tambi\u00e9n contribuir en la lucha de sus derechos e igualdades frente a la sociedad, porque no queremos que exista ning\u00fan tipo de brechas entre hombres y mujeres\u201d.<\/p>\n\n\n\n<p>Una de las mujeres destacadas fue Susana Galleguillos G\u00f3mez, alcaldesa de mar de Caleta Talca y dirigente del Sindicato de Pescadores Algamar, quien se mostr\u00f3 muy contenta frente a este reconocimiento. \u201cEstoy feliz, porque fue inesperado para m\u00ed, pero lo recibo con mucho orgullo, porque esto me confirma que cuando uno se esfuerza y le pone coraz\u00f3n a lo que hace se consiguen buenos resultados y cumplimos las metas que nos proponemos\u201d agreg\u00f3 la homenajeada. Otras de las mujeres reconocidas fue Lorenza \u00c1lvarez Plaza, quien sostuvo que \u201cpara m\u00ed es algo muy emocionante, me siento muy contenta y agradezco el reconocimiento, porque para m\u00ed esto ser\u00e1 inolvidable\u201d.<\/p>\n\n\n\n<p>Tras la ceremonia, se present\u00f3 Ignacio Araneda, finalista del programa The Voice Chile de Chilevisi\u00f3n, quien encant\u00f3 al p\u00fablico local con la interpretaci\u00f3n de temas cl\u00e1sicos del recuerdo y su potente voz. En tanto, el cierre estuvo a cargo del grupo La Descendencia Chilena, quienes hicieron cantar y emocionarse al p\u00fablico local con su m\u00fasica ranchera norte\u00f1a.<\/p>\n","protected":false},"excerpt":{"rendered":"<p>El alcalde Jonathan Acu\u00f1a y los integrantes del Concejo Municipal hicieron un reconocimiento a mujeres destacadas de la comuna por su \u00edmpetu, esfuerzo y por su contribuci\u00f3n con la comunidad local. El espect\u00e1culo art\u00edstico cont\u00f3 con la presencia de la cantante PAE, Ignacio Araneda y la m\u00fasica ranchera norte\u00f1a de La Descendencia Chilena.&nbsp; Una noche &#8230;<\/p>\n","protected":false},"author":2,"featured_media":11007,"comment_status":"open","ping_status":"open","sticky":false,"template":"","format":"standard","meta":{"footnotes":""},"categories":[5],"tags":[],"class_list":["post-11006","post","type-post","status-publish","format-standard","has-post-thumbnail","hentry","category-actualidad-limarina"],"_links":{"self":[{"href":"https:\/\/www.radiolimari.cl\/index.php?rest_route=\/wp\/v2\/posts\/11006","targetHints":{"allow":["GET"]}}],"collection":[{"href":"https:\/\/www.radiolimari.cl\/index.php?rest_route=\/wp\/v2\/posts"}],"about":[{"href":"https:\/\/www.radiolimari.cl\/index.php?rest_route=\/wp\/v2\/types\/post"}],"author":[{"embeddable":true,"href":"https:\/\/www.radiolimari.cl\/index.php?rest_route=\/wp\/v2\/users\/2"}],"replies":[{"embeddable":true,"href":"https:\/\/www.radiolimari.cl\/index.php?rest_route=%2Fwp%2Fv2%2Fcomments&post=11006"}],"version-history":[{"count":1,"href":"https:\/\/www.radiolimari.cl\/index.php?rest_route=\/wp\/v2\/posts\/11006\/revisions"}],"predecessor-version":[{"id":11009,"href":"https:\/\/www.radiolimari.cl\/index.php?rest_route=\/wp\/v2\/posts\/11006\/revisions\/11009"}],"wp:featuredmedia":[{"embeddable":true,"href":"https:\/\/www.radiolimari.cl\/index.php?rest_route=\/wp\/v2\/media\/11007"}],"wp:attachment":[{"href":"https:\/\/www.radiolimari.cl\/index.php?rest_route=%2Fwp%2Fv2%2Fmedia&parent=11006"}],"wp:term":[{"taxonomy":"category","embeddable":true,"href":"https:\/\/www.radiolimari.cl\/index.php?rest_route=%2Fwp%2Fv2%2Fcategories&post=11006"},{"taxonomy":"post_tag","embeddable":true,"href":"https:\/\/www.radiolimari.cl\/index.php?rest_route=%2Fwp%2Fv2%2Ftags&post=11006"}],"curies":[{"name":"wp","href":"https:\/\/api.w.org\/{rel}","templated":true}]}}