{"id":10993,"date":"2024-03-08T21:18:35","date_gmt":"2024-03-08T21:18:35","guid":{"rendered":"https:\/\/www.radiolimari.cl\/?p=10993"},"modified":"2024-03-08T21:18:38","modified_gmt":"2024-03-08T21:18:38","slug":"autoridades-llaman-a-fortalecer-asistencia-a-clases-en-hito-regional-de-ano-escolar-en-coquimbo","status":"publish","type":"post","link":"https:\/\/www.radiolimari.cl\/?p=10993","title":{"rendered":"Autoridades llaman a fortalecer asistencia a clases en hito regional de a\u00f1o escolar en Coquimbo"},"content":{"rendered":"\n<figure class=\"wp-block-image size-large\"><a href=\"https:\/\/www.radiolimari.cl\/wp-content\/uploads\/2024\/03\/IMG-20240307-WA0011.jpg\"><img fetchpriority=\"high\" decoding=\"async\" width=\"1024\" height=\"685\" src=\"https:\/\/www.radiolimari.cl\/wp-content\/uploads\/2024\/03\/IMG-20240307-WA0011-1024x685.jpg\" alt=\"\" class=\"wp-image-10994\" srcset=\"https:\/\/www.radiolimari.cl\/wp-content\/uploads\/2024\/03\/IMG-20240307-WA0011-1024x685.jpg 1024w, https:\/\/www.radiolimari.cl\/wp-content\/uploads\/2024\/03\/IMG-20240307-WA0011-300x201.jpg 300w, https:\/\/www.radiolimari.cl\/wp-content\/uploads\/2024\/03\/IMG-20240307-WA0011-768x514.jpg 768w, https:\/\/www.radiolimari.cl\/wp-content\/uploads\/2024\/03\/IMG-20240307-WA0011.jpg 1280w\" sizes=\"(max-width: 1024px) 100vw, 1024px\" \/><\/a><\/figure>\n\n\n\n<p><strong>En este inicio de a\u00f1o escolar, autoridades destacaron las medidas que se est\u00e1n implementando para incentivar la asistencia y la revinculaci\u00f3n de ni\u00f1as, ni\u00f1os y j\u00f3venes, adem\u00e1s de los proyectos de mejoramiento de infraestructura en escuelas y liceos.<\/strong><\/p>\n\n\n\n<p>Recuperar los aprendizajes de las y los estudiantes, revinculando a quienes abandonaron o est\u00e1n abandonando sus escuelas, fortaleciendo la convivencia escolar y salud mental y mejorando el estado de la infraestructura escolar de escuelas y liceos ha sido el trabajo con las comunidades educativas en estos primeros dos a\u00f1os de gobierno del Presidente de la Rep\u00fablica Gabriel Boric Font, a trav\u00e9s del Plan de Reactivaci\u00f3n Educativa del Ministerio de Educaci\u00f3n.<\/p>\n\n\n\n<p>En la Escuela Presidente An\u00edbal Pinto Garmendia de la comuna de Coquimbo, el Delegado Presidencial Regional, Galo Luna Penna, el Superintendente de Educaci\u00f3n, Mauricio Far\u00edas Arenas, la Subdirectora de la Direcci\u00f3n de Educaci\u00f3n P\u00fablica, Paulina S\u00e1ez Kifafi, la Seremi de Educaci\u00f3n, Cecilia Ram\u00edrez Ch\u00e1vez junto a autoridades regionales y comunales, dieron inicio al a\u00f1o escolar regional, destacando la campa\u00f1a \u201cVolvamos a clases, Que nadie falte\u201d cuyo objetivo es concientizar a las familias, docentes, educadores, equipos directivos, comunidades educativas y a toda la ciudadan\u00eda sobre la importancia que tiene la asistencia a las escuelas.<\/p>\n\n\n\n<p>En la Escuela Presidente An\u00edbal Pinto Garmendia, se ejecutaron obras de conservaci\u00f3n a la infraestructura escolar por una inversi\u00f3n superior a los 1.300 millones de pesos. Su directora Maritza Fajardo Basaure, destac\u00f3 que el mejoramiento ha producido un cambio positivo en la comunidad educativa \u201cha dado dignidad a todos quienes transitan por la escuela, alumnos y profesionales que trabajan ac\u00e1, cooperadores, docentes. Ellos pueden contar con un espacio que los acoge y los ayuda a desempe\u00f1ar de mejor forma sus funciones y los ni\u00f1os a mejorar sus aprendizajes. Se han dado las condiciones para que la convivencia escolar mejore, mediante el buen trato y la reactivaci\u00f3n de los aprendizajes, que tanto esperamos despu\u00e9s de la pandemia y el desarrollo socioemocional de los ni\u00f1os\u201d.<\/p>\n\n\n\n<p>El Delegado Presidencial de la Regi\u00f3n de Coquimbo, Galo Luna Penna manifest\u00f3 que \u201chemos compartido con la comunidad educativa en un acto significativo, dando inicio al a\u00f1o escolar, esperamos a que los y las estudiantes les vaya muy bien. Estamos poniendo \u00e9nfasis en recuperar la infraestructura. Ac\u00e1 tenemos una muestra concreta de una inversi\u00f3n que super\u00f3 los 1.300 millones de pesos, tambi\u00e9n en la convivencia escolar, y por supuesto, en la reactivaci\u00f3n de los aprendizajes que se perdieron durante la pandemia\u201d.&nbsp;<\/p>\n\n\n\n<p>La Seremi de Educaci\u00f3n Cecilia Ram\u00edrez Ch\u00e1vez, resalt\u00f3 que \u201csi bien como Ministerio de Educaci\u00f3n, hemos realizado una de las inversiones m\u00e1s grandes a nivel de la historia de la regi\u00f3n en infraestructura educacional, necesitamos que las y los estudiantes asistan a clases, para poder llevar de buena manera sus procesos de aprendizajes y as\u00ed poder seguir fortaleciendo la educaci\u00f3n de la Regi\u00f3n de Coquimbo. Si bien hemos subido algunos puntos, en el porcentaje de asistencia, respecto al a\u00f1o 2022, necesitamos seguir avanzando para poder llegar a los niveles que nos corresponden, para asegurar que el proceso de aprendizaje se desarrolle de forma integral\u201d.<\/p>\n\n\n\n<p>Por su parte, el Superintendente de Educaci\u00f3n, Mauricio Far\u00edas hizo un llamado \u201ca trabajar en los aspectos de convivencia, porque con una buena convivencia logramos que se produzcan los aprendizajes y, sobre todo, logramos construir un pa\u00eds mejor, donde estamos todos incluidos y donde tendremos una mejor democracia\u00bb.<\/p>\n\n\n\n<p>En tanto, la Directora Ejecutiva (S) del Servicio Local de Educaci\u00f3n P\u00fablica, Puerto Cordillera, Carolina Saavedra Gonz\u00e1lez,asever\u00f3 que \u201ccomo Direcci\u00f3n de Educaci\u00f3n P\u00fablica, Servicio Puerto Cordillera y Ministerio de Educaci\u00f3n, creemos profundamente que el espacio educativo, es un tercer educador, que moviliza los aprendizajes, que los ni\u00f1os y ni\u00f1as con sus potencialidades necesitan espacio de interacci\u00f3n, desarrollar la ciencia y una educaci\u00f3n integral. Estar inaugurando las dependencias de la escuela Presidente An\u00edbal Pinto Garmendia, llena de orgullo. Estamos haciendo las cosas bien, escuchando todas las voces de los actores claves de la educaci\u00f3n p\u00fablica\u201d.<\/p>\n\n\n\n<p>En la Regi\u00f3n de Coquimbo, en el periodo marzo \u2013 noviembre de 2023 se registr\u00f3 una asistencia promedio de 86,1%, con un aumento del 2,4% respecto al a\u00f1o anterior. El Ministerio de Educaci\u00f3n, a trav\u00e9s del Plan de Reactivaci\u00f3n Educativa ha estado trabajando en la recuperaci\u00f3n de la asistencia, mejorando la reporter\u00eda oportuna para la definici\u00f3n de estrategias de retenci\u00f3n y desplegando en el territorio a 70 profesionales de asistencia y revinculaci\u00f3n que son parte de los Departamentos de Administraci\u00f3n de Educaci\u00f3n Municipal, Servicio Local y Departamentos Provinciales de Educaci\u00f3n en Elqui, Limar\u00ed y Choapa.<\/p>\n\n\n\n<p><strong>Mayor presupuesto en infraestructura educativa p\u00fablica de los \u00faltimos 15 a\u00f1os<\/strong><\/p>\n\n\n\n<p>El gobierno del Presidente de la Rep\u00fablica Gabriel Boric Font, entre los a\u00f1os 2022 y 2023 ha invertido el mayor presupuesto en infraestructura educativa p\u00fablica de los \u00faltimos 15 a\u00f1os en la Regi\u00f3n de Coquimbo, con una inversi\u00f3n de m\u00e1s de 13 mil millones de pesos en reparaci\u00f3n de escuelas y liceos, fortaleciendo la educaci\u00f3n p\u00fablica, para el desarrollo integral de las capacidades de ni\u00f1as, ni\u00f1os y adolescentes.<\/p>\n\n\n\n<p>En las comunas de Coquimbo y Andacollo, a trav\u00e9s de la Direcci\u00f3n de Educaci\u00f3n P\u00fablica y ejecutado por el Servicio Local de Educaci\u00f3n P\u00fablica Puerto Cordillera, entre los a\u00f1os 2022 y 2023 se ha invertido m\u00e1s de 7 mil 900 millones de pesos en proyectos de mejoramiento en 13 establecimientos educacionales p\u00fablicos. &nbsp;<\/p>\n","protected":false},"excerpt":{"rendered":"<p>En este inicio de a\u00f1o escolar, autoridades destacaron las medidas que se est\u00e1n implementando para incentivar la asistencia y la revinculaci\u00f3n de ni\u00f1as, ni\u00f1os y j\u00f3venes, adem\u00e1s de los proyectos de mejoramiento de infraestructura en escuelas y liceos. Recuperar los aprendizajes de las y los estudiantes, revinculando a quienes abandonaron o est\u00e1n abandonando sus escuelas, &#8230;<\/p>\n","protected":false},"author":2,"featured_media":10994,"comment_status":"open","ping_status":"open","sticky":false,"template":"","format":"standard","meta":{"footnotes":""},"categories":[6],"tags":[],"class_list":["post-10993","post","type-post","status-publish","format-standard","has-post-thumbnail","hentry","category-regionales"],"_links":{"self":[{"href":"https:\/\/www.radiolimari.cl\/index.php?rest_route=\/wp\/v2\/posts\/10993","targetHints":{"allow":["GET"]}}],"collection":[{"href":"https:\/\/www.radiolimari.cl\/index.php?rest_route=\/wp\/v2\/posts"}],"about":[{"href":"https:\/\/www.radiolimari.cl\/index.php?rest_route=\/wp\/v2\/types\/post"}],"author":[{"embeddable":true,"href":"https:\/\/www.radiolimari.cl\/index.php?rest_route=\/wp\/v2\/users\/2"}],"replies":[{"embeddable":true,"href":"https:\/\/www.radiolimari.cl\/index.php?rest_route=%2Fwp%2Fv2%2Fcomments&post=10993"}],"version-history":[{"count":1,"href":"https:\/\/www.radiolimari.cl\/index.php?rest_route=\/wp\/v2\/posts\/10993\/revisions"}],"predecessor-version":[{"id":10995,"href":"https:\/\/www.radiolimari.cl\/index.php?rest_route=\/wp\/v2\/posts\/10993\/revisions\/10995"}],"wp:featuredmedia":[{"embeddable":true,"href":"https:\/\/www.radiolimari.cl\/index.php?rest_route=\/wp\/v2\/media\/10994"}],"wp:attachment":[{"href":"https:\/\/www.radiolimari.cl\/index.php?rest_route=%2Fwp%2Fv2%2Fmedia&parent=10993"}],"wp:term":[{"taxonomy":"category","embeddable":true,"href":"https:\/\/www.radiolimari.cl\/index.php?rest_route=%2Fwp%2Fv2%2Fcategories&post=10993"},{"taxonomy":"post_tag","embeddable":true,"href":"https:\/\/www.radiolimari.cl\/index.php?rest_route=%2Fwp%2Fv2%2Ftags&post=10993"}],"curies":[{"name":"wp","href":"https:\/\/api.w.org\/{rel}","templated":true}]}}