{"id":10988,"date":"2024-03-08T00:11:11","date_gmt":"2024-03-08T00:11:11","guid":{"rendered":"https:\/\/www.radiolimari.cl\/?p=10988"},"modified":"2024-03-08T00:11:11","modified_gmt":"2024-03-08T00:11:11","slug":"debate-abierto-el-rol-de-las-masculinidades-en-el-dia-8m","status":"publish","type":"post","link":"https:\/\/www.radiolimari.cl\/?p=10988","title":{"rendered":"Debate abierto: El rol de las masculinidades en el dia 8M"},"content":{"rendered":"\n<figure class=\"wp-block-image size-large\"><a href=\"https:\/\/www.radiolimari.cl\/wp-content\/uploads\/2024\/03\/Alvaro-Leyton-scaled.jpg\"><img fetchpriority=\"high\" decoding=\"async\" width=\"1024\" height=\"683\" src=\"https:\/\/www.radiolimari.cl\/wp-content\/uploads\/2024\/03\/Alvaro-Leyton-1024x683.jpg\" alt=\"\" class=\"wp-image-10989\" srcset=\"https:\/\/www.radiolimari.cl\/wp-content\/uploads\/2024\/03\/Alvaro-Leyton-1024x683.jpg 1024w, https:\/\/www.radiolimari.cl\/wp-content\/uploads\/2024\/03\/Alvaro-Leyton-300x200.jpg 300w, https:\/\/www.radiolimari.cl\/wp-content\/uploads\/2024\/03\/Alvaro-Leyton-768x512.jpg 768w, https:\/\/www.radiolimari.cl\/wp-content\/uploads\/2024\/03\/Alvaro-Leyton-1536x1024.jpg 1536w, https:\/\/www.radiolimari.cl\/wp-content\/uploads\/2024\/03\/Alvaro-Leyton-2048x1365.jpg 2048w\" sizes=\"(max-width: 1024px) 100vw, 1024px\" \/><\/a><\/figure>\n\n\n\n<p>Por <strong><em>\u00c1lvaro Leyton \u2013 Hern\u00e1ndez, acad\u00e9mico de la\u00a0 carrera de Enfermer\u00eda de la U.Central Regi\u00f3n Coquimbo y miembro SOCHISMAD, Sociedad Chilena de Salud en Masculinidades Diversas.<\/em><\/strong><\/p>\n\n\n\n<p>El movimiento feminista ha adquirido especial relevancia en Am\u00e9rica Latina a partir de diversos procesos sociales. En Chile, el estallido social fue protagonizado en gran parte por los grupos feministas, exigiendo igualdad social y de g\u00e9nero.<\/p>\n\n\n\n<p>Desde ah\u00ed es posible trazar una ruta de tensi\u00f3n sobre lo establecido, sobre las diversas manifestaciones sociales del poder, el ejercicio de las formas de violencia y, lo que es fundamental, la forma de convivir en esta sociedad diversa.<\/p>\n\n\n\n<p>Desde esta perspectiva, se ha instalado el 8 de marzo -8M- como una instancia de conmemoraci\u00f3n; un espacio de reflexi\u00f3n y de repensar nuestro rol en la sociedad. Por lo tanto, es perfectamente comprensible la asistencia de miles de mujeres a lo largo del pa\u00eds a las congregaciones entorno a esta fecha, pero no queda tan claro cu\u00e1l deber\u00eda ser el rol de los hombres en esta conmemoraci\u00f3n.<\/p>\n\n\n\n<p>Por otro lado, una de las ideas fuerza de las reclamaciones guarda relaci\u00f3n con el protagonismo social que el patriarcado atribuye de forma casi natural a los hombres, por lo que preguntarse si precisamente son los hombres los encargados de definir este rol hace pensar inmediatamente que se est\u00e1 dejando de lado a las verdaderas protagonistas de esta conmemoraci\u00f3n, que son las mujeres.<\/p>\n\n\n\n<p>\u00bfQu\u00e9 opinan las mujeres? Diversas activistas, tanto del mundo social como acad\u00e9mico coinciden en que m\u00e1s all\u00e1 de definir si los hombres son bienvenidos o no en una marcha, existe la necesidad de repensar si es posible que participen en el feminismo. \u00bfPuede un hombre considerarse feminista? \u00bfexiste un espacio dentro de la inquietud del movimiento? \u00bfSon efectivamente necesarios, entendiendo que tambi\u00e9n son parte del problema? \u00bfEs la lucha feminista, una lucha de mujeres?<\/p>\n\n\n\n<p>Dentro del mismo movimiento feminista existen posturas acerca de estos puntos. Para unas, es imposible concebir un cambio social sin la participaci\u00f3n de los hombres, y para otras fracciones separatistas entienden que las \u00fanicas que pueden acogerse en esto son las mujeres.<\/p>\n\n\n\n<p>Un punto de coincidencia, es el protagonismo que se otorga. En el caso de una marcha o manifestaci\u00f3n, el rol de los hombres es el de acompa\u00f1ar, el de escuchar las demandas y jam\u00e1s poner por delante las propias posturas o inquietudes, sino que contribuir a un movimiento que va m\u00e1s all\u00e1 de los conceptos personales, incluso m\u00e1s all\u00e1 de ellos mismos.<\/p>\n\n\n\n<p>Tambi\u00e9n es importante reconocer el propio lugar en la lucha y en el mundo, especialmente desde la perspectiva de privilegios, y validar tambi\u00e9n el rechazo al macho en la misma instancia, entendiendo que una v\u00edctima de violencia tiene todo el derecho a expresar este repudio abiertamente.<\/p>\n\n\n\n<p>De esta forma, se hace necesario replantearse las preguntas acerca de la participaci\u00f3n en esta conmemoraci\u00f3n, ya que quiz\u00e1s como hombres ser\u00eda mayor el aporte al feminismo en un contexto de lo cotidiano, principalmente cambiando actitudes que afectan al otro g\u00e9nero en el d\u00eda a d\u00eda.<\/p>\n\n\n\n<p>Cuestionarse de qu\u00e9 maneras se reproducen las diferentes formas de violencia de g\u00e9nero y la forma en que actuamos \u2013o no- ante \u00e9sta; romper la complicidad machista, la cual guarda relaci\u00f3n con el acuerdo t\u00e1cito entre hombres respecto de las formas de violencia y de opresi\u00f3n.<\/p>\n\n\n\n<p>Reflexionar sobre esto se transforma entonces en un imperativo \u00e9tico, para as\u00ed dejar de cuestionarse si vas o no a la marcha, y comenzar a decirle a su amigo que pague la pensi\u00f3n de alimentos o que deje de hostigar a su ex.<\/p>\n","protected":false},"excerpt":{"rendered":"<p>Por \u00c1lvaro Leyton \u2013 Hern\u00e1ndez, acad\u00e9mico de la\u00a0 carrera de Enfermer\u00eda de la U.Central Regi\u00f3n Coquimbo y miembro SOCHISMAD, Sociedad Chilena de Salud en Masculinidades Diversas. El movimiento feminista ha adquirido especial relevancia en Am\u00e9rica Latina a partir de diversos procesos sociales. En Chile, el estallido social fue protagonizado en gran parte por los grupos &#8230;<\/p>\n","protected":false},"author":2,"featured_media":10989,"comment_status":"open","ping_status":"open","sticky":false,"template":"","format":"standard","meta":{"footnotes":""},"categories":[3],"tags":[],"class_list":["post-10988","post","type-post","status-publish","format-standard","has-post-thumbnail","hentry","category-actualidad"],"_links":{"self":[{"href":"https:\/\/www.radiolimari.cl\/index.php?rest_route=\/wp\/v2\/posts\/10988","targetHints":{"allow":["GET"]}}],"collection":[{"href":"https:\/\/www.radiolimari.cl\/index.php?rest_route=\/wp\/v2\/posts"}],"about":[{"href":"https:\/\/www.radiolimari.cl\/index.php?rest_route=\/wp\/v2\/types\/post"}],"author":[{"embeddable":true,"href":"https:\/\/www.radiolimari.cl\/index.php?rest_route=\/wp\/v2\/users\/2"}],"replies":[{"embeddable":true,"href":"https:\/\/www.radiolimari.cl\/index.php?rest_route=%2Fwp%2Fv2%2Fcomments&post=10988"}],"version-history":[{"count":1,"href":"https:\/\/www.radiolimari.cl\/index.php?rest_route=\/wp\/v2\/posts\/10988\/revisions"}],"predecessor-version":[{"id":10990,"href":"https:\/\/www.radiolimari.cl\/index.php?rest_route=\/wp\/v2\/posts\/10988\/revisions\/10990"}],"wp:featuredmedia":[{"embeddable":true,"href":"https:\/\/www.radiolimari.cl\/index.php?rest_route=\/wp\/v2\/media\/10989"}],"wp:attachment":[{"href":"https:\/\/www.radiolimari.cl\/index.php?rest_route=%2Fwp%2Fv2%2Fmedia&parent=10988"}],"wp:term":[{"taxonomy":"category","embeddable":true,"href":"https:\/\/www.radiolimari.cl\/index.php?rest_route=%2Fwp%2Fv2%2Fcategories&post=10988"},{"taxonomy":"post_tag","embeddable":true,"href":"https:\/\/www.radiolimari.cl\/index.php?rest_route=%2Fwp%2Fv2%2Ftags&post=10988"}],"curies":[{"name":"wp","href":"https:\/\/api.w.org\/{rel}","templated":true}]}}