{"id":10982,"date":"2024-03-07T23:57:49","date_gmt":"2024-03-07T23:57:49","guid":{"rendered":"https:\/\/www.radiolimari.cl\/?p=10982"},"modified":"2024-03-08T04:26:20","modified_gmt":"2024-03-08T04:26:20","slug":"en-ovalle-se-conmemorara-estw-sabado-el-dia-internacional-de-la-mujer","status":"publish","type":"post","link":"https:\/\/www.radiolimari.cl\/?p=10982","title":{"rendered":"En Ovalle se conmemorar\u00e1 este s\u00e1bado el D\u00eda Internacional de la Mujer"},"content":{"rendered":"\n<figure class=\"wp-block-image size-large\"><a href=\"https:\/\/www.radiolimari.cl\/wp-content\/uploads\/2024\/03\/FB_IMG_1709855832102.jpg\"><img fetchpriority=\"high\" decoding=\"async\" width=\"819\" height=\"1024\" src=\"https:\/\/www.radiolimari.cl\/wp-content\/uploads\/2024\/03\/FB_IMG_1709855832102-819x1024.jpg\" alt=\"\" class=\"wp-image-10983\" srcset=\"https:\/\/www.radiolimari.cl\/wp-content\/uploads\/2024\/03\/FB_IMG_1709855832102-819x1024.jpg 819w, https:\/\/www.radiolimari.cl\/wp-content\/uploads\/2024\/03\/FB_IMG_1709855832102-240x300.jpg 240w, https:\/\/www.radiolimari.cl\/wp-content\/uploads\/2024\/03\/FB_IMG_1709855832102-768x960.jpg 768w, https:\/\/www.radiolimari.cl\/wp-content\/uploads\/2024\/03\/FB_IMG_1709855832102.jpg 1080w\" sizes=\"(max-width: 819px) 100vw, 819px\" \/><\/a><\/figure>\n\n\n\n<p><strong><em>El acto conmemorativo, organizado por el municipio de Ovalle, se llevar\u00e1 a cabo el pr\u00f3ximo s\u00e1bado 9 de marzo, desde las 19.00 horas, en la plaza de armas. En la ocasi\u00f3n, el alcalde Jonathan Acu\u00f1a Rojas y los integrantes del Concejo Municipal entregar\u00e1n un reconocimiento a 10 mujeres de la comuna. Adem\u00e1s, habr\u00e1 un espect\u00e1culo art\u00edstico, en el que se presentar\u00e1n los cantantes PAE, Ignacio Araneda y el grupo La Descendencia Chilena.&nbsp; <\/em><\/strong><strong><em>&nbsp;<\/em><\/strong><\/p>\n\n\n\n<p>El pr\u00f3ximo s\u00e1bado 9 de marzo, desde las 19.00 horas, en la plaza de armas, se realizar\u00e1 el acto de conmemoraci\u00f3n del D\u00eda Internacional de la Mujer organizado por el municipio de Ovalle, a trav\u00e9s de la Direcci\u00f3n de Desarrollo Comunitario.<\/p>\n\n\n\n<p>En la oportunidad, el alcalde Jonathan Acu\u00f1a y los ocho integrantes del Concejo Municipal entregar\u00e1n distinciones a 10 mujeres, quienes fueron elegidas para recibir este reconocimiento por su \u00edmpetu, esfuerzo y por ser un ejemplo para la sociedad. Previamente, en la ceremonia, se leer\u00e1 una rese\u00f1a para que la comunidad conozca su historia de vida y la razones para recibir este homenaje.<\/p>\n\n\n\n<p>\u201cComo municipio queremos destacar el rol de la mujer, como jefa de hogar, madre y trabajadora, tambi\u00e9n aquellas que ejercen un rol de liderazgo, que en su conjunto aportan al desarrollo y progreso de los territorios y la comunidad local. Es por este motivo que tendremos una emotiva ceremonia de conmemoraci\u00f3n del D\u00eda de la Mujer. Es importante que en estos espacios podamos dialogar y reflexionar en torno a las brechas de desigualdad que todav\u00eda existen y que en conjunto podamos ir construyendo caminos, para acercarnos a la equidad y justicia que se merecen. Invitamos a las familias ovallinas, porque adem\u00e1s podremos disfrutar de espect\u00e1culo art\u00edstico, para el reconocimiento de todas las mujeres de nuestra comuna\u201d indic\u00f3 el alcalde de Ovalle, Jonathan Acu\u00f1a Rojas.<\/p>\n\n\n\n<p>La ceremonia se iniciar\u00e1 a las 19.00 horas, con el reconocimiento de 10 mujeres, quienes recibir\u00e1n un reconocimiento de las autoridades locales. Luego, comenzar\u00e1 el espect\u00e1culo art\u00edstico con la presentaci\u00f3n de la cantante ovallina PAE, quien interpretar\u00e1 \u00e9xitos rom\u00e1nticos y del recuerdo. Posteriormente, ser\u00e1 el turno de Ignacio Araneda, finalista de la \u00faltima temporada del programa de Chilevisi\u00f3n, The Voice Chile, gracias a las buenas evaluaciones del jurado, tras sus impecables presentaciones, que los ovallinos y ovallinas podr\u00e1n disfrutar. En tanto, el cierre de esta actividad conmemorativa estar\u00e1 a cargo de la m\u00fasica ranchera norte\u00f1a del grupo nacional La Descendencia Chilena, quienes llenar\u00e1n de romanticismo esta jornada dedicada a las mujeres ovallinas.<\/p>\n","protected":false},"excerpt":{"rendered":"<p>El acto conmemorativo, organizado por el municipio de Ovalle, se llevar\u00e1 a cabo el pr\u00f3ximo s\u00e1bado 9 de marzo, desde las 19.00 horas, en la plaza de armas. En la ocasi\u00f3n, el alcalde Jonathan Acu\u00f1a Rojas y los integrantes del Concejo Municipal entregar\u00e1n un reconocimiento a 10 mujeres de la comuna. Adem\u00e1s, habr\u00e1 un espect\u00e1culo &#8230;<\/p>\n","protected":false},"author":2,"featured_media":10983,"comment_status":"open","ping_status":"open","sticky":false,"template":"","format":"standard","meta":{"footnotes":""},"categories":[5],"tags":[],"class_list":["post-10982","post","type-post","status-publish","format-standard","has-post-thumbnail","hentry","category-actualidad-limarina"],"_links":{"self":[{"href":"https:\/\/www.radiolimari.cl\/index.php?rest_route=\/wp\/v2\/posts\/10982","targetHints":{"allow":["GET"]}}],"collection":[{"href":"https:\/\/www.radiolimari.cl\/index.php?rest_route=\/wp\/v2\/posts"}],"about":[{"href":"https:\/\/www.radiolimari.cl\/index.php?rest_route=\/wp\/v2\/types\/post"}],"author":[{"embeddable":true,"href":"https:\/\/www.radiolimari.cl\/index.php?rest_route=\/wp\/v2\/users\/2"}],"replies":[{"embeddable":true,"href":"https:\/\/www.radiolimari.cl\/index.php?rest_route=%2Fwp%2Fv2%2Fcomments&post=10982"}],"version-history":[{"count":2,"href":"https:\/\/www.radiolimari.cl\/index.php?rest_route=\/wp\/v2\/posts\/10982\/revisions"}],"predecessor-version":[{"id":10992,"href":"https:\/\/www.radiolimari.cl\/index.php?rest_route=\/wp\/v2\/posts\/10982\/revisions\/10992"}],"wp:featuredmedia":[{"embeddable":true,"href":"https:\/\/www.radiolimari.cl\/index.php?rest_route=\/wp\/v2\/media\/10983"}],"wp:attachment":[{"href":"https:\/\/www.radiolimari.cl\/index.php?rest_route=%2Fwp%2Fv2%2Fmedia&parent=10982"}],"wp:term":[{"taxonomy":"category","embeddable":true,"href":"https:\/\/www.radiolimari.cl\/index.php?rest_route=%2Fwp%2Fv2%2Fcategories&post=10982"},{"taxonomy":"post_tag","embeddable":true,"href":"https:\/\/www.radiolimari.cl\/index.php?rest_route=%2Fwp%2Fv2%2Ftags&post=10982"}],"curies":[{"name":"wp","href":"https:\/\/api.w.org\/{rel}","templated":true}]}}