{"id":10979,"date":"2024-03-07T21:52:11","date_gmt":"2024-03-07T21:52:11","guid":{"rendered":"https:\/\/www.radiolimari.cl\/?p=10979"},"modified":"2024-03-07T21:52:11","modified_gmt":"2024-03-07T21:52:11","slug":"carabineros-ha-decomisado-mas-de-130-armas-de-fuego-en-la-provincia-del-elqui","status":"publish","type":"post","link":"https:\/\/www.radiolimari.cl\/?p=10979","title":{"rendered":"Carabineros ha decomisado m\u00e1s de 130 armas de fuego en la provincia del Elqui."},"content":{"rendered":"\n<figure class=\"wp-block-image size-full is-resized\"><a href=\"https:\/\/www.radiolimari.cl\/wp-content\/uploads\/2024\/03\/IMG-20240307-WA0007.jpg\"><img fetchpriority=\"high\" decoding=\"async\" width=\"1024\" height=\"683\" src=\"https:\/\/www.radiolimari.cl\/wp-content\/uploads\/2024\/03\/IMG-20240307-WA0007.jpg\" alt=\"\" class=\"wp-image-10980\" style=\"width:375px;height:auto\" srcset=\"https:\/\/www.radiolimari.cl\/wp-content\/uploads\/2024\/03\/IMG-20240307-WA0007.jpg 1024w, https:\/\/www.radiolimari.cl\/wp-content\/uploads\/2024\/03\/IMG-20240307-WA0007-300x200.jpg 300w, https:\/\/www.radiolimari.cl\/wp-content\/uploads\/2024\/03\/IMG-20240307-WA0007-768x512.jpg 768w\" sizes=\"(max-width: 1024px) 100vw, 1024px\" \/><\/a><\/figure>\n\n\n\n<p><strong><em>Pr\u00e1cticamente un arma al d\u00eda, 26 al mes y 131 artefactos de fuego desde noviembre a la fecha, es lo que ha logrado decomisar Carabineros en la Provincia del Elqui.<\/em><\/strong><\/p>\n\n\n\n<p>Las incautaciones, que son el resultado tanto de procedimientos policiales como de entregas voluntarias por parte de la comunidad, forman parte de la estrategia operativa de la polic\u00eda uniformada, enfocada en disminuir el poder de fuego en las calles de la regi\u00f3n.<\/p>\n\n\n\n<p><strong>\u00abEsto es prevenci\u00f3n pura. Cuando sacamos un arma de circulaci\u00f3n, estamos evitando un delito, estamos salvando una vida, estamos entregando de manera concreta, m\u00e1s seguridad. Por eso, es necesario destacar tambi\u00e9n la labor de los carabineros, que arriesgan su vida en cada procedimiento para proteger al pr\u00f3jimo, y tambi\u00e9n valorar y agradecer a la comunidad, que de manera voluntaria ha confiado en nosotros y nos ha entregado las armas, entendiendo el riesgo que conlleva tener alguno de estos artefactos en sus hogares\u00bb<\/strong>, indic\u00f3 el Jefe de Zona de Carabineros Coquimbo, General Juan Mu\u00f1oz Montero.<\/p>\n\n\n\n<p>De acuerdo a las estad\u00edsticas de la Autoridad Fiscalizadora de Carabineros de la regi\u00f3n de Coquimbo -secci\u00f3n a cargo del control de armas en la instituci\u00f3n uniformada, un 76% de los artefactos de fuego fue decomisado en La Serena, mientras que 31 de ellos se incautaron en Coquimbo.<\/p>\n\n\n\n<p>En cuanto al tipo de arma, 70 dispositivos corresponden a armas cortas, mientras que 61 son armas largas.<\/p>\n\n\n\n<p>Estas cifras, se dan a conocer en la regi\u00f3n a una semana de que el gobierno anunciara un fortalecimiento en el plan de control de armas, enfocado precisamente en la necesidad de disminuir la circulaci\u00f3n de este tipo de elementos.<\/p>\n\n\n\n<p><strong>\u201cFelicitamos la labor que est\u00e1 realizando Carabineros. Son 131 armas, en su mayor\u00eda entregadas de forma voluntaria, las que pudieron producir un accidente, intimidar o ser utilizada en alg\u00fan delito. Por ello es que nuestro llamado es a que entreguen estas armas, queremos sacar de circulaci\u00f3n la mayor cantidad posible de armas y reducir el poder de fuego, sobre todo para los delincuente. Que en cinco meses Carabineros retire de circulaci\u00f3n esta cantidad de armamento, es algo muy destacable\u201d<\/strong>, dijo el Delegado Presidencial Regional, Galo Luna Penna.<\/p>\n\n\n\n<p>En esa misma l\u00ednea, Carabineros viene trabajando en una estrategia operativa enfocada en m\u00e1s fiscalizaciones en terreno, decomisando elementos utilizados en delitos violentos y de mayor connotaci\u00f3n social, pero tambi\u00e9n ha fortalecido el llamado a la entrega voluntaria de armas, obteniendo una positiva respuesta por parte de la comunidad. De hecho, entre los 131 dispositivos presentados en la Prefectura Coquimbo, se encuentran aquellas armas pertenecientes a ciudadanos fallecidos, que son entregadas por familiares; y vecinos que han optado por entregarlas estando ellos en una posesi\u00f3n ilegal de Tenencia de armas de fuego.<\/p>\n","protected":false},"excerpt":{"rendered":"<p>Pr\u00e1cticamente un arma al d\u00eda, 26 al mes y 131 artefactos de fuego desde noviembre a la fecha, es lo que ha logrado decomisar Carabineros en la Provincia del Elqui. Las incautaciones, que son el resultado tanto de procedimientos policiales como de entregas voluntarias por parte de la comunidad, forman parte de la estrategia operativa &#8230;<\/p>\n","protected":false},"author":2,"featured_media":10980,"comment_status":"open","ping_status":"open","sticky":false,"template":"","format":"standard","meta":{"footnotes":""},"categories":[6],"tags":[],"class_list":["post-10979","post","type-post","status-publish","format-standard","has-post-thumbnail","hentry","category-regionales"],"_links":{"self":[{"href":"https:\/\/www.radiolimari.cl\/index.php?rest_route=\/wp\/v2\/posts\/10979","targetHints":{"allow":["GET"]}}],"collection":[{"href":"https:\/\/www.radiolimari.cl\/index.php?rest_route=\/wp\/v2\/posts"}],"about":[{"href":"https:\/\/www.radiolimari.cl\/index.php?rest_route=\/wp\/v2\/types\/post"}],"author":[{"embeddable":true,"href":"https:\/\/www.radiolimari.cl\/index.php?rest_route=\/wp\/v2\/users\/2"}],"replies":[{"embeddable":true,"href":"https:\/\/www.radiolimari.cl\/index.php?rest_route=%2Fwp%2Fv2%2Fcomments&post=10979"}],"version-history":[{"count":1,"href":"https:\/\/www.radiolimari.cl\/index.php?rest_route=\/wp\/v2\/posts\/10979\/revisions"}],"predecessor-version":[{"id":10981,"href":"https:\/\/www.radiolimari.cl\/index.php?rest_route=\/wp\/v2\/posts\/10979\/revisions\/10981"}],"wp:featuredmedia":[{"embeddable":true,"href":"https:\/\/www.radiolimari.cl\/index.php?rest_route=\/wp\/v2\/media\/10980"}],"wp:attachment":[{"href":"https:\/\/www.radiolimari.cl\/index.php?rest_route=%2Fwp%2Fv2%2Fmedia&parent=10979"}],"wp:term":[{"taxonomy":"category","embeddable":true,"href":"https:\/\/www.radiolimari.cl\/index.php?rest_route=%2Fwp%2Fv2%2Fcategories&post=10979"},{"taxonomy":"post_tag","embeddable":true,"href":"https:\/\/www.radiolimari.cl\/index.php?rest_route=%2Fwp%2Fv2%2Ftags&post=10979"}],"curies":[{"name":"wp","href":"https:\/\/api.w.org\/{rel}","templated":true}]}}