{"id":10976,"date":"2024-03-07T00:42:50","date_gmt":"2024-03-07T00:42:50","guid":{"rendered":"https:\/\/www.radiolimari.cl\/?p=10976"},"modified":"2024-03-07T00:42:52","modified_gmt":"2024-03-07T00:42:52","slug":"ad-portas-del-8m-chile-contara-con-ley-integral-contra-la-violencia-hacia-las-mujeres","status":"publish","type":"post","link":"https:\/\/www.radiolimari.cl\/?p=10976","title":{"rendered":"Ad-portas del 8M, Chile contar\u00e1 con Ley Integral contra la violencia hacia las mujeres."},"content":{"rendered":"\n<figure class=\"wp-block-image size-large\"><a href=\"https:\/\/www.radiolimari.cl\/wp-content\/uploads\/2024\/03\/IMG-20240306-WA0001.jpg\"><img fetchpriority=\"high\" decoding=\"async\" width=\"1024\" height=\"766\" src=\"https:\/\/www.radiolimari.cl\/wp-content\/uploads\/2024\/03\/IMG-20240306-WA0001-1024x766.jpg\" alt=\"\" class=\"wp-image-10977\" srcset=\"https:\/\/www.radiolimari.cl\/wp-content\/uploads\/2024\/03\/IMG-20240306-WA0001-1024x766.jpg 1024w, https:\/\/www.radiolimari.cl\/wp-content\/uploads\/2024\/03\/IMG-20240306-WA0001-300x225.jpg 300w, https:\/\/www.radiolimari.cl\/wp-content\/uploads\/2024\/03\/IMG-20240306-WA0001-768x575.jpg 768w, https:\/\/www.radiolimari.cl\/wp-content\/uploads\/2024\/03\/IMG-20240306-WA0001.jpg 1280w\" sizes=\"(max-width: 1024px) 100vw, 1024px\" \/><\/a><\/figure>\n\n\n\n<p><strong><em>El Congreso aprob\u00f3 de forma transversal la Ley Integral para prevenir, sancionar y erradicar la violencia de g\u00e9nero, la cual establece las bases y lineamientos para abordar la violencia contra las mujeres en sus distintas expresiones, y los deberes del Estado en la materia. El Gobierno del Presidente Boric dio prioridad legislativa a la iniciativa, que fue ingresada por la primera ministra de la Mujer de Chile, el a\u00f1o 2017.<\/em><\/strong><\/p>\n\n\n\n<p><strong>&nbsp;\u201cLas mujeres siempre partimos desde el punto que nos dejaron las anteriores. Y si nuestras abuelas pudieron ser de las primeras en ingresar al trabajo remunerado formal, si las mujeres recuperaron la democracia, si pudimos tener las primeras leyes de violencia intrafamiliar, femicidio y la creaci\u00f3n del Ministerio de la Mujer, hoy tambi\u00e9n hemos dado un nuevo paso para las pr\u00f3ximas generaciones, para poder tener una Ley Integral en contra de la violencia\u201d,<\/strong> se\u00f1al\u00f3 la ministra de la Mujer y la Equidad de G\u00e9nero, Antonia Orellana Guarello, luego de aprobarse esta iniciativa que llevaba cerca de siete a\u00f1os de tramitaci\u00f3n y a la cual el Gobierno puso prioridad legislativa e introdujo diversas actualizaciones. &nbsp;<\/p>\n\n\n\n<p>Junto con reconocer a la sociedad civil, <strong>\u201cque mantuvo vivo este proyecto durante siete a\u00f1os\u201d, la ministra agradeci\u00f3 la votaci\u00f3n transversal que tuvo la ley en la C\u00e1mara y el Senado. \u201cEso nos muestra que la violencia contra las mujeres es una prioridad que debe ser de Estado y que no est\u00e1 circunscrita tan solo a un sector, sino que podemos enfrentarla a trav\u00e9s de acuerdos amplios\u201d. <\/strong>En este sentido, valor\u00f3 el trabajo transversal de las diputadas y senadoras e hizo menci\u00f3n especial a las parlamentarias de Dem\u00f3cratas, Renovaci\u00f3n Nacional y de la UDI,<strong> \u201cque nos acompa\u00f1aron en este tr\u00e1mite y que vieron lo importante que es esto para la mayor\u00eda de las mujeres y tambi\u00e9n del pa\u00eds y que estuvieron dispuestas a encontrar acuerdos\u201d<\/strong>.<\/p>\n\n\n\n<p>Se trata de un marco normativo para abordar la prevenci\u00f3n, sanci\u00f3n y erradicaci\u00f3n de la violencia contra las mujeres en raz\u00f3n de su g\u00e9nero, que establece las bases y lineamientos para su abordaje, y los deberes de los distintos \u00f3rganos del Estado en esta materia, acorde a los compromisos emanados de la Convenci\u00f3n de Bel\u00e9m do Par\u00e1, instrumento internacional suscrito y ratificado por Chile desde 1996.<\/p>\n\n\n\n<p>Para la Seremi de la Mujer y la Equidad de G\u00e9nero, Mar\u00eda Fernanda Glaser, <strong>\u201cesto viene a elevar el est\u00e1ndar con el que hemos respondido como Estado a la violencia estructural que viven las mujeres y las ni\u00f1as de nuestro pa\u00eds. Para la Regi\u00f3n de Coquimbo esto significa un tremendo avance para garantiza derechos, la debida diligencia y mejores mecanismos legales, por lo que las denuncias llegar\u00e1n a mejor puerto. Es el resultado del trabajo del Gobierno y del Ministerio, para asegurar el derecho de las mujeres a una vida sin violencia\u201d<\/strong>.<\/p>\n\n\n\n<p>Entre muchos otros aspectos, una vez promulgada, la ley permitir\u00e1 <strong>mejorar la fiscalizaci\u00f3n de las medidas cautelares<\/strong> y establecer un mecanismo de supervisi\u00f3n judicial para garantizar su cumplimiento y pertinencia. Adem\u00e1s, <strong>ampl\u00eda las medidas cautelares <\/strong>a delitos y agresiones que ocurran fuera de relaciones filiales, afectivas o de convivencia. Hasta ahora, solo se pueden decretar medidas cautelares inmediatas en los casos de violencia intrafamiliar.<\/p>\n\n\n\n<p><br>Asimismo, la ley fortalecer\u00e1 el rol de representaci\u00f3n jur\u00eddica del SernamEG en casos de femicidios o suicidios femicidas para llegar antes y m\u00e1s r\u00e1pido; garantiza la asistencia y representaci\u00f3n judicial gratuita a las v\u00edctimas de violencia de g\u00e9nero;&nbsp; incorporar\u00e1 a los ni\u00f1os y ni\u00f1as como v\u00edctimas de la violencia que viven sus madres o cuidadoras y no solo como testigos, y permitir\u00e1 contar con un sistema de gesti\u00f3n integral de casos, para que todos los organismos que trabajan en la prevenci\u00f3n, atenci\u00f3n y reparaci\u00f3n de la violencia contra la mujer, cuenten con la misma informaci\u00f3n y puedan intervenir y articularse eficientemente, evitando -adem\u00e1s- la revictimizaci\u00f3n.<\/p>\n\n\n\n<p>Esta ley define el concepto de violencia de g\u00e9nero y sus distintas expresiones, como, por ejemplo, f\u00edsica, psicol\u00f3gica, sexual, econ\u00f3mica, gineco-obst\u00e9trica, entre otras. Desde un enfoque preventivo, el objetivo es propiciar la elaboraci\u00f3n e implementaci\u00f3n de planes, programas y protocolos para su prevenci\u00f3n.&nbsp;<\/p>\n\n\n\n<p>Algo fundamental es que esta iniciativa -ingresada por la primera ministra de la Mujer de Chile, Claudia Pascual- establece los deberes de los \u00f3rganos del Estado en materia de prevenci\u00f3n, investigaci\u00f3n protecci\u00f3n, sanci\u00f3n y reparaci\u00f3n de violencia contra las mujeres, y les mandata a actuar con <strong>est\u00e1ndares de debida diligencia<\/strong>, lo que implica que investiguen o juzguen hechos de violencia de g\u00e9nero, seg\u00fan corresponda, y adopten medidas oportunas, id\u00f3neas, y exhaustivas para garantizar el acceso a la justicia, y as\u00ed evitar el archivo de casos.<\/p>\n\n\n\n<p>Otro cambio fundamental es que dispone que no se podr\u00e1 aplicar la atenuante de haber actuado por arrebato o una ofuscaci\u00f3n tenaz.<\/p>\n","protected":false},"excerpt":{"rendered":"<p>El Congreso aprob\u00f3 de forma transversal la Ley Integral para prevenir, sancionar y erradicar la violencia de g\u00e9nero, la cual establece las bases y lineamientos para abordar la violencia contra las mujeres en sus distintas expresiones, y los deberes del Estado en la materia. El Gobierno del Presidente Boric dio prioridad legislativa a la iniciativa, &#8230;<\/p>\n","protected":false},"author":2,"featured_media":10977,"comment_status":"open","ping_status":"open","sticky":false,"template":"","format":"standard","meta":{"footnotes":""},"categories":[3],"tags":[],"class_list":["post-10976","post","type-post","status-publish","format-standard","has-post-thumbnail","hentry","category-actualidad"],"_links":{"self":[{"href":"https:\/\/www.radiolimari.cl\/index.php?rest_route=\/wp\/v2\/posts\/10976","targetHints":{"allow":["GET"]}}],"collection":[{"href":"https:\/\/www.radiolimari.cl\/index.php?rest_route=\/wp\/v2\/posts"}],"about":[{"href":"https:\/\/www.radiolimari.cl\/index.php?rest_route=\/wp\/v2\/types\/post"}],"author":[{"embeddable":true,"href":"https:\/\/www.radiolimari.cl\/index.php?rest_route=\/wp\/v2\/users\/2"}],"replies":[{"embeddable":true,"href":"https:\/\/www.radiolimari.cl\/index.php?rest_route=%2Fwp%2Fv2%2Fcomments&post=10976"}],"version-history":[{"count":1,"href":"https:\/\/www.radiolimari.cl\/index.php?rest_route=\/wp\/v2\/posts\/10976\/revisions"}],"predecessor-version":[{"id":10978,"href":"https:\/\/www.radiolimari.cl\/index.php?rest_route=\/wp\/v2\/posts\/10976\/revisions\/10978"}],"wp:featuredmedia":[{"embeddable":true,"href":"https:\/\/www.radiolimari.cl\/index.php?rest_route=\/wp\/v2\/media\/10977"}],"wp:attachment":[{"href":"https:\/\/www.radiolimari.cl\/index.php?rest_route=%2Fwp%2Fv2%2Fmedia&parent=10976"}],"wp:term":[{"taxonomy":"category","embeddable":true,"href":"https:\/\/www.radiolimari.cl\/index.php?rest_route=%2Fwp%2Fv2%2Fcategories&post=10976"},{"taxonomy":"post_tag","embeddable":true,"href":"https:\/\/www.radiolimari.cl\/index.php?rest_route=%2Fwp%2Fv2%2Ftags&post=10976"}],"curies":[{"name":"wp","href":"https:\/\/api.w.org\/{rel}","templated":true}]}}