{"id":10970,"date":"2024-03-05T22:53:30","date_gmt":"2024-03-05T22:53:30","guid":{"rendered":"https:\/\/www.radiolimari.cl\/?p=10970"},"modified":"2024-03-05T22:53:31","modified_gmt":"2024-03-05T22:53:31","slug":"5-marzo-13-257-estudiantes-ingresaron-a-clases-en-la-serena","status":"publish","type":"post","link":"https:\/\/www.radiolimari.cl\/?p=10970","title":{"rendered":"5 marzo: 13.257 ESTUDIANTES INGRESARON A CLASES EN LA SERENA"},"content":{"rendered":"\n<figure class=\"wp-block-image size-large\"><a href=\"https:\/\/www.radiolimari.cl\/wp-content\/uploads\/2024\/03\/DSC_0041-scaled.jpg\"><img fetchpriority=\"high\" decoding=\"async\" width=\"1024\" height=\"683\" src=\"https:\/\/www.radiolimari.cl\/wp-content\/uploads\/2024\/03\/DSC_0041-1024x683.jpg\" alt=\"\" class=\"wp-image-10971\" srcset=\"https:\/\/www.radiolimari.cl\/wp-content\/uploads\/2024\/03\/DSC_0041-1024x683.jpg 1024w, https:\/\/www.radiolimari.cl\/wp-content\/uploads\/2024\/03\/DSC_0041-300x200.jpg 300w, https:\/\/www.radiolimari.cl\/wp-content\/uploads\/2024\/03\/DSC_0041-768x512.jpg 768w, https:\/\/www.radiolimari.cl\/wp-content\/uploads\/2024\/03\/DSC_0041-1536x1024.jpg 1536w, https:\/\/www.radiolimari.cl\/wp-content\/uploads\/2024\/03\/DSC_0041-2048x1365.jpg 2048w\" sizes=\"(max-width: 1024px) 100vw, 1024px\" \/><\/a><\/figure>\n\n\n\n<p><strong><em>Con horarios de ingreso diferidos, 42 establecimientos educacionales municipales abrieron sus puertas desde las 7AM. Adem\u00e1s, se realiz\u00f3 el lanzamiento regional de la campa\u00f1a \u201cVolvamos a clases, que nadie falte\u201d, del MINEDUC.<\/em><\/strong><\/p>\n\n\n\n<p>En el Colegio Jos\u00e9 Manuel Balmaceda, se realiz\u00f3 el saludo protocolar de directivos y autoridades de educaci\u00f3n, municipal y regional, para dar la bienvenida a estudiantes, profesores, asistentes de la educaci\u00f3n y funcionarios al inicio del a\u00f1o escolar 2024.&nbsp;<\/p>\n\n\n\n<p>Presente en el acto, Sandra Castro Carvajal, Directora Departamento de Educaci\u00f3n Corporaci\u00f3n Municipal Gabriel Gonz\u00e1lez Videla de La Serena, se\u00f1ala. \u201cEstamos en este colegio para agradecer y felicitar principalmente a los padres y apoderados que han hecho un trabajo impecable en el colegio, de colaboraci\u00f3n, de ayuda y apoyo. Es lo que queremos, un colegio de puertas abiertas a la comuna, como todos nuestros establecimientos, donde los padres y apoderados sean parte tambi\u00e9n del progreso de nuestros estudiantes\u201d.<\/p>\n\n\n\n<p>Desde prek\u00ednder hasta cuarto medio, 562 estudiantes est\u00e1n matriculados para el presente a\u00f1o en el Colegio Jos\u00e9 Manuel Balmaceda, que registr\u00f3 asistencia completa. Cecilia Rodr\u00edguez, Directora del establecimiento con excelencia acad\u00e9mica, comenta. \u201cEl inicio del a\u00f1o escolar para nosotros fue el primero de marzo. Hemos tomado medidas para contribuir a que nuestros estudiantes asistan, brind\u00e1ndoles todo el apoyo a los apoderados, para que conf\u00eden en nosotros, que sepan que sus hijos est\u00e1n protegidos, atendidos por nuestra planta de 36 profesores y 42 asistentes de la educaci\u00f3n, para entregar un servicio de calidad como se lo merecen los ni\u00f1os de nuestra comuna\u201d.<\/p>\n\n\n\n<p>Al finalizar el acto simb\u00f3lico, Cecilia Ram\u00edrez Ch\u00e1vez, SEREMI Educaci\u00f3n Regi\u00f3n de Coquimbo, present\u00f3 la campa\u00f1a \u201cVolvamos clases, que nadie falte\u201d, que busca concientizar a las familias, docentes, educadoras, equipos directivos, comunidades educativas y toda la ciudadan\u00eda, sobre todo a madres, padres y adultos responsables de los estudiantes de nuestra regi\u00f3n, sobre la importancia de la asistencia a clases todos los d\u00edas. \u201cLa clase presencial es insustituible, pero no solamente en la adquisici\u00f3n del contenido del curr\u00edculum nacional, sino que sobre todo en el desarrollo de habilidades socioemocionales, que todos los seres humanos necesitamos aprender y desarrollar a lo largo de nuestra vida, para as\u00ed poder tener tambi\u00e9n una trayectoria vital exitosa y poder convivir con otras personas en la sociedad. Es necesario que asistan a clases, tenemos que recuperar y mejorar nuestra asistencia a clases, y si bien hemos ido repuntando, necesitamos m\u00e1s esfuerzo de los adultos\u201d.<\/p>\n\n\n\n<p>Tambi\u00e9n, la educaci\u00f3n de p\u00e1rvulos comenz\u00f3 su proceso de ingreso para los ni\u00f1os y ni\u00f1as que asisten por primera vez a los jardines infantiles y salas cunas VTF municipales de La Serena.<\/p>\n","protected":false},"excerpt":{"rendered":"<p>Con horarios de ingreso diferidos, 42 establecimientos educacionales municipales abrieron sus puertas desde las 7AM. Adem\u00e1s, se realiz\u00f3 el lanzamiento regional de la campa\u00f1a \u201cVolvamos a clases, que nadie falte\u201d, del MINEDUC. En el Colegio Jos\u00e9 Manuel Balmaceda, se realiz\u00f3 el saludo protocolar de directivos y autoridades de educaci\u00f3n, municipal y regional, para dar la &#8230;<\/p>\n","protected":false},"author":2,"featured_media":10971,"comment_status":"open","ping_status":"open","sticky":false,"template":"","format":"standard","meta":{"footnotes":""},"categories":[6],"tags":[],"class_list":["post-10970","post","type-post","status-publish","format-standard","has-post-thumbnail","hentry","category-regionales"],"_links":{"self":[{"href":"https:\/\/www.radiolimari.cl\/index.php?rest_route=\/wp\/v2\/posts\/10970","targetHints":{"allow":["GET"]}}],"collection":[{"href":"https:\/\/www.radiolimari.cl\/index.php?rest_route=\/wp\/v2\/posts"}],"about":[{"href":"https:\/\/www.radiolimari.cl\/index.php?rest_route=\/wp\/v2\/types\/post"}],"author":[{"embeddable":true,"href":"https:\/\/www.radiolimari.cl\/index.php?rest_route=\/wp\/v2\/users\/2"}],"replies":[{"embeddable":true,"href":"https:\/\/www.radiolimari.cl\/index.php?rest_route=%2Fwp%2Fv2%2Fcomments&post=10970"}],"version-history":[{"count":1,"href":"https:\/\/www.radiolimari.cl\/index.php?rest_route=\/wp\/v2\/posts\/10970\/revisions"}],"predecessor-version":[{"id":10972,"href":"https:\/\/www.radiolimari.cl\/index.php?rest_route=\/wp\/v2\/posts\/10970\/revisions\/10972"}],"wp:featuredmedia":[{"embeddable":true,"href":"https:\/\/www.radiolimari.cl\/index.php?rest_route=\/wp\/v2\/media\/10971"}],"wp:attachment":[{"href":"https:\/\/www.radiolimari.cl\/index.php?rest_route=%2Fwp%2Fv2%2Fmedia&parent=10970"}],"wp:term":[{"taxonomy":"category","embeddable":true,"href":"https:\/\/www.radiolimari.cl\/index.php?rest_route=%2Fwp%2Fv2%2Fcategories&post=10970"},{"taxonomy":"post_tag","embeddable":true,"href":"https:\/\/www.radiolimari.cl\/index.php?rest_route=%2Fwp%2Fv2%2Ftags&post=10970"}],"curies":[{"name":"wp","href":"https:\/\/api.w.org\/{rel}","templated":true}]}}