{"id":10964,"date":"2024-03-05T22:37:19","date_gmt":"2024-03-05T22:37:19","guid":{"rendered":"https:\/\/www.radiolimari.cl\/?p=10964"},"modified":"2024-03-05T22:37:20","modified_gmt":"2024-03-05T22:37:20","slug":"en-la-comuna-de-monte-patria-establecimientos-educacionales-retornan-a-clases-con-importantes-anuncios-para-sus-comunidades-educativas","status":"publish","type":"post","link":"https:\/\/www.radiolimari.cl\/?p=10964","title":{"rendered":"En la comuna de Monte Patria Establecimientos educacionales retornan a clases con importantes anuncios para sus comunidades educativas"},"content":{"rendered":"\n<figure class=\"wp-block-image size-large\"><a href=\"https:\/\/www.radiolimari.cl\/wp-content\/uploads\/2024\/03\/DSC03836-scaled.jpg\"><img fetchpriority=\"high\" decoding=\"async\" width=\"1024\" height=\"683\" src=\"https:\/\/www.radiolimari.cl\/wp-content\/uploads\/2024\/03\/DSC03836-1024x683.jpg\" alt=\"\" class=\"wp-image-10965\" srcset=\"https:\/\/www.radiolimari.cl\/wp-content\/uploads\/2024\/03\/DSC03836-1024x683.jpg 1024w, https:\/\/www.radiolimari.cl\/wp-content\/uploads\/2024\/03\/DSC03836-300x200.jpg 300w, https:\/\/www.radiolimari.cl\/wp-content\/uploads\/2024\/03\/DSC03836-768x512.jpg 768w, https:\/\/www.radiolimari.cl\/wp-content\/uploads\/2024\/03\/DSC03836-1536x1024.jpg 1536w, https:\/\/www.radiolimari.cl\/wp-content\/uploads\/2024\/03\/DSC03836-2048x1365.jpg 2048w\" sizes=\"(max-width: 1024px) 100vw, 1024px\" \/><\/a><\/figure>\n\n\n\n<p><strong><em>El inicio del a\u00f1o escolar comenz\u00f3 en la comuna de los valles generosos el pasado 27 de febrero.<\/em><\/strong><\/p>\n\n\n\n<p>Las vacaciones de verano terminaron y paulatinamente los establecimientos escolares de la comuna comienzan a abrir sus puertas para recibir a los m\u00e1s de 4.500 estudiantes en sus aulas. En ese sentido, la escuela Juntas fue el primer recinto escolar en dar inicio al a\u00f1o acad\u00e9mico el pasado lunes 27 de febrero en el territorio.<\/p>\n\n\n\n<p>Alzas en las matr\u00edculas y un importante anuncio sobre los avances del proyecto del liceo de contingencia por parte del alcalde Cristian Herrera Pe\u00f1a, fueron el eje central de la inauguraci\u00f3n del a\u00f1o escolar en el Liceo Presidente Eduardo Frei Montalva y que deja entrever planes auspiciosos para este a\u00f1o. Durante la ceremonia de apertura realizada el viernes 1 de marzo, Eric Galleguillos Robles, mencion\u00f3 que este 2024 ser\u00e1 un periodo lleno de desaf\u00edos y metas por alcanzar para entregar una educaci\u00f3n integral en los estudiantes.<\/p>\n\n\n\n<p><strong>\u201cNos alegr\u00f3 mucho la informaci\u00f3n que ya va en tierra derecha el proyecto de reposici\u00f3n de nuestro establecimiento y nos llena de esperanza que este otro a\u00f1o estemos ya en el liceo de contingencia que es lo que hemos esperado mucho tiempo. Ahora con respecto al trabajo, tenemos muchos compromisos. Queremos agradecer a los estudiantes y sus familias que eligieron nuestro proyecto educativo, tenemos matr\u00edcula completa en primero medio y eso nos llena de satisfacci\u00f3n porque quiere decir que estamos haciendo un buen trabajo\u201d<\/strong>, se\u00f1al\u00f3 Galleguillos Robles.<\/p>\n\n\n\n<p>El edil de Monte Patria Cristian Herrera Pe\u00f1a, quien estuvo presente en la ceremonia de apertura del a\u00f1o escolar en el liceo, hizo un llamado a los estudiantes, docentes y asistentes de la educaci\u00f3n que, en este a\u00f1o, especialmente complejo en situaci\u00f3n h\u00eddrica y econ\u00f3mica, pueda generarse la solidaridad en el recinto. Adem\u00e1s, se refiri\u00f3 al compromiso establecido por el Presidente <strong>\u201ceste es un a\u00f1o especial para el liceo, lo vimos en el verano con la llamada del Presidente de la Rep\u00fablica, Gabriel Boric, quien ratific\u00f3 el compromiso que tiene con el establecimiento y este en el mes de septiembre comprometi\u00f3 iniciar las obras del liceo de contingencia en el sector de La Mora para iniciar la demolici\u00f3n del Liceo Pdte. Eduardo Frei Montalva que se inicia este a\u00f1o\u201d.<\/strong><\/p>\n\n\n\n<p><strong>Nuevas normativas en Colegio Rep\u00fablica de Chile<\/strong><\/p>\n\n\n\n<p>Este lunes 4 de marzo, fue el turno del Colegio Rep\u00fablica de Chile, donde padres y madres acompa\u00f1aron a sus hijos en el primer d\u00eda de clases. Durante la ceremonia de apertura, el director del establecimiento, Carlos Cort\u00e9s Vega anunci\u00f3 novedosas normativas internas. La primera, por un lado, es el incentivo a la asistencia por curso.&nbsp; Y, por el otro, la aplicaci\u00f3n del protocolo para el no del uso de celulares en el aula, iniciativa que busca mejorar la convivencia escolar entre pares.<\/p>\n\n\n\n<p><strong>\u201cHemos trabajado el 2023 sobre un protocolo para el no uso de celulares dentro de la sala de clases, donde todo el tiempo en el que est\u00e1 realizando la clase el profesor pueda relacionarse con sus compa\u00f1eros y para evitar el acoso de los estudiantes a trav\u00e9s del celular. Y lo segundo es idear esta estrategia para recuperar los aprendizajes a trav\u00e9s de una alta asistencia y para ello hemos renovado los ba\u00f1os y algunos mobiliarios, adem\u00e1s de premiar a los cursos como manera de incentivo\u201d, <\/strong>declar\u00f3 Carlos Cort\u00e9s Vega, director del establecimiento.<\/p>\n\n\n\n<p>Si bien el a\u00f1o pasado el plan de asistencia de este establecimiento estuvo por debajo del 90%, se prev\u00e9 que con esta nueva estrategia pueda aumentar considerablemente con el fin que todos los estudiantes puedan recibir los conocimientos insertos en la malla curricular. A esto se suma la campa\u00f1a \u201cVolvamos a Clases, que nadie falte\u201d, iniciativa del MINEDUC que pretende promover la asistencia a las escuelas y el revinculaci\u00f3n de las y los estudiantes.<\/p>\n","protected":false},"excerpt":{"rendered":"<p>El inicio del a\u00f1o escolar comenz\u00f3 en la comuna de los valles generosos el pasado 27 de febrero. Las vacaciones de verano terminaron y paulatinamente los establecimientos escolares de la comuna comienzan a abrir sus puertas para recibir a los m\u00e1s de 4.500 estudiantes en sus aulas. En ese sentido, la escuela Juntas fue el &#8230;<\/p>\n","protected":false},"author":2,"featured_media":10965,"comment_status":"open","ping_status":"open","sticky":false,"template":"","format":"standard","meta":{"footnotes":""},"categories":[5],"tags":[],"class_list":["post-10964","post","type-post","status-publish","format-standard","has-post-thumbnail","hentry","category-actualidad-limarina"],"_links":{"self":[{"href":"https:\/\/www.radiolimari.cl\/index.php?rest_route=\/wp\/v2\/posts\/10964","targetHints":{"allow":["GET"]}}],"collection":[{"href":"https:\/\/www.radiolimari.cl\/index.php?rest_route=\/wp\/v2\/posts"}],"about":[{"href":"https:\/\/www.radiolimari.cl\/index.php?rest_route=\/wp\/v2\/types\/post"}],"author":[{"embeddable":true,"href":"https:\/\/www.radiolimari.cl\/index.php?rest_route=\/wp\/v2\/users\/2"}],"replies":[{"embeddable":true,"href":"https:\/\/www.radiolimari.cl\/index.php?rest_route=%2Fwp%2Fv2%2Fcomments&post=10964"}],"version-history":[{"count":1,"href":"https:\/\/www.radiolimari.cl\/index.php?rest_route=\/wp\/v2\/posts\/10964\/revisions"}],"predecessor-version":[{"id":10966,"href":"https:\/\/www.radiolimari.cl\/index.php?rest_route=\/wp\/v2\/posts\/10964\/revisions\/10966"}],"wp:featuredmedia":[{"embeddable":true,"href":"https:\/\/www.radiolimari.cl\/index.php?rest_route=\/wp\/v2\/media\/10965"}],"wp:attachment":[{"href":"https:\/\/www.radiolimari.cl\/index.php?rest_route=%2Fwp%2Fv2%2Fmedia&parent=10964"}],"wp:term":[{"taxonomy":"category","embeddable":true,"href":"https:\/\/www.radiolimari.cl\/index.php?rest_route=%2Fwp%2Fv2%2Fcategories&post=10964"},{"taxonomy":"post_tag","embeddable":true,"href":"https:\/\/www.radiolimari.cl\/index.php?rest_route=%2Fwp%2Fv2%2Ftags&post=10964"}],"curies":[{"name":"wp","href":"https:\/\/api.w.org\/{rel}","templated":true}]}}