{"id":10946,"date":"2024-03-04T23:18:35","date_gmt":"2024-03-04T23:18:35","guid":{"rendered":"https:\/\/www.radiolimari.cl\/?p=10946"},"modified":"2024-03-04T23:18:35","modified_gmt":"2024-03-04T23:18:35","slug":"se-declara-alerta-amarilla-para-la-comuna-de-ovalle-por-incendio-forestal","status":"publish","type":"post","link":"https:\/\/www.radiolimari.cl\/?p=10946","title":{"rendered":"Se declara Alerta Amarilla para la comuna de Ovalle por incendio forestal"},"content":{"rendered":"\n<figure class=\"wp-block-image size-full is-resized\"><a href=\"https:\/\/www.radiolimari.cl\/wp-content\/uploads\/2024\/03\/20220714_043925.jpg\"><img fetchpriority=\"high\" decoding=\"async\" width=\"578\" height=\"574\" src=\"https:\/\/www.radiolimari.cl\/wp-content\/uploads\/2024\/03\/20220714_043925.jpg\" alt=\"\" class=\"wp-image-10948\" style=\"width:372px;height:auto\" srcset=\"https:\/\/www.radiolimari.cl\/wp-content\/uploads\/2024\/03\/20220714_043925.jpg 578w, https:\/\/www.radiolimari.cl\/wp-content\/uploads\/2024\/03\/20220714_043925-300x298.jpg 300w, https:\/\/www.radiolimari.cl\/wp-content\/uploads\/2024\/03\/20220714_043925-150x150.jpg 150w, https:\/\/www.radiolimari.cl\/wp-content\/uploads\/2024\/03\/20220714_043925-70x70.jpg 70w\" sizes=\"(max-width: 578px) 100vw, 578px\" \/><\/a><\/figure>\n\n\n\n<p><strong>De acuerdo con la informaci\u00f3n proporcionada por la Corporaci\u00f3n Nacional Forestal (CONAF),<\/strong>&nbsp;se registra un incendio forestal en la comuna de Ovalle, seg\u00fan el siguiente detalle:<\/p>\n\n\n\n<figure class=\"wp-block-table\"><table><tbody><tr><td><strong>Nombre del incendio<\/strong><\/td><td>La Chimba 8<\/td><\/tr><tr><td><strong>Estado<\/strong><\/td><td>En combate<\/td><\/tr><tr><td><strong>Superficie<\/strong><\/td><td>0,01 hect\u00e1reas<\/td><\/tr><tr><td><strong>Fundamentaci\u00f3n t\u00e9cnica<\/strong><\/td><td>Incendio forestal&nbsp;se encuentra activo en todos sus sectores con intensidad alta y generaci\u00f3n de pavesas<\/td><\/tr><tr><td><strong>Recursos involucrados<\/strong><\/td><td>3 brigadas de CONAF, 1 t\u00e9cnico de CONAF, 1 helic\u00f3ptero de CONAF y 1 cami\u00f3n cisterna de CONAF<\/td><\/tr><\/tbody><\/table><\/figure>\n\n\n\n<p>En consideraci\u00f3n a estos antecedentes y en base a la informaci\u00f3n t\u00e9cnica proporcionada por CONAF, en coordinaci\u00f3n con la Delegaci\u00f3n Presidencial Regional de Coquimbo, la Direcci\u00f3n Regional de SENAPRED&nbsp;<strong>declara Alerta Amarilla para la comuna de Ovalle por incendio forestal<\/strong>, vigente desde hoy y hasta que las condiciones del incendio as\u00ed lo ameriten.<\/p>\n\n\n\n<p>Con la declaraci\u00f3n de la Alerta Amarilla, se alistar\u00e1n escalonadamente los recursos necesarios, en apoyo adicional a lo ya desplegado por CONAF, Bomberos y el Sistema Nacional de Prevenci\u00f3n y Respuesta ante Desastres; para intervenir de acuerdo a la evoluci\u00f3n del evento, con el objeto de evitar que \u00e9ste crezca en extensi\u00f3n y severidad, minimizando los efectos negativos en las personas, sus bienes y el medio ambiente.<\/p>\n","protected":false},"excerpt":{"rendered":"<p>De acuerdo con la informaci\u00f3n proporcionada por la Corporaci\u00f3n Nacional Forestal (CONAF),&nbsp;se registra un incendio forestal en la comuna de Ovalle, seg\u00fan el siguiente detalle: Nombre del incendio La Chimba 8 Estado En combate Superficie 0,01 hect\u00e1reas Fundamentaci\u00f3n t\u00e9cnica Incendio forestal&nbsp;se encuentra activo en todos sus sectores con intensidad alta y generaci\u00f3n de pavesas Recursos &#8230;<\/p>\n","protected":false},"author":2,"featured_media":10948,"comment_status":"open","ping_status":"open","sticky":false,"template":"","format":"standard","meta":{"footnotes":""},"categories":[5],"tags":[],"class_list":["post-10946","post","type-post","status-publish","format-standard","has-post-thumbnail","hentry","category-actualidad-limarina"],"_links":{"self":[{"href":"https:\/\/www.radiolimari.cl\/index.php?rest_route=\/wp\/v2\/posts\/10946","targetHints":{"allow":["GET"]}}],"collection":[{"href":"https:\/\/www.radiolimari.cl\/index.php?rest_route=\/wp\/v2\/posts"}],"about":[{"href":"https:\/\/www.radiolimari.cl\/index.php?rest_route=\/wp\/v2\/types\/post"}],"author":[{"embeddable":true,"href":"https:\/\/www.radiolimari.cl\/index.php?rest_route=\/wp\/v2\/users\/2"}],"replies":[{"embeddable":true,"href":"https:\/\/www.radiolimari.cl\/index.php?rest_route=%2Fwp%2Fv2%2Fcomments&post=10946"}],"version-history":[{"count":1,"href":"https:\/\/www.radiolimari.cl\/index.php?rest_route=\/wp\/v2\/posts\/10946\/revisions"}],"predecessor-version":[{"id":10949,"href":"https:\/\/www.radiolimari.cl\/index.php?rest_route=\/wp\/v2\/posts\/10946\/revisions\/10949"}],"wp:featuredmedia":[{"embeddable":true,"href":"https:\/\/www.radiolimari.cl\/index.php?rest_route=\/wp\/v2\/media\/10948"}],"wp:attachment":[{"href":"https:\/\/www.radiolimari.cl\/index.php?rest_route=%2Fwp%2Fv2%2Fmedia&parent=10946"}],"wp:term":[{"taxonomy":"category","embeddable":true,"href":"https:\/\/www.radiolimari.cl\/index.php?rest_route=%2Fwp%2Fv2%2Fcategories&post=10946"},{"taxonomy":"post_tag","embeddable":true,"href":"https:\/\/www.radiolimari.cl\/index.php?rest_route=%2Fwp%2Fv2%2Ftags&post=10946"}],"curies":[{"name":"wp","href":"https:\/\/api.w.org\/{rel}","templated":true}]}}