{"id":10943,"date":"2024-03-04T22:10:04","date_gmt":"2024-03-04T22:10:04","guid":{"rendered":"https:\/\/www.radiolimari.cl\/?p=10943"},"modified":"2024-03-05T00:33:03","modified_gmt":"2024-03-05T00:33:03","slug":"en-la-region-de-coquimbo-han-iniciado-clases-mas-de-137-mil-estudiantes","status":"publish","type":"post","link":"https:\/\/www.radiolimari.cl\/?p=10943","title":{"rendered":"En la Regi\u00f3n de Coquimbo han iniciado\u00a0clases m\u00e1s de 137 mil estudiantes"},"content":{"rendered":"\n<figure class=\"wp-block-image size-large\"><a href=\"https:\/\/www.radiolimari.cl\/wp-content\/uploads\/2024\/03\/1.-Foto-archivo-Escuela-San-Rafael-de-Coquimbo.jpg\"><img fetchpriority=\"high\" decoding=\"async\" width=\"1024\" height=\"682\" src=\"https:\/\/www.radiolimari.cl\/wp-content\/uploads\/2024\/03\/1.-Foto-archivo-Escuela-San-Rafael-de-Coquimbo-1024x682.jpg\" alt=\"\" class=\"wp-image-10944\" srcset=\"https:\/\/www.radiolimari.cl\/wp-content\/uploads\/2024\/03\/1.-Foto-archivo-Escuela-San-Rafael-de-Coquimbo-1024x682.jpg 1024w, https:\/\/www.radiolimari.cl\/wp-content\/uploads\/2024\/03\/1.-Foto-archivo-Escuela-San-Rafael-de-Coquimbo-300x200.jpg 300w, https:\/\/www.radiolimari.cl\/wp-content\/uploads\/2024\/03\/1.-Foto-archivo-Escuela-San-Rafael-de-Coquimbo-768x512.jpg 768w, https:\/\/www.radiolimari.cl\/wp-content\/uploads\/2024\/03\/1.-Foto-archivo-Escuela-San-Rafael-de-Coquimbo.jpg 1280w\" sizes=\"(max-width: 1024px) 100vw, 1024px\" \/><\/a><\/figure>\n\n\n\n<p><strong>Entre el viernes 23 de febrero y el lunes 4 de marzo han ingresado a clases 487\u00a0 establecimientos educacionales de la regi\u00f3n, con una matr\u00edcula de 137.117 estudiantes. La Seremi de Educaci\u00f3n, Cecilia Ram\u00edrez Ch\u00e1vez hizo el llamado a que las y los estudiantes asistan a clases. El Mineduc lanz\u00f3 la campa\u00f1a \u201cVolvamos a Clases, Que Nadie Falte\u201d, que busca concientizar a la ciudadan\u00eda para poder promover la asistencia a clases\u201d.<\/strong>\u00a0\u00a0<\/p>\n\n\n\n<p>Entre el viernes 23 de febrero y el lunes 4 de marzo han ingresado a clases una matr\u00edcula de 137.117 estudiantes de 487 establecimientos educacionales de la Regi\u00f3n de Coquimbo, de un total de un total de 789 establecimientos con una matr\u00edcula de 168.534 estudiantes de colegios, liceos, jardines infantiles, escuelas especiales, de dependencia Municipal, Servicio Local de Educaci\u00f3n P\u00fablica Puerto Cordillera, Administraci\u00f3n Delegada, Particular Subvencionada y Particular Pagada.\u00a0<\/p>\n\n\n\n<p>Este martes 5 de marzo se sumar\u00e1n otros 300 establecimientos educacionales de la regi\u00f3n, con una matr\u00edcula de 30.983 estudiantes. Agregar que 2 establecimientos solicitaron ingreso diferido a clases. El viernes 08 de marzo ingresar\u00e1 a clases la escuela Jos\u00e9 Santos Ossa del sector de El Trapiche de la comuna de La Higuera con una matr\u00edcula de 137 estudiantes y el lunes 18 de marzo ingresar\u00e1 a clases la Escuela B\u00e9lgica de la comuna Punitaqui con una matr\u00edcula de 297 estudiantes.<\/p>\n\n\n\n<p>La Seremi de Educaci\u00f3n de Coquimbo, Cecilia Ram\u00edrez Ch\u00e1vez, coment\u00f3 que \u201chemos trabajado previamente con la Seremi de Transportes, Alejandra Maureira en la preparaci\u00f3n del inicio del a\u00f1o escolar con el \u201cPlan Marzo\u201d realizando gestiones para poder hacer m\u00e1s amigable este ingreso a clases. El proceso se ha desarrollado con mucha fluidez y en la conurbaci\u00f3n La Serena-Coquimbo s\u00f3lo se han registrado atochamientos vehiculares en puntos espec\u00edficos\u201d.&nbsp;&nbsp;&nbsp;<\/p>\n\n\n\n<p>En ese sentido, puntualiz\u00f3 que este d\u00eda lunes 4 de marzo, \u201cya ingres\u00f3 el 81 por ciento de los estudiantes de toda la regi\u00f3n. Y el martes 5 lo har\u00e1 un 18 por ciento de ni\u00f1os y ni\u00f1as, principalmente en comunas como Canela, donde ingresan todos los estudiantes de una sola vez, Paihuano, Monte Patria, Ovalle, entre otros\u201d.<\/p>\n\n\n\n<p>Ram\u00edrez explic\u00f3 que \u201ccomo Seremi hemos trabajado en conjunto con la Seremi de Transportes para evitar los atochamientos vehiculares en las calles, especialmente de las grandes ciudades de nuestra regi\u00f3n. Para eso hemos impulsado una vez m\u00e1s desde el Ministerio de Educaci\u00f3n el ingreso diferido a clases y la apertura anticipada de las puertas de los establecimientos educacionales. En las comunas como Ovalle, Coquimbo, La Serena e Illapel tenemos escuelas abiertas desde las 07 de la ma\u00f1ana hasta las 08 y media, con ingreso diferido\u201d.&nbsp;<\/p>\n\n\n\n<p>Sobre la asistencia a clases, la Seremi enfatiz\u00f3 que \u201chacemos un llamado a que las y los estudiantes asistan a clases. Por eso, hemos impulsado y se hizo el lanzamiento por parte de nuestro Ministro de Educaci\u00f3n, Nicol\u00e1s Cataldo de la campa\u00f1a \u201cVolvamos a Clases, Que Nadie Falte\u201d, que busca concientizar a la ciudadan\u00eda para poder promover la asistencia a clases\u201d.&nbsp;&nbsp;<\/p>\n\n\n\n<p>La autoridad agreg\u00f3 que \u201csi bien a nivel nacional, pasamos de un 83,5% en 2022 al 84,9% de asistencia a clases entre 2022 y 2023. Pero a\u00fan falta para llegar a los niveles de prepandemia, que tampoco son \u00f3ptimos. Recordar, que el 2018 era de un 88,9 por ciento de asistencia. Como Ministerio de Educaci\u00f3n estamos trabajando con distintas estrategias, como los revinculadores, el reporte de asistencia trimestral que llega a las escuelas para que tomen medidas y se levantan estrategias y herramientas para los establecimientos para que hagan la prevenci\u00f3n en los estudiantes, para evitar la desvinculaci\u00f3n del sistema y asegurar su derecho a la educaci\u00f3n y al desarrollo de sus aprendizajes, tanto en contenido, como en sus habilidades socioemocionales\u201d, concluy\u00f3 la seremi.<\/p>\n\n\n\n<p><strong>Ingreso a clases por Provincia&nbsp;<\/strong><\/p>\n\n\n\n<p>En la Provincia de Elqui entre el viernes 23 de febrero y el martes 04 de marzo han ingresado a clases 268 establecimientos educacionales con una matr\u00edcula de 91.033 estudiantes. El martes 05 de marzo ingresan a clases 134 establecimientos educacionales y una matr\u00edcula de 23.523 estudiantes.&nbsp;<\/p>\n\n\n\n<p>En la Provincia de Limar\u00ed entre el viernes 23 de febrero y el lunes 4 de marzo han ingresado a clases 145 establecimientos educacionales con una matr\u00edcula de 30.240 estudiantes. El martes 05 de marzo ingresan a clases 101 establecimientos educacionales y una matr\u00edcula de 4.903 estudiantes.\u00a0<\/p>\n\n\n\n<p>En la Provincia de Choapa entre el viernes 23 de febrero y el lunes 4 de marzo han ingresado a clases 74 establecimientos educacionales con una matr\u00edcula de 15.844 estudiantes. El martes 05 de marzo ingresan a clases 65 establecimientos educacionales y una matr\u00edcula de 2.557 estudiantes.\u00a0<\/p>\n\n\n\n<p><strong>JARDINES INFANTILES JUNJI&nbsp;<\/strong><\/p>\n\n\n\n<p>En la Regi\u00f3n de Coquimbo los 218 jardines infantiles y salas cuna que administra la Junta Nacional de Jardines Infantiles (JUNJI) tienen contemplado el ingreso a clases este martes 05 de marzo para p\u00e1rvulos nuevos y el jueves 07 de marzo para p\u00e1rvulos antiguos. Son jardines infantiles cl\u00e1sicos, administraci\u00f3n directa, jardines de programas alternativos y Jardines v\u00eda transferencia de fondos que administran municipios.&nbsp;<\/p>\n\n\n\n<p><strong>FUNDACI\u00d3N INTEGRA<\/strong><\/p>\n\n\n\n<p>Fundaci\u00f3n Integra se prepara para recibir a cerca de 4.300 p\u00e1rvulos en el inicio del a\u00f1o escolar parvulario a partir de este martes 5 de marzo, en un total de 63 salas cuna y jardines infantiles distribuidos en las 15 comunas de la Regi\u00f3n de Coquimbo. Este a\u00f1o, el \u00e9nfasis estar\u00e1 puesto en garantizar la trayectoria educativa de la primera infancia. Con el objetivo de apoyar a las familias en este proceso, Integra invita a participar en su campa\u00f1a de refuerzo de matr\u00edcula, la cual dar\u00e1 inicio el lunes 26 de febrero<\/p>\n","protected":false},"excerpt":{"rendered":"<p>Entre el viernes 23 de febrero y el lunes 4 de marzo han ingresado a clases 487\u00a0 establecimientos educacionales de la regi\u00f3n, con una matr\u00edcula de 137.117 estudiantes. La Seremi de Educaci\u00f3n, Cecilia Ram\u00edrez Ch\u00e1vez hizo el llamado a que las y los estudiantes asistan a clases. El Mineduc lanz\u00f3 la campa\u00f1a \u201cVolvamos a Clases, &#8230;<\/p>\n","protected":false},"author":2,"featured_media":10944,"comment_status":"open","ping_status":"open","sticky":false,"template":"","format":"standard","meta":{"footnotes":""},"categories":[3],"tags":[],"class_list":["post-10943","post","type-post","status-publish","format-standard","has-post-thumbnail","hentry","category-actualidad"],"_links":{"self":[{"href":"https:\/\/www.radiolimari.cl\/index.php?rest_route=\/wp\/v2\/posts\/10943","targetHints":{"allow":["GET"]}}],"collection":[{"href":"https:\/\/www.radiolimari.cl\/index.php?rest_route=\/wp\/v2\/posts"}],"about":[{"href":"https:\/\/www.radiolimari.cl\/index.php?rest_route=\/wp\/v2\/types\/post"}],"author":[{"embeddable":true,"href":"https:\/\/www.radiolimari.cl\/index.php?rest_route=\/wp\/v2\/users\/2"}],"replies":[{"embeddable":true,"href":"https:\/\/www.radiolimari.cl\/index.php?rest_route=%2Fwp%2Fv2%2Fcomments&post=10943"}],"version-history":[{"count":2,"href":"https:\/\/www.radiolimari.cl\/index.php?rest_route=\/wp\/v2\/posts\/10943\/revisions"}],"predecessor-version":[{"id":10952,"href":"https:\/\/www.radiolimari.cl\/index.php?rest_route=\/wp\/v2\/posts\/10943\/revisions\/10952"}],"wp:featuredmedia":[{"embeddable":true,"href":"https:\/\/www.radiolimari.cl\/index.php?rest_route=\/wp\/v2\/media\/10944"}],"wp:attachment":[{"href":"https:\/\/www.radiolimari.cl\/index.php?rest_route=%2Fwp%2Fv2%2Fmedia&parent=10943"}],"wp:term":[{"taxonomy":"category","embeddable":true,"href":"https:\/\/www.radiolimari.cl\/index.php?rest_route=%2Fwp%2Fv2%2Fcategories&post=10943"},{"taxonomy":"post_tag","embeddable":true,"href":"https:\/\/www.radiolimari.cl\/index.php?rest_route=%2Fwp%2Fv2%2Ftags&post=10943"}],"curies":[{"name":"wp","href":"https:\/\/api.w.org\/{rel}","templated":true}]}}