{"id":10940,"date":"2024-03-04T21:50:10","date_gmt":"2024-03-04T21:50:10","guid":{"rendered":"https:\/\/www.radiolimari.cl\/?p=10940"},"modified":"2024-03-04T21:50:11","modified_gmt":"2024-03-04T21:50:11","slug":"ministro-ivan-corona-asume-presidencia-de-la-corte-de-apelaciones-de-la-serena","status":"publish","type":"post","link":"https:\/\/www.radiolimari.cl\/?p=10940","title":{"rendered":"Ministro Iv\u00e1n Corona asume presidencia de la Corte de Apelaciones de La Serena\u00a0"},"content":{"rendered":"\n<figure class=\"wp-block-image size-large\"><a href=\"https:\/\/www.radiolimari.cl\/wp-content\/uploads\/2024\/03\/01-03-cuenta1-scaled.jpg\"><img fetchpriority=\"high\" decoding=\"async\" width=\"1024\" height=\"574\" src=\"https:\/\/www.radiolimari.cl\/wp-content\/uploads\/2024\/03\/01-03-cuenta1-1024x574.jpg\" alt=\"\" class=\"wp-image-10941\" srcset=\"https:\/\/www.radiolimari.cl\/wp-content\/uploads\/2024\/03\/01-03-cuenta1-1024x574.jpg 1024w, https:\/\/www.radiolimari.cl\/wp-content\/uploads\/2024\/03\/01-03-cuenta1-300x168.jpg 300w, https:\/\/www.radiolimari.cl\/wp-content\/uploads\/2024\/03\/01-03-cuenta1-768x430.jpg 768w, https:\/\/www.radiolimari.cl\/wp-content\/uploads\/2024\/03\/01-03-cuenta1-1536x861.jpg 1536w, https:\/\/www.radiolimari.cl\/wp-content\/uploads\/2024\/03\/01-03-cuenta1-2048x1148.jpg 2048w\" sizes=\"(max-width: 1024px) 100vw, 1024px\" \/><\/a><\/figure>\n\n\n\n<p>El ministro de la Corte de Apelaciones de La Serena Iv\u00e1n Corona Albornoz inici\u00f3 su presidencia en el tribunal de alzada con m\u00faltiples actividades jurisdiccionales.<\/p>\n\n\n\n<p>A primera hora del pasado viernes 1 de marzo, el presidente para el per\u00edodo judicial 2024 tom\u00f3 juramento al magistrado titular del Juzgado de Familia de Ovalle, Andr\u00e9s Elgueta y luego, en una sencilla ceremonia, tom\u00f3 juramento a los cinco abogados integrantes nombrados en la jurisdicci\u00f3n de La Serena: Elvira Badilla Poblete, P\u00eda Bustos Fuentes, Jorge Fonseca Dittus, Alfonso Gallardo Verdugo y Carolina Salas Salazar.<\/p>\n\n\n\n<p>\u201cHoy, en este juramento, nos encontramos ante profesionales&nbsp; destacados en el \u00e1mbito acad\u00e9mico y profesional que con su experiencia ya han habitado el cargo en ocasiones anteriores; confiamos en que este nuevo nombramiento continuar\u00e1 siendo un aporte a la deliberaci\u00f3n judicial\u201d, manifest\u00f3 en su discurso.&nbsp;<\/p>\n\n\n\n<p>Como nuevo presidente del tribunal de alzada, el ministro Corona recibi\u00f3 los saludos protocolares de autoridades de la regi\u00f3n de Coquimbo y de representantes de los gremios de la jurisdicci\u00f3n, para luego \u2013durante la tarde- encabezar junto al Pleno de ministros la ceremonia de cuenta p\u00fablica del presidente del per\u00edodo 2023, Felipe Pulgar Bravo, ocasi\u00f3n que le manifest\u00f3 su reconocimiento por la labor realizada.<\/p>\n\n\n\n<p>En la oportunidad, el ministro Pulgar agradeci\u00f3 el apoyo de los integrantes de la jurisdicci\u00f3n en su gesti\u00f3n y, en especial, al equipo de la presidencia, que se vio reflejado en una pol\u00edtica de puertas abiertas estableciendo relaciones con el intersector en beneficio de los grupos m\u00e1s vulnerables.<\/p>\n\n\n\n<p>\u201cPor otro lado, logramos reducir los tiempos de espera en las resoluciones de tribunales y de Corte de Apelaciones, lo que habla tambi\u00e9n de una eficiencia importante a nivel institucional del Poder Judicial. Y, sin duda nuestro sello fue el enfoque en la protecci\u00f3n de ni\u00f1os, ni\u00f1as y adolescentes siendo parte importante en las pol\u00edticas que organizamos\u201d, concluy\u00f3.<\/p>\n\n\n\n<p><strong>Presidencia 2024<\/strong><\/p>\n\n\n\n<p>En la ceremonia realizada en la Corte de Apelaciones de La Serena, ante la presencia de autoridades regionales y miembros de la jurisdicci\u00f3n, el ministro Corona, junto con agradecer su designaci\u00f3n en el cargo, destac\u00f3 la importancia de los valores que inspiran la misi\u00f3n de administrar justicia del Poder Judicial.&nbsp;<\/p>\n\n\n\n<p>El nuevo presidente del tribunal de alzada, inici\u00f3 su carrera judicial en 1989 en el Primer Juzgado del Crimen de San Miguel y luego fue secretario del 28\u00b0 Juzgado del Crimen de Santiago.<\/p>\n\n\n\n<p>Posteriormente, se desempe\u00f1\u00f3 como relator interino y suplente de la Corte de Apelaciones de Santiago, y en 2000 lleg\u00f3 a la regi\u00f3n de Coquimbo y ejerci\u00f3 como juez del Juzgado de Garant\u00eda de Coquimbo y La Serena, y luego en el Tribunal de Juicio Oral en lo Penal, cargo que desempe\u00f1aba hasta el 2022 cuando&nbsp; jur\u00f3 como ministro de la Corte de Apelaciones.<\/p>\n\n\n\n<p>En el \u00e1mbito acad\u00e9mico, se ha desempe\u00f1ado como docente de la Academia Judicial y actualmente dicta la c\u00e1tedra de derecho penal en la Universidad Santo Tom\u00e1s, sede La Serena.<\/p>\n\n\n\n<p>En su inicio de a\u00f1o judicial como presidente, el ministro Corona hizo hincapi\u00e9 en continuar fortaleciendo los v\u00ednculos con la comunidad \u201cque ya se han ido forjando en las presidencias anteriores, manteniendo una pol\u00edtica de acercamiento hacia todos los sectores e instituciones, que es nuestro quehacer social, y procurando siempre buscar el fortalecimiento de la protecci\u00f3n de los derechos de los m\u00e1s vulnerables\u201d, se\u00f1al\u00f3.<\/p>\n\n\n\n<p>En ese sentido, anunci\u00f3 adem\u00e1s una mirada interna a los tribunales de la jurisdicci\u00f3n, los que se comprometi\u00f3 a visitar \u201ccon el fin de conocer sus inquietudes y dialogar con ellos, a fin de fortalecer nuestra uni\u00f3n y precaver, de ese modo,&nbsp; la aparici\u00f3n de fen\u00f3menos como la corrupci\u00f3n, el desgano en el ejercicio de nuestra profesi\u00f3n y buscar siempre las mejores condiciones para el desarrollo del trabajo\u201d, agreg\u00f3.&nbsp;<\/p>\n\n\n\n<p>Asimismo,&nbsp; manifest\u00f3 su preocupaci\u00f3n por la proliferaci\u00f3n de la violencia en la regi\u00f3n y el pa\u00eds y los nuevos tipos de delitos que cruzan a la sociedad, por lo que se\u00f1al\u00f3 su voluntad de continuar trabajando en las comisiones y mesas ya instaladas con instituciones del intersector, \u201cestableciendo di\u00e1logos con organismos encargados de la prevenci\u00f3n y la persecuci\u00f3n penal, para buscar soluciones y buscar caminos de encuentro que nos permitan enfrentar estos fen\u00f3menos que nos afectan a todos\u201d, concluy\u00f3.<\/p>\n","protected":false},"excerpt":{"rendered":"<p>El ministro de la Corte de Apelaciones de La Serena Iv\u00e1n Corona Albornoz inici\u00f3 su presidencia en el tribunal de alzada con m\u00faltiples actividades jurisdiccionales. A primera hora del pasado viernes 1 de marzo, el presidente para el per\u00edodo judicial 2024 tom\u00f3 juramento al magistrado titular del Juzgado de Familia de Ovalle, Andr\u00e9s Elgueta y &#8230;<\/p>\n","protected":false},"author":2,"featured_media":10941,"comment_status":"open","ping_status":"open","sticky":false,"template":"","format":"standard","meta":{"footnotes":""},"categories":[6],"tags":[],"class_list":["post-10940","post","type-post","status-publish","format-standard","has-post-thumbnail","hentry","category-regionales"],"_links":{"self":[{"href":"https:\/\/www.radiolimari.cl\/index.php?rest_route=\/wp\/v2\/posts\/10940","targetHints":{"allow":["GET"]}}],"collection":[{"href":"https:\/\/www.radiolimari.cl\/index.php?rest_route=\/wp\/v2\/posts"}],"about":[{"href":"https:\/\/www.radiolimari.cl\/index.php?rest_route=\/wp\/v2\/types\/post"}],"author":[{"embeddable":true,"href":"https:\/\/www.radiolimari.cl\/index.php?rest_route=\/wp\/v2\/users\/2"}],"replies":[{"embeddable":true,"href":"https:\/\/www.radiolimari.cl\/index.php?rest_route=%2Fwp%2Fv2%2Fcomments&post=10940"}],"version-history":[{"count":1,"href":"https:\/\/www.radiolimari.cl\/index.php?rest_route=\/wp\/v2\/posts\/10940\/revisions"}],"predecessor-version":[{"id":10942,"href":"https:\/\/www.radiolimari.cl\/index.php?rest_route=\/wp\/v2\/posts\/10940\/revisions\/10942"}],"wp:featuredmedia":[{"embeddable":true,"href":"https:\/\/www.radiolimari.cl\/index.php?rest_route=\/wp\/v2\/media\/10941"}],"wp:attachment":[{"href":"https:\/\/www.radiolimari.cl\/index.php?rest_route=%2Fwp%2Fv2%2Fmedia&parent=10940"}],"wp:term":[{"taxonomy":"category","embeddable":true,"href":"https:\/\/www.radiolimari.cl\/index.php?rest_route=%2Fwp%2Fv2%2Fcategories&post=10940"},{"taxonomy":"post_tag","embeddable":true,"href":"https:\/\/www.radiolimari.cl\/index.php?rest_route=%2Fwp%2Fv2%2Ftags&post=10940"}],"curies":[{"name":"wp","href":"https:\/\/api.w.org\/{rel}","templated":true}]}}