{"id":10937,"date":"2024-03-04T15:47:40","date_gmt":"2024-03-04T15:47:40","guid":{"rendered":"https:\/\/www.radiolimari.cl\/?p=10937"},"modified":"2024-03-04T15:47:42","modified_gmt":"2024-03-04T15:47:42","slug":"usuarias-del-centro-de-apoyo-para-la-insercion-social-se-certificaron-como-microemprendedoras","status":"publish","type":"post","link":"https:\/\/www.radiolimari.cl\/?p=10937","title":{"rendered":"USUARIAS DEL CENTRO DE APOYO PARA LA INSERCI\u00d3N SOCIAL SE CERTIFICARON COMO MICROEMPRENDEDORAS.\u00a0"},"content":{"rendered":"\n<figure class=\"wp-block-image size-large is-resized\"><a href=\"https:\/\/www.radiolimari.cl\/wp-content\/uploads\/2024\/03\/PHOTO-2024-02-29-11-04-25.jpg\"><img fetchpriority=\"high\" decoding=\"async\" width=\"1024\" height=\"768\" src=\"https:\/\/www.radiolimari.cl\/wp-content\/uploads\/2024\/03\/PHOTO-2024-02-29-11-04-25-1024x768.jpg\" alt=\"\" class=\"wp-image-10938\" style=\"width:393px;height:auto\" srcset=\"https:\/\/www.radiolimari.cl\/wp-content\/uploads\/2024\/03\/PHOTO-2024-02-29-11-04-25-1024x768.jpg 1024w, https:\/\/www.radiolimari.cl\/wp-content\/uploads\/2024\/03\/PHOTO-2024-02-29-11-04-25-300x225.jpg 300w, https:\/\/www.radiolimari.cl\/wp-content\/uploads\/2024\/03\/PHOTO-2024-02-29-11-04-25-768x576.jpg 768w, https:\/\/www.radiolimari.cl\/wp-content\/uploads\/2024\/03\/PHOTO-2024-02-29-11-04-25.jpg 1280w\" sizes=\"(max-width: 1024px) 100vw, 1024px\" \/><\/a><\/figure>\n\n\n\n<p><strong><em>La experiencia es in\u00e9dita en este CAIS ya que es la primera vez que este tipo de capacitaci\u00f3n es dirigido solo a mujeres.<\/em><\/strong><strong><em> <\/em><\/strong><strong><em>&nbsp;<\/em><\/strong><\/p>\n\n\n\n<p>El Centro de Apoyo para la Inserci\u00f3n Social (CAIS) de Coquimbo realiza capacitaciones con el objetivo apoyar el ingreso al mundo laboral por parte de sus usuarias y usuarios.&nbsp; En esta oportunidad 17 mujeres&nbsp; recibieron los diplomas que acreditan el haber cursado exitosamente&nbsp; el curso en \u201cGesti\u00f3n de Emprendimiento\u201d mediante la metodolog\u00eda de SERCOTEC.&nbsp;<\/p>\n\n\n\n<p>La directora regional de Gendarmer\u00eda (s),&nbsp; Coronel Elizabeth Ramos Astorga,&nbsp; sostuvo que, \u201ces importante destacar estos logros, sobre todo cuando se cierra un ciclo de nuestros usuarias; considerando que este curso es in\u00e9dito en la regi\u00f3n al involucrar solamente a mujeres, quienes fueron capacitadas para entregarles herramientas que les permitir\u00e1n ser mejores ciudadanas y ser un aporte para lo sociedad\u201d.&nbsp;<\/p>\n\n\n\n<p>Por su parte, la jefa del Centro de Apoyo Para la Inserci\u00f3n Social, Betty Astudillo, indic\u00f3 que, \u201cesta iniciativa es in\u00e9dita en este CAIS, ya que es la primera vez que este tipo de capacitaci\u00f3n es dirigido solo a mujeres y surge de una alianza entre&nbsp; CIMON y CAIS,&nbsp; el primer organismo,&nbsp; es un centro de investigaci\u00f3n y modelaci\u00f3n de negocios que mantiene sus dependencias en la Universidad Santo Tomas en la Facultad de Econom\u00eda. De este centro surge el ofrecimiento de capacitar en gesti\u00f3n de emprendimiento mediante la metodolog\u00eda de SERCOTEC a mujeres\u201d.<\/p>\n\n\n\n<p>En esta misma l\u00ednea, el Seremi de Justicia y Derechos Humanos, Rub\u00e9n Garc\u00eda Tapia, resalt\u00f3 que este tipo de acciones permiten fomentar las competencias para los emprendimiento y ese ha sido justamente, el objetivo de este curso que finalmente, impacta en 17 familias, en 17 mujeres, que est\u00e1n bajo libertad condicional y que con el apoyo de Gendarmer\u00eda, han tenido la oportunidad de reinsertarse en la sociedad\u201d.&nbsp;<\/p>\n\n\n\n<p>Finalmente, la usuaria del CAIS, Jazm\u00edn Rivera, se\u00f1al\u00f3 que \u201cesta experiencia ha sido muy grata. Al salir de una c\u00e1rcel muchas veces se nos cierran las puertas y con estas&nbsp; oportunidades, estos cursos que se nos est\u00e1n dando, aprendemos cosas que vamos a poder realizar. Por ejemplo yo hoy confecciono todo tipo de ropa y en eso me estoy especializando\u201d.&nbsp;<\/p>\n","protected":false},"excerpt":{"rendered":"<p>La experiencia es in\u00e9dita en este CAIS ya que es la primera vez que este tipo de capacitaci\u00f3n es dirigido solo a mujeres. &nbsp; El Centro de Apoyo para la Inserci\u00f3n Social (CAIS) de Coquimbo realiza capacitaciones con el objetivo apoyar el ingreso al mundo laboral por parte de sus usuarias y usuarios.&nbsp; En esta &#8230;<\/p>\n","protected":false},"author":2,"featured_media":10938,"comment_status":"open","ping_status":"open","sticky":false,"template":"","format":"standard","meta":{"footnotes":""},"categories":[6],"tags":[],"class_list":["post-10937","post","type-post","status-publish","format-standard","has-post-thumbnail","hentry","category-regionales"],"_links":{"self":[{"href":"https:\/\/www.radiolimari.cl\/index.php?rest_route=\/wp\/v2\/posts\/10937","targetHints":{"allow":["GET"]}}],"collection":[{"href":"https:\/\/www.radiolimari.cl\/index.php?rest_route=\/wp\/v2\/posts"}],"about":[{"href":"https:\/\/www.radiolimari.cl\/index.php?rest_route=\/wp\/v2\/types\/post"}],"author":[{"embeddable":true,"href":"https:\/\/www.radiolimari.cl\/index.php?rest_route=\/wp\/v2\/users\/2"}],"replies":[{"embeddable":true,"href":"https:\/\/www.radiolimari.cl\/index.php?rest_route=%2Fwp%2Fv2%2Fcomments&post=10937"}],"version-history":[{"count":1,"href":"https:\/\/www.radiolimari.cl\/index.php?rest_route=\/wp\/v2\/posts\/10937\/revisions"}],"predecessor-version":[{"id":10939,"href":"https:\/\/www.radiolimari.cl\/index.php?rest_route=\/wp\/v2\/posts\/10937\/revisions\/10939"}],"wp:featuredmedia":[{"embeddable":true,"href":"https:\/\/www.radiolimari.cl\/index.php?rest_route=\/wp\/v2\/media\/10938"}],"wp:attachment":[{"href":"https:\/\/www.radiolimari.cl\/index.php?rest_route=%2Fwp%2Fv2%2Fmedia&parent=10937"}],"wp:term":[{"taxonomy":"category","embeddable":true,"href":"https:\/\/www.radiolimari.cl\/index.php?rest_route=%2Fwp%2Fv2%2Fcategories&post=10937"},{"taxonomy":"post_tag","embeddable":true,"href":"https:\/\/www.radiolimari.cl\/index.php?rest_route=%2Fwp%2Fv2%2Ftags&post=10937"}],"curies":[{"name":"wp","href":"https:\/\/api.w.org\/{rel}","templated":true}]}}