{"id":10930,"date":"2024-03-04T14:03:43","date_gmt":"2024-03-04T14:03:43","guid":{"rendered":"https:\/\/www.radiolimari.cl\/?p=10930"},"modified":"2024-03-04T14:03:44","modified_gmt":"2024-03-04T14:03:44","slug":"en-el-espinal-de-chalinga-comuna-de-ovalle-se-realizo-con-gran-convocatoria-la-primera-fiesta-del-campesino","status":"publish","type":"post","link":"https:\/\/www.radiolimari.cl\/?p=10930","title":{"rendered":"En el Espinal de Chalinga, comuna de Ovalle, se realiz\u00f3 con gran convocatoria la primera Fiesta del Campesino."},"content":{"rendered":"\n<figure class=\"wp-block-image size-large\"><a href=\"https:\/\/www.radiolimari.cl\/wp-content\/uploads\/2024\/03\/FIESTA-DEL-CAMPESINO-EL-ESPINAL-2.jpeg\"><img fetchpriority=\"high\" decoding=\"async\" width=\"1024\" height=\"576\" src=\"https:\/\/www.radiolimari.cl\/wp-content\/uploads\/2024\/03\/FIESTA-DEL-CAMPESINO-EL-ESPINAL-2-1024x576.jpeg\" alt=\"\" class=\"wp-image-10931\" srcset=\"https:\/\/www.radiolimari.cl\/wp-content\/uploads\/2024\/03\/FIESTA-DEL-CAMPESINO-EL-ESPINAL-2-1024x576.jpeg 1024w, https:\/\/www.radiolimari.cl\/wp-content\/uploads\/2024\/03\/FIESTA-DEL-CAMPESINO-EL-ESPINAL-2-300x169.jpeg 300w, https:\/\/www.radiolimari.cl\/wp-content\/uploads\/2024\/03\/FIESTA-DEL-CAMPESINO-EL-ESPINAL-2-768x432.jpeg 768w, https:\/\/www.radiolimari.cl\/wp-content\/uploads\/2024\/03\/FIESTA-DEL-CAMPESINO-EL-ESPINAL-2-1536x864.jpeg 1536w, https:\/\/www.radiolimari.cl\/wp-content\/uploads\/2024\/03\/FIESTA-DEL-CAMPESINO-EL-ESPINAL-2.jpeg 1600w\" sizes=\"(max-width: 1024px) 100vw, 1024px\" \/><\/a><\/figure>\n\n\n\n<p><em>Durante la acctividad, destacaron espacios dedicados a la gastronom\u00eda t\u00edpica del campo chileno, as\u00ed como la demostraci\u00f3n y rescate de oficios ancestrales<\/em><\/p>\n\n\n\n<p>La comunidad de El Espinal de Chalinga se visti\u00f3 de gala para dar vida a la primera Fiesta del Campesino, un evento que busca destacar el emprendimiento local y proyectar esta pintoresca localidad como un destino tur\u00edstico relevante en la comuna de Ovalle.<\/p>\n\n\n\n<p>La iniciativa, que cont\u00f3 con una gran participaci\u00f3n de vecinos y visitantes, tuvo como objetivo principal incentivar y mostrar el emprendimiento de las familias de El Espinal, as\u00ed como resaltar y preservar las tradiciones campesinas de la zona, contribuyendo as\u00ed al enriquecimiento cultural de la comuna.<\/p>\n\n\n\n<p>La ceremonia de inauguraci\u00f3n cont\u00f3 con la presencia del alcalde de Ovalle, Jonathan Acu\u00f1a Rojas, la delegada presidencial provincial de Limar\u00ed, Marily Escobar Oviedo, los concejales Blas Araya y Cristian Rojas, as\u00ed como la directiva de la Junta de Vecinos de El Espinal, encabezada por su presidenta, Mar\u00eda Cort\u00e9s Araya, y la presencia de numerosos vecinos y visitantes.<\/p>\n\n\n\n<p>El alcalde Jonathan Acu\u00f1a resalt\u00f3 el valor de la organizaci\u00f3n comunitaria. \u00abHemos relevado la importancia de esta fiesta en base al esfuerzo de la gente de El Espinal y de sus emprendedores. Llamamos a seguir trabajando unidos para convertir esta fiesta en una de las m\u00e1s importantes de la comuna\u00bb.<\/p>\n\n\n\n<p>Priscila Ibacache, emprendedora de El Espinal, destac\u00f3 la importancia de la fiesta para la promoci\u00f3n de los productos locales. \u00abMe parece muy bien este evento, pues sirve para dar a conocer nuestros productos y para que esta zona sea m\u00e1s tur\u00edstica. Yo traje queso de cabra, tomate cherry org\u00e1nico de la zona, huevos de gallinas criollas y huevos de colores, higos. Todo lo que tengo son productos de aqu\u00ed, de la localidad\u00bb puntualiz\u00f3.<\/p>\n\n\n\n<p>Por su parte, Mar\u00eda Cort\u00e9s Araya, presidenta de la Junta de Vecinos N\u00b05 El Espinal, destac\u00f3 el esfuerzo colectivo para llevar a cabo esta celebraci\u00f3n. \u00abHa sido un verdadero honor ofrecer junto a la municipalidad de Ovalle esta gran Fiesta del Campesino, que nace del esfuerzo conjunto de nuestros vecinos y del apoyo de las autoridades locales\u00bb.<\/p>\n\n\n\n<p>El alcalde Jonathan Acu\u00f1a resalt\u00f3 el valor de la organizaci\u00f3n comunitaria. \u00abHemos relevado la importancia de esta fiesta en base al esfuerzo de la gente de El Espinal y de sus emprendedores. Llamamos a seguir trabajando unidos para convertir esta fiesta en una de las m\u00e1s importantes de la comuna\u00bb.<\/p>\n\n\n\n<p>La delegada presidencial provincial de Limar\u00ed, Marily Escobar Oviedo, tambi\u00e9n elogi\u00f3 el esp\u00edritu de fraternidad y cooperaci\u00f3n de la comunidad. \u00abEs valioso poder compartir un momento de alegr\u00eda a pesar de las dificultades que nos presenta la sequ\u00eda. Mi respeto y admiraci\u00f3n para cada uno de ustedes, especialmente para la presidenta de la junta de vecinos\u00bb y destac\u00f3 \u201cel liderazgo de nuestro alcalde, a quien he visto a diario acompa\u00f1ando a cada uno de esos vecinos y vecinas de los distintos territorios y rescatando esa riqueza que tiene Ovalle en su ruralidad\u201d.<\/p>\n\n\n\n<p>Entre las actividades que se llevaron a cabo durante la fiesta, destacaron espacios dedicados a la gastronom\u00eda t\u00edpica del campo chileno, as\u00ed como la demostraci\u00f3n y rescate de oficios ancestrales como la esquila de ovejas, el tusar y herrar caballos, los bordados, los telares, la curtiembre de cuero y la elaboraci\u00f3n de queso de cabra o harina tostada, entre otros.<\/p>\n\n\n\n<p>La primera Fiesta del Campesino en El Espinal de Chalinga dej\u00f3 un mensaje claro de unidad, emprendimiento y tradici\u00f3n, reafirmando el compromiso de la comunidad con el desarrollo y la promoci\u00f3n de su identidad rural.<\/p>\n","protected":false},"excerpt":{"rendered":"<p>Durante la acctividad, destacaron espacios dedicados a la gastronom\u00eda t\u00edpica del campo chileno, as\u00ed como la demostraci\u00f3n y rescate de oficios ancestrales La comunidad de El Espinal de Chalinga se visti\u00f3 de gala para dar vida a la primera Fiesta del Campesino, un evento que busca destacar el emprendimiento local y proyectar esta pintoresca localidad &#8230;<\/p>\n","protected":false},"author":2,"featured_media":10931,"comment_status":"open","ping_status":"open","sticky":false,"template":"","format":"standard","meta":{"footnotes":""},"categories":[3],"tags":[],"class_list":["post-10930","post","type-post","status-publish","format-standard","has-post-thumbnail","hentry","category-actualidad"],"_links":{"self":[{"href":"https:\/\/www.radiolimari.cl\/index.php?rest_route=\/wp\/v2\/posts\/10930","targetHints":{"allow":["GET"]}}],"collection":[{"href":"https:\/\/www.radiolimari.cl\/index.php?rest_route=\/wp\/v2\/posts"}],"about":[{"href":"https:\/\/www.radiolimari.cl\/index.php?rest_route=\/wp\/v2\/types\/post"}],"author":[{"embeddable":true,"href":"https:\/\/www.radiolimari.cl\/index.php?rest_route=\/wp\/v2\/users\/2"}],"replies":[{"embeddable":true,"href":"https:\/\/www.radiolimari.cl\/index.php?rest_route=%2Fwp%2Fv2%2Fcomments&post=10930"}],"version-history":[{"count":1,"href":"https:\/\/www.radiolimari.cl\/index.php?rest_route=\/wp\/v2\/posts\/10930\/revisions"}],"predecessor-version":[{"id":10932,"href":"https:\/\/www.radiolimari.cl\/index.php?rest_route=\/wp\/v2\/posts\/10930\/revisions\/10932"}],"wp:featuredmedia":[{"embeddable":true,"href":"https:\/\/www.radiolimari.cl\/index.php?rest_route=\/wp\/v2\/media\/10931"}],"wp:attachment":[{"href":"https:\/\/www.radiolimari.cl\/index.php?rest_route=%2Fwp%2Fv2%2Fmedia&parent=10930"}],"wp:term":[{"taxonomy":"category","embeddable":true,"href":"https:\/\/www.radiolimari.cl\/index.php?rest_route=%2Fwp%2Fv2%2Fcategories&post=10930"},{"taxonomy":"post_tag","embeddable":true,"href":"https:\/\/www.radiolimari.cl\/index.php?rest_route=%2Fwp%2Fv2%2Ftags&post=10930"}],"curies":[{"name":"wp","href":"https:\/\/api.w.org\/{rel}","templated":true}]}}