{"id":10925,"date":"2024-03-04T13:56:13","date_gmt":"2024-03-04T13:56:13","guid":{"rendered":"https:\/\/www.radiolimari.cl\/?p=10925"},"modified":"2024-03-04T13:56:14","modified_gmt":"2024-03-04T13:56:14","slug":"en-monte-patria-40-alumnos-de-la-academia-municipal-de-taekwondo-reciben-sus-ascensos-de-cinturon","status":"publish","type":"post","link":"https:\/\/www.radiolimari.cl\/?p=10925","title":{"rendered":"En Monte Patria 40 alumnos de la academia municipal de Taekwondo reciben sus ascensos de cintur\u00f3n."},"content":{"rendered":"\n<figure class=\"wp-block-image size-large\"><a href=\"https:\/\/www.radiolimari.cl\/wp-content\/uploads\/2024\/03\/ASCENDO-DE-CINTURONES-TAEKWONDO-2024_4-scaled.jpg\"><img fetchpriority=\"high\" decoding=\"async\" width=\"1024\" height=\"683\" src=\"https:\/\/www.radiolimari.cl\/wp-content\/uploads\/2024\/03\/ASCENDO-DE-CINTURONES-TAEKWONDO-2024_4-1024x683.jpg\" alt=\"\" class=\"wp-image-10926\" srcset=\"https:\/\/www.radiolimari.cl\/wp-content\/uploads\/2024\/03\/ASCENDO-DE-CINTURONES-TAEKWONDO-2024_4-1024x683.jpg 1024w, https:\/\/www.radiolimari.cl\/wp-content\/uploads\/2024\/03\/ASCENDO-DE-CINTURONES-TAEKWONDO-2024_4-300x200.jpg 300w, https:\/\/www.radiolimari.cl\/wp-content\/uploads\/2024\/03\/ASCENDO-DE-CINTURONES-TAEKWONDO-2024_4-768x512.jpg 768w, https:\/\/www.radiolimari.cl\/wp-content\/uploads\/2024\/03\/ASCENDO-DE-CINTURONES-TAEKWONDO-2024_4-1536x1024.jpg 1536w, https:\/\/www.radiolimari.cl\/wp-content\/uploads\/2024\/03\/ASCENDO-DE-CINTURONES-TAEKWONDO-2024_4-2048x1365.jpg 2048w\" sizes=\"(max-width: 1024px) 100vw, 1024px\" \/><\/a><\/figure>\n\n\n\n<p><strong><em>La ceremonia corresponde a uno de los dos ascensos anuales planificados por la academia formativa de Taekwondo Monte Patria.<\/em><\/strong><\/p>\n\n\n\n<p>Actitud, esfuerzo y perseverancia, estos son los valores que se cultivan en la pr\u00e1ctica del cuerpo y el alma, mismos valores que hoy llevan d\u00eda a d\u00eda los estudiantes de la Academia Municipal de Taekwondo de Monte Patria. Este jueves 29 de febrero, cerca de 40 montepatrinos de todas las edades recibieron su ascenso de cintur\u00f3n, avanzando en carrera deportiva y tomando lugar para los pr\u00f3ximos eventos competitivos de la academia.<\/p>\n\n\n\n<p>La Academia Municipal de Taekwondo Monte Patria surge hace aproximadamente 10 a\u00f1os, con una vasta trayectoria, este espacio formativo de la disciplina oriental-coreana ha logrado cautivar a grandes y a peque\u00f1os, teniendo un margen de alumnos desde los 8 a los 65 a\u00f1os aproximadamente.<\/p>\n\n\n\n<p>En la ceremonia se hizo entrega de diversos niveles, correspondientes a ascenso de cintur\u00f3n blanco punta amarilla 9no, cintur\u00f3n amarillo 8vo GUP, GUP, cintur\u00f3n amarillo punta verde 7mo GUP, cintur\u00f3n verde sexto GUP y cintur\u00f3n verde punta azul 5to GUP. La ceremonia de entrega se realiz\u00f3 en el lugar de entrenamientos, el centro cultural Huayquilonko, cont\u00f3 adem\u00e1s con la alta convocatoria de padres y apoderados, adem\u00e1s del propio alcalde de la comuna.<\/p>\n\n\n\n<figure class=\"wp-block-image size-large\"><a href=\"https:\/\/www.radiolimari.cl\/wp-content\/uploads\/2024\/03\/ASCENDO-DE-CINTURONES-TAEKWONDO-2024-scaled.jpg\"><img decoding=\"async\" width=\"1024\" height=\"683\" src=\"https:\/\/www.radiolimari.cl\/wp-content\/uploads\/2024\/03\/ASCENDO-DE-CINTURONES-TAEKWONDO-2024-1024x683.jpg\" alt=\"\" class=\"wp-image-10927\" srcset=\"https:\/\/www.radiolimari.cl\/wp-content\/uploads\/2024\/03\/ASCENDO-DE-CINTURONES-TAEKWONDO-2024-1024x683.jpg 1024w, https:\/\/www.radiolimari.cl\/wp-content\/uploads\/2024\/03\/ASCENDO-DE-CINTURONES-TAEKWONDO-2024-300x200.jpg 300w, https:\/\/www.radiolimari.cl\/wp-content\/uploads\/2024\/03\/ASCENDO-DE-CINTURONES-TAEKWONDO-2024-768x512.jpg 768w, https:\/\/www.radiolimari.cl\/wp-content\/uploads\/2024\/03\/ASCENDO-DE-CINTURONES-TAEKWONDO-2024-1536x1024.jpg 1536w, https:\/\/www.radiolimari.cl\/wp-content\/uploads\/2024\/03\/ASCENDO-DE-CINTURONES-TAEKWONDO-2024-2048x1365.jpg 2048w\" sizes=\"(max-width: 1024px) 100vw, 1024px\" \/><\/a><\/figure>\n\n\n\n<p>Desde la gesti\u00f3n local, el alcalde Cristian Herrera Pe\u00f1a enfatiz\u00f3 en el logr\u00f3 que ha significado esta academia, valorando el compromiso de los padres y el entusiasmo en la postulaci\u00f3n de proyectos, <strong>\u201ces la academia municipal con mayor crecimiento, hoy vemos la importancia del talento, la perseverancia y la convicci\u00f3n de esos j\u00f3venes. Esta academia tiene una directiva que presenta proyectos, va a avanzando, pas\u00f3 de ser formativa a tener una serie de proyecci\u00f3n. Hoy los deportistas de nuestra serie nos podr\u00e1n representar en otros territorios, seguiremos trabajando de la mano con nuestros apoderados\u201d.<\/strong><\/p>\n\n\n\n<p>La directiva de la Agrupaci\u00f3n Academia Taekwondo Monte Patria es clave en la gesti\u00f3n de proyectos e iniciativas, Mar\u00eda Jose Garc\u00eda, presidenta de esta directiva destac\u00f3<strong>, \u201ctenemos todo el apoyo de los apoderados, tener hartos proyectos, conseguir varias cosas para los ni\u00f1os, tener indumentaria, el apoyo de ellos es fundamental. Tenemos varios proyectos durante el a\u00f1o, ahora estamos postulando con los cortavientos, el a\u00f1o pasado salimos varias veces un encestamos algo que nos identifique. En el mes de noviembre tenemos actividad, que tiene el encuentro comunal, este a\u00f1o seguiremos con iniciativas de ese tipo\u201d.<\/strong><\/p>\n\n\n\n<figure class=\"wp-block-image size-large\"><a href=\"https:\/\/www.radiolimari.cl\/wp-content\/uploads\/2024\/03\/ASCENDO-DE-CINTURONES-TAEKWONDO-2024_63-scaled.jpg\"><img decoding=\"async\" width=\"1024\" height=\"683\" src=\"https:\/\/www.radiolimari.cl\/wp-content\/uploads\/2024\/03\/ASCENDO-DE-CINTURONES-TAEKWONDO-2024_63-1024x683.jpg\" alt=\"\" class=\"wp-image-10928\" srcset=\"https:\/\/www.radiolimari.cl\/wp-content\/uploads\/2024\/03\/ASCENDO-DE-CINTURONES-TAEKWONDO-2024_63-1024x683.jpg 1024w, https:\/\/www.radiolimari.cl\/wp-content\/uploads\/2024\/03\/ASCENDO-DE-CINTURONES-TAEKWONDO-2024_63-300x200.jpg 300w, https:\/\/www.radiolimari.cl\/wp-content\/uploads\/2024\/03\/ASCENDO-DE-CINTURONES-TAEKWONDO-2024_63-768x512.jpg 768w, https:\/\/www.radiolimari.cl\/wp-content\/uploads\/2024\/03\/ASCENDO-DE-CINTURONES-TAEKWONDO-2024_63-1536x1024.jpg 1536w, https:\/\/www.radiolimari.cl\/wp-content\/uploads\/2024\/03\/ASCENDO-DE-CINTURONES-TAEKWONDO-2024_63-2048x1365.jpg 2048w\" sizes=\"(max-width: 1024px) 100vw, 1024px\" \/><\/a><\/figure>\n\n\n\n<p>En la misma l\u00ednea, Mar\u00eda Pizarro, apoderada e integrante de la academia coment\u00f3 su experiencia en este espacio formativo y los resultados que puede llegar a entregar, <strong>\u201cprimero fue muy dif\u00edcil, acompa\u00f1\u00e9 a mi hijo y me llam\u00f3 la atenci\u00f3n, decid\u00ed participar, me cost\u00f3 mucho por mi edad, pero me ha servido mucho, recomendable 100%\u201d.<\/strong><\/p>\n\n\n\n<p>La academia contin\u00faa con sus labores de entrenamiento, en los pr\u00f3ximos meses planean realizar un viaje a la 5ta regi\u00f3n para desarrollar un par de competencias. Para noviembre ya est\u00e1 agendado un encuentro de Combate Regional con local\u00eda en la comuna de los valles generosos.<\/p>\n","protected":false},"excerpt":{"rendered":"<p>La ceremonia corresponde a uno de los dos ascensos anuales planificados por la academia formativa de Taekwondo Monte Patria. Actitud, esfuerzo y perseverancia, estos son los valores que se cultivan en la pr\u00e1ctica del cuerpo y el alma, mismos valores que hoy llevan d\u00eda a d\u00eda los estudiantes de la Academia Municipal de Taekwondo de &#8230;<\/p>\n","protected":false},"author":2,"featured_media":10926,"comment_status":"open","ping_status":"open","sticky":false,"template":"","format":"standard","meta":{"footnotes":""},"categories":[5],"tags":[],"class_list":["post-10925","post","type-post","status-publish","format-standard","has-post-thumbnail","hentry","category-actualidad-limarina"],"_links":{"self":[{"href":"https:\/\/www.radiolimari.cl\/index.php?rest_route=\/wp\/v2\/posts\/10925","targetHints":{"allow":["GET"]}}],"collection":[{"href":"https:\/\/www.radiolimari.cl\/index.php?rest_route=\/wp\/v2\/posts"}],"about":[{"href":"https:\/\/www.radiolimari.cl\/index.php?rest_route=\/wp\/v2\/types\/post"}],"author":[{"embeddable":true,"href":"https:\/\/www.radiolimari.cl\/index.php?rest_route=\/wp\/v2\/users\/2"}],"replies":[{"embeddable":true,"href":"https:\/\/www.radiolimari.cl\/index.php?rest_route=%2Fwp%2Fv2%2Fcomments&post=10925"}],"version-history":[{"count":1,"href":"https:\/\/www.radiolimari.cl\/index.php?rest_route=\/wp\/v2\/posts\/10925\/revisions"}],"predecessor-version":[{"id":10929,"href":"https:\/\/www.radiolimari.cl\/index.php?rest_route=\/wp\/v2\/posts\/10925\/revisions\/10929"}],"wp:featuredmedia":[{"embeddable":true,"href":"https:\/\/www.radiolimari.cl\/index.php?rest_route=\/wp\/v2\/media\/10926"}],"wp:attachment":[{"href":"https:\/\/www.radiolimari.cl\/index.php?rest_route=%2Fwp%2Fv2%2Fmedia&parent=10925"}],"wp:term":[{"taxonomy":"category","embeddable":true,"href":"https:\/\/www.radiolimari.cl\/index.php?rest_route=%2Fwp%2Fv2%2Fcategories&post=10925"},{"taxonomy":"post_tag","embeddable":true,"href":"https:\/\/www.radiolimari.cl\/index.php?rest_route=%2Fwp%2Fv2%2Ftags&post=10925"}],"curies":[{"name":"wp","href":"https:\/\/api.w.org\/{rel}","templated":true}]}}