{"id":10922,"date":"2024-03-04T12:14:49","date_gmt":"2024-03-04T12:14:49","guid":{"rendered":"https:\/\/www.radiolimari.cl\/?p=10922"},"modified":"2024-03-04T12:14:50","modified_gmt":"2024-03-04T12:14:50","slug":"diversas-actividades-realizaron-senda-para-prevenir-consumo-de-alcohol-y-otras-drogas-durante-el-verano","status":"publish","type":"post","link":"https:\/\/www.radiolimari.cl\/?p=10922","title":{"rendered":"Diversas actividades realizaron SENDA para prevenir consumo de alcohol y otras drogas durante el verano"},"content":{"rendered":"\n<figure class=\"wp-block-image size-large\"><a href=\"https:\/\/www.radiolimari.cl\/wp-content\/uploads\/2024\/03\/Foto-1.jpg\"><img fetchpriority=\"high\" decoding=\"async\" width=\"1024\" height=\"683\" src=\"https:\/\/www.radiolimari.cl\/wp-content\/uploads\/2024\/03\/Foto-1-1024x683.jpg\" alt=\"\" class=\"wp-image-10923\" srcset=\"https:\/\/www.radiolimari.cl\/wp-content\/uploads\/2024\/03\/Foto-1-1024x683.jpg 1024w, https:\/\/www.radiolimari.cl\/wp-content\/uploads\/2024\/03\/Foto-1-300x200.jpg 300w, https:\/\/www.radiolimari.cl\/wp-content\/uploads\/2024\/03\/Foto-1-768x512.jpg 768w, https:\/\/www.radiolimari.cl\/wp-content\/uploads\/2024\/03\/Foto-1-1536x1024.jpg 1536w, https:\/\/www.radiolimari.cl\/wp-content\/uploads\/2024\/03\/Foto-1.jpg 2048w\" sizes=\"(max-width: 1024px) 100vw, 1024px\" \/><\/a><\/figure>\n\n\n\n<p><strong>Las iniciativas fueron parte de la campa\u00f1a \u201cCuidarse siempre est\u00e1 de moda\u201d, las que fueron desarrolladas con el apoyo de las Oficinas SENDA Previene en las tres provincias de la regi\u00f3n.<\/strong><\/p>\n\n\n\n<p>Actividades deportivas, culturales, art\u00edsticas y con gran participaci\u00f3n de la comunidad, fueron parte de la campa\u00f1a \u201cCuidarse Siempre Est\u00e1 de Moda\u201d, que desarroll\u00f3 durante los meses de enero y febrero, el Servicio Nacional para la Prevenci\u00f3n y Rehabilitaci\u00f3n del Alcohol y Otras Drogas (SENDA) junto a las oficinas Previene en toda la regi\u00f3n.<\/p>\n\n\n\n<p>En total, fueron m\u00e1s de 60 actividades, que permitieron potenciar los h\u00e1bitos de vida saludables, el buen uso del tiempo libre y potenciar los factores protectores en ni\u00f1os, ni\u00f1as y adolescentes, adem\u00e1s de promover conductas de autocuidado en la poblaci\u00f3n joven, considerando los riesgos de experimentaci\u00f3n el consumo de alcohol y otras drogas. As\u00ed lo destac\u00f3 el director regional de SENDA, Rodrigo Maturana.<\/p>\n\n\n\n<p>\u201cSe desarrollaron actividades donde se buscaba llegar a la mayor cantidad de familias, ni\u00f1os, ni\u00f1as y adolescentes en espacios de esparcimiento y desde all\u00ed como poder prevenir y promocionar conductas saludables. En ese sentido, tratamos de potenciar y generar conciencia en la poblaci\u00f3n en torno al tema del consumo de alcohol y otras drogas y poder generar conductas y h\u00e1bitos preventivos a las decisiones que tiene que tomar nuestros ni\u00f1os y adolescentes, ante ciertas situaciones que enfrentan\u201d, se\u00f1al\u00f3.<\/p>\n\n\n\n<p>De esta manera, SENDA continuar\u00e1 durante todo el a\u00f1o desarrollando diversas iniciativas para abordar de manera integral el consumo de alcohol y drogas, con un fuerte componente comunitario y territorial, enfocado a ni\u00f1os, ni\u00f1as, adolescentes y sus familias.<\/p>\n","protected":false},"excerpt":{"rendered":"<p>Las iniciativas fueron parte de la campa\u00f1a \u201cCuidarse siempre est\u00e1 de moda\u201d, las que fueron desarrolladas con el apoyo de las Oficinas SENDA Previene en las tres provincias de la regi\u00f3n. Actividades deportivas, culturales, art\u00edsticas y con gran participaci\u00f3n de la comunidad, fueron parte de la campa\u00f1a \u201cCuidarse Siempre Est\u00e1 de Moda\u201d, que desarroll\u00f3 durante &#8230;<\/p>\n","protected":false},"author":2,"featured_media":10923,"comment_status":"open","ping_status":"open","sticky":false,"template":"","format":"standard","meta":{"footnotes":""},"categories":[6],"tags":[],"class_list":["post-10922","post","type-post","status-publish","format-standard","has-post-thumbnail","hentry","category-regionales"],"_links":{"self":[{"href":"https:\/\/www.radiolimari.cl\/index.php?rest_route=\/wp\/v2\/posts\/10922","targetHints":{"allow":["GET"]}}],"collection":[{"href":"https:\/\/www.radiolimari.cl\/index.php?rest_route=\/wp\/v2\/posts"}],"about":[{"href":"https:\/\/www.radiolimari.cl\/index.php?rest_route=\/wp\/v2\/types\/post"}],"author":[{"embeddable":true,"href":"https:\/\/www.radiolimari.cl\/index.php?rest_route=\/wp\/v2\/users\/2"}],"replies":[{"embeddable":true,"href":"https:\/\/www.radiolimari.cl\/index.php?rest_route=%2Fwp%2Fv2%2Fcomments&post=10922"}],"version-history":[{"count":1,"href":"https:\/\/www.radiolimari.cl\/index.php?rest_route=\/wp\/v2\/posts\/10922\/revisions"}],"predecessor-version":[{"id":10924,"href":"https:\/\/www.radiolimari.cl\/index.php?rest_route=\/wp\/v2\/posts\/10922\/revisions\/10924"}],"wp:featuredmedia":[{"embeddable":true,"href":"https:\/\/www.radiolimari.cl\/index.php?rest_route=\/wp\/v2\/media\/10923"}],"wp:attachment":[{"href":"https:\/\/www.radiolimari.cl\/index.php?rest_route=%2Fwp%2Fv2%2Fmedia&parent=10922"}],"wp:term":[{"taxonomy":"category","embeddable":true,"href":"https:\/\/www.radiolimari.cl\/index.php?rest_route=%2Fwp%2Fv2%2Fcategories&post=10922"},{"taxonomy":"post_tag","embeddable":true,"href":"https:\/\/www.radiolimari.cl\/index.php?rest_route=%2Fwp%2Fv2%2Ftags&post=10922"}],"curies":[{"name":"wp","href":"https:\/\/api.w.org\/{rel}","templated":true}]}}