{"id":10916,"date":"2024-03-03T15:37:57","date_gmt":"2024-03-03T15:37:57","guid":{"rendered":"https:\/\/www.radiolimari.cl\/?p=10916"},"modified":"2024-03-03T15:37:57","modified_gmt":"2024-03-03T15:37:57","slug":"se-realizo-el-primer-taller-formativo-de-patinaje-en-velocidad-iniciativa-organizada-por-la-municipalidad-de-ovalle-y-patrocinada-por-open-ovalle","status":"publish","type":"post","link":"https:\/\/www.radiolimari.cl\/?p=10916","title":{"rendered":"Se realiz\u00f3 el Primer Taller Formativo de Patinaje en Velocidad, iniciativa organizada por la Municipalidad de Ovalle y patrocinada por Open Ovalle."},"content":{"rendered":"\n<figure class=\"wp-block-image size-large is-resized\"><a href=\"https:\/\/www.radiolimari.cl\/wp-content\/uploads\/2024\/03\/patinaje-8.jpeg\"><img fetchpriority=\"high\" decoding=\"async\" width=\"1024\" height=\"576\" src=\"https:\/\/www.radiolimari.cl\/wp-content\/uploads\/2024\/03\/patinaje-8-1024x576.jpeg\" alt=\"\" class=\"wp-image-10917\" style=\"width:349px;height:auto\" srcset=\"https:\/\/www.radiolimari.cl\/wp-content\/uploads\/2024\/03\/patinaje-8-1024x576.jpeg 1024w, https:\/\/www.radiolimari.cl\/wp-content\/uploads\/2024\/03\/patinaje-8-300x169.jpeg 300w, https:\/\/www.radiolimari.cl\/wp-content\/uploads\/2024\/03\/patinaje-8-768x432.jpeg 768w, https:\/\/www.radiolimari.cl\/wp-content\/uploads\/2024\/03\/patinaje-8-1536x864.jpeg 1536w, https:\/\/www.radiolimari.cl\/wp-content\/uploads\/2024\/03\/patinaje-8.jpeg 1600w\" sizes=\"(max-width: 1024px) 100vw, 1024px\" \/><\/a><\/figure>\n\n\n\n<p><strong><em>La iniciativa fue posible gracias a una alianza p\u00fablico privada entre la casa consistorial y el Mall de Ovalle.<\/em><\/strong><\/p>\n\n\n\n<p>Con gran entusiasmo y participaci\u00f3n, se llev\u00f3 a cabo el exitoso cierre del Primer Tall9er Formativo de Patinaje en Velocidad, una iniciativa organizada por la Municipalidad de Ovalle y patrocinada por el Mall de Ovalle, que busc\u00f3 brindar a los ni\u00f1os y j\u00f3venes de la una alternativa deportiva y de esparcimiento durante las vacaciones de verano.<\/p>\n\n\n\n<p>Un total de 33 deportistas, provenientes de diferentes sectores de la comuna, participaron activamente en este taller, que se desarroll\u00f3 en las instalaciones del Mall de Ovalle y fue organizado por la Oficina de la Juventud de la Municipalidad, con el apoyo de la Oficina de Deportes y el patrocinio del centro comercial.<\/p>\n\n\n\n<figure class=\"wp-block-image size-large\"><a href=\"https:\/\/www.radiolimari.cl\/wp-content\/uploads\/2024\/03\/patinaje-2.jpeg\"><img decoding=\"async\" width=\"1024\" height=\"576\" src=\"https:\/\/www.radiolimari.cl\/wp-content\/uploads\/2024\/03\/patinaje-2-1024x576.jpeg\" alt=\"\" class=\"wp-image-10918\" srcset=\"https:\/\/www.radiolimari.cl\/wp-content\/uploads\/2024\/03\/patinaje-2-1024x576.jpeg 1024w, https:\/\/www.radiolimari.cl\/wp-content\/uploads\/2024\/03\/patinaje-2-300x169.jpeg 300w, https:\/\/www.radiolimari.cl\/wp-content\/uploads\/2024\/03\/patinaje-2-768x432.jpeg 768w, https:\/\/www.radiolimari.cl\/wp-content\/uploads\/2024\/03\/patinaje-2-1536x864.jpeg 1536w, https:\/\/www.radiolimari.cl\/wp-content\/uploads\/2024\/03\/patinaje-2.jpeg 1600w\" sizes=\"(max-width: 1024px) 100vw, 1024px\" \/><\/a><\/figure>\n\n\n\n<p>El Alcalde de Ovalle, Jonathan Acu\u00f1a, destac\u00f3 la importancia de este tipo de iniciativas para el desarrollo integral de los j\u00f3venes en la comuna. \u00abDurante este periodo estival, hemos querido entregar alternativas para los ni\u00f1os y ni\u00f1as que son amantes del patinaje. Quisimos adem\u00e1s, ofrecer un curso especializado en una primera instancia, para aquellos que desean aprender las primeras t\u00e9cnicas de este deporte\u00bb.<\/p>\n\n\n\n<p>Acu\u00f1a agreg\u00f3 que \u00abhemos tenido un \u00e9xito total. Hay una cantidad importante de participantes, con profesores de vasta experiencia y reconocidos a nivel nacional e internacional. Esto nos motiva a seguir replicando este tipo de cursos a lo largo del a\u00f1o, porque as\u00ed entregamos herramientas a nuestros ni\u00f1os, los preparamos para los grandes desaf\u00edos del futuro y mostramos que en Ovalle estamos apoyando el deporte de forma permanente\u00bb.<\/p>\n\n\n\n<figure class=\"wp-block-image size-large\"><a href=\"https:\/\/www.radiolimari.cl\/wp-content\/uploads\/2024\/03\/patinaje-3.jpeg\"><img decoding=\"async\" width=\"1024\" height=\"576\" src=\"https:\/\/www.radiolimari.cl\/wp-content\/uploads\/2024\/03\/patinaje-3-1024x576.jpeg\" alt=\"\" class=\"wp-image-10919\" srcset=\"https:\/\/www.radiolimari.cl\/wp-content\/uploads\/2024\/03\/patinaje-3-1024x576.jpeg 1024w, https:\/\/www.radiolimari.cl\/wp-content\/uploads\/2024\/03\/patinaje-3-300x169.jpeg 300w, https:\/\/www.radiolimari.cl\/wp-content\/uploads\/2024\/03\/patinaje-3-768x432.jpeg 768w, https:\/\/www.radiolimari.cl\/wp-content\/uploads\/2024\/03\/patinaje-3-1536x864.jpeg 1536w, https:\/\/www.radiolimari.cl\/wp-content\/uploads\/2024\/03\/patinaje-3.jpeg 1600w\" sizes=\"(max-width: 1024px) 100vw, 1024px\" \/><\/a><\/figure>\n\n\n\n<p>Uno de los momentos m\u00e1s emotivos de la jornada fue el testimonio de Herminda Coss, apoderada de Leonor Rojas Coss, quien expres\u00f3 que&nbsp;\u00abeste taller ha sido lo mejor que se ha realizado este verano. Creo que hac\u00eda falta esta instancia, estas oportunidades para los ni\u00f1os. Mi hija no ten\u00eda conocimiento del patinaje y siento que avanz\u00f3 mucho. Estas instancias, sobre todo para los ni\u00f1os, son buenas, y m\u00e1s si promocionamos el deporte en la comuna de Ovalle\u00bb. La peque\u00f1a Leonor, por su parte, aprovech\u00f3 para dirigirse al alcalde con una petici\u00f3n: \u00abSe\u00f1or alcalde, quiero pedir una pista de patinaje para que los ni\u00f1os de Ovalle podamos practicar\u00bb.<\/p>\n\n\n\n<p>Michael Labarca, vecino de la villa Cobresal de la parte alta y otro de los apoderados presentes, resalt\u00f3 la importancia de fomentar el deporte desde temprana edad: \u00abEs excelente que fomenten el deporte en los ni\u00f1os desde bien peque\u00f1os, porque eso los motiva a seguir. Puede salir por ah\u00ed alg\u00fan campe\u00f3n que siga adelante en esta carrera y en este deporte tan bonito\u00bb.<\/p>\n\n\n\n<figure class=\"wp-block-image size-large\"><a href=\"https:\/\/www.radiolimari.cl\/wp-content\/uploads\/2024\/03\/patinaje-1.jpeg\"><img loading=\"lazy\" decoding=\"async\" width=\"1024\" height=\"576\" src=\"https:\/\/www.radiolimari.cl\/wp-content\/uploads\/2024\/03\/patinaje-1-1024x576.jpeg\" alt=\"\" class=\"wp-image-10920\" srcset=\"https:\/\/www.radiolimari.cl\/wp-content\/uploads\/2024\/03\/patinaje-1-1024x576.jpeg 1024w, https:\/\/www.radiolimari.cl\/wp-content\/uploads\/2024\/03\/patinaje-1-300x169.jpeg 300w, https:\/\/www.radiolimari.cl\/wp-content\/uploads\/2024\/03\/patinaje-1-768x432.jpeg 768w, https:\/\/www.radiolimari.cl\/wp-content\/uploads\/2024\/03\/patinaje-1-1536x864.jpeg 1536w, https:\/\/www.radiolimari.cl\/wp-content\/uploads\/2024\/03\/patinaje-1.jpeg 1600w\" sizes=\"(max-width: 1024px) 100vw, 1024px\" \/><\/a><\/figure>\n\n\n\n<p>El cierre del taller de patinaje dej\u00f3 un saldo positivo y prometedor, reafirmando el compromiso de las autoridades y la comunidad con el fomento del deporte y el bienestar de los j\u00f3venes en Ovalle.<br><br>Resultados<\/p>\n\n\n\n<p>Los resultados por categor\u00eda fueron los siguientes:<\/p>\n\n\n\n<p><strong>Categor\u00eda 5-6 A\u00f1os<\/strong><\/p>\n\n\n\n<p>Damas:<br>Oro: Javiera Ubilla<br>Plata: Bel\u00e9n Rojas<\/p>\n\n\n\n<p>Varones:<br>Oro: Lucas Zumar\u00e1n<br>Plata:&nbsp; Salvador Hern\u00e1ndez<\/p>\n\n\n\n<p><strong>Categor\u00eda 7-9 a\u00f1os<\/strong><\/p>\n\n\n\n<p>Inicial<br>Oro: Sof\u00eda Contreras<br>Plata: Leonor Valencia<br>Bronce: Amparo Segovia<\/p>\n\n\n\n<p>Intermedio<br>Oro: Julieta La Barca<br>Plata: Trinidad N\u00fa\u00f1ez<br>Bronce: Elizabeth Valencia<\/p>\n\n\n\n<p>Avanzado<br>Oro: Emilia Vega<br>Plata: Antonella Majmud<br>Bronce: Trinidad Segovia &#8211; Maite Honores (empate)<\/p>\n\n\n\n<p><strong>Categor\u00eda 10-11 a\u00f1os<\/strong><\/p>\n\n\n\n<p>Inicial<br>Oro: Camila Trigo<br>Plata: Mariam Valencia<\/p>\n\n\n\n<p>Avanzado<br>Oro: Javiera Jimenez<br>Plata: Trinidad Garcia<br>Bronce: Leonor Rojas<\/p>\n\n\n\n<p><strong>Categor\u00eda 3.000 mts Eliminaci\u00f3n PRO<\/strong><\/p>\n\n\n\n<p>Oro: Vicente Quiroz<br>Plata: Paulina Rom\u00e1n<br>Bronce: Ignacia Vega<br>4to: Camila Rodr\u00edguez<br>5to: Alonso Mu\u00f1oz<br>6to: Scarlet Carvajal<br>7mo: Sebasti\u00e1n Vega<\/p>\n","protected":false},"excerpt":{"rendered":"<p>La iniciativa fue posible gracias a una alianza p\u00fablico privada entre la casa consistorial y el Mall de Ovalle. Con gran entusiasmo y participaci\u00f3n, se llev\u00f3 a cabo el exitoso cierre del Primer Tall9er Formativo de Patinaje en Velocidad, una iniciativa organizada por la Municipalidad de Ovalle y patrocinada por el Mall de Ovalle, que &#8230;<\/p>\n","protected":false},"author":2,"featured_media":10917,"comment_status":"open","ping_status":"open","sticky":false,"template":"","format":"standard","meta":{"footnotes":""},"categories":[5],"tags":[],"class_list":["post-10916","post","type-post","status-publish","format-standard","has-post-thumbnail","hentry","category-actualidad-limarina"],"_links":{"self":[{"href":"https:\/\/www.radiolimari.cl\/index.php?rest_route=\/wp\/v2\/posts\/10916","targetHints":{"allow":["GET"]}}],"collection":[{"href":"https:\/\/www.radiolimari.cl\/index.php?rest_route=\/wp\/v2\/posts"}],"about":[{"href":"https:\/\/www.radiolimari.cl\/index.php?rest_route=\/wp\/v2\/types\/post"}],"author":[{"embeddable":true,"href":"https:\/\/www.radiolimari.cl\/index.php?rest_route=\/wp\/v2\/users\/2"}],"replies":[{"embeddable":true,"href":"https:\/\/www.radiolimari.cl\/index.php?rest_route=%2Fwp%2Fv2%2Fcomments&post=10916"}],"version-history":[{"count":1,"href":"https:\/\/www.radiolimari.cl\/index.php?rest_route=\/wp\/v2\/posts\/10916\/revisions"}],"predecessor-version":[{"id":10921,"href":"https:\/\/www.radiolimari.cl\/index.php?rest_route=\/wp\/v2\/posts\/10916\/revisions\/10921"}],"wp:featuredmedia":[{"embeddable":true,"href":"https:\/\/www.radiolimari.cl\/index.php?rest_route=\/wp\/v2\/media\/10917"}],"wp:attachment":[{"href":"https:\/\/www.radiolimari.cl\/index.php?rest_route=%2Fwp%2Fv2%2Fmedia&parent=10916"}],"wp:term":[{"taxonomy":"category","embeddable":true,"href":"https:\/\/www.radiolimari.cl\/index.php?rest_route=%2Fwp%2Fv2%2Fcategories&post=10916"},{"taxonomy":"post_tag","embeddable":true,"href":"https:\/\/www.radiolimari.cl\/index.php?rest_route=%2Fwp%2Fv2%2Ftags&post=10916"}],"curies":[{"name":"wp","href":"https:\/\/api.w.org\/{rel}","templated":true}]}}