{"id":10913,"date":"2024-03-02T17:37:23","date_gmt":"2024-03-02T17:37:23","guid":{"rendered":"https:\/\/www.radiolimari.cl\/?p=10913"},"modified":"2024-03-02T17:37:24","modified_gmt":"2024-03-02T17:37:24","slug":"preocupante-situacion-respecto-del-abastecimiento-de-agua-potable-para-la-comuna-de-ovalle-dio-a-conocer-la-empresa-sanitaria-aguas-del-valle","status":"publish","type":"post","link":"https:\/\/www.radiolimari.cl\/?p=10913","title":{"rendered":"Preocupante situaci\u00f3n respecto del abastecimiento de agua potable para la comuna de Ovalle dio a conocer  la empresa sanitaria Aguas del Valle."},"content":{"rendered":"\n<figure class=\"wp-block-image size-large\"><a href=\"https:\/\/www.radiolimari.cl\/wp-content\/uploads\/2024\/03\/WhatsApp-Image-2024-03-01-at-16.18.03-scaled.jpeg\"><img fetchpriority=\"high\" decoding=\"async\" width=\"1024\" height=\"768\" src=\"https:\/\/www.radiolimari.cl\/wp-content\/uploads\/2024\/03\/WhatsApp-Image-2024-03-01-at-16.18.03-1024x768.jpeg\" alt=\"\" class=\"wp-image-10914\" srcset=\"https:\/\/www.radiolimari.cl\/wp-content\/uploads\/2024\/03\/WhatsApp-Image-2024-03-01-at-16.18.03-1024x768.jpeg 1024w, https:\/\/www.radiolimari.cl\/wp-content\/uploads\/2024\/03\/WhatsApp-Image-2024-03-01-at-16.18.03-300x225.jpeg 300w, https:\/\/www.radiolimari.cl\/wp-content\/uploads\/2024\/03\/WhatsApp-Image-2024-03-01-at-16.18.03-768x576.jpeg 768w, https:\/\/www.radiolimari.cl\/wp-content\/uploads\/2024\/03\/WhatsApp-Image-2024-03-01-at-16.18.03-1536x1152.jpeg 1536w, https:\/\/www.radiolimari.cl\/wp-content\/uploads\/2024\/03\/WhatsApp-Image-2024-03-01-at-16.18.03-2048x1536.jpeg 2048w\" sizes=\"(max-width: 1024px) 100vw, 1024px\" \/><\/a><\/figure>\n\n\n\n<p>En comisi\u00f3n de Aguas y Recursos H\u00eddricos del CORE, el gerente regional de la empresa sanitaria, Andr\u00e9s Nazer, detall\u00f3 que actualmente el embalse la Paloma, que abastece de agua a las familias de la capital del Limar\u00ed, se encuentra al 3% de su capacidad, por lo que trabajan en una propuesta de convenio con las organizaciones de riego, para priorizar el uso humano del recurso embalsado.<\/p>\n\n\n\n<p>Dando cumplimiento al acuerdo N\u00b013.759 del Consejo Regional, la comisi\u00f3n de Aguas y recursos H\u00eddricos del cuerpo colegiado recibi\u00f3 en su \u00faltima reuni\u00f3n al gerente regional de la empresa sanitaria Aguas del Valle, Andr\u00e9s Nazer, con el fin de conocer detalles del proyecto desarrollado para el traslado de agua desalada desde La Serena-Coquimbo hacia Ovalle, una vez se construya la desaladora anunciada durante la \u00faltima visita del Presidente Gabriel Boric a la regi\u00f3n.<\/p>\n\n\n\n<p>Adem\u00e1s, se profundiz\u00f3 respecto del estado en que se encuentran los pozos en la comuna de Ovalle y en general la situaci\u00f3n h\u00eddrica regional. Un panorama cr\u00edtico en que la situaci\u00f3n de la capital del Limar\u00ed concentr\u00f3 la atenci\u00f3n, debido al riesgo latente en que se encuentra la disponibilidad de agua para el abastecimiento de los hogares.<\/p>\n\n\n\n<p>En palabras de Nazer, \u201cgracias a los acuerdos con las Juntas de Vigilancia del r\u00edo Elqui y r\u00edo Choapa, particularmente en Salamanca e Illapel, adem\u00e1s de las obras de interconexi\u00f3n que realizamos para reforzar las aguas de Illapel con las aguas disponibles del r\u00edo de Salamanca, hemos podido cubrir el requerimiento de los vecinos de la zona, sin embargo, la situaci\u00f3n sigue siendo cr\u00edtica\u201d.<\/p>\n\n\n\n<p>Respecto del panorama para Ovalle, se\u00f1al\u00f3 que \u201chemos estado trabajando con las juntas de vigilancia y las autoridades, para ayudar a cubrir las necesidades de la comuna con aguas de Limar\u00ed. Expusimos esta situaci\u00f3n a los Cores y acordamos hacer una nueva reuni\u00f3n en marzo, para continuar avanzando y asegurar el agua para Ovalle, desde donde tambi\u00e9n se saca agua para sectores rurales, directamente desde nuestra planta de producci\u00f3n de agua potable\u201d.<\/p>\n\n\n\n<p>De esta forma, en Elqui, al llegar a niveles m\u00ednimos se destina el agua embalsada s\u00f3lo para consumo humano, dando cierto grado de seguridad en la entrega del suministro. En Ovalle, actualmente existen aguas suficientes para el consumo humano, con un embalse la Paloma al 3% de su capacidad total, lo que pone a la comuna en un l\u00edmite cr\u00edtico, si esos recursos no se destinan s\u00f3lo para bebida de la poblaci\u00f3n. Finalmente, Illapel cuenta con 2 fuentes de abastecimiento, uno desde las fuentes propias de la ciudad, adem\u00e1s del sistema de respaldo desde Salamanca, una conducci\u00f3n de 32 km realizada en 2021.<\/p>\n\n\n\n<p>Tras la presentaci\u00f3n, el presidente de la comisi\u00f3n de aguas y recursos H\u00eddricos, Cristian Rondanelli, detall\u00f3 que \u201choy estamos en una situaci\u00f3n compleja a nivel regional y Aguas del valle ha logrado acuerdos para asegurar el agua para consumo humano con lo que est\u00e1 embalsado. Sabemos que los embalses est\u00e1n en estado cr\u00edtico, pero agua a\u00fan queda (\u2026) En Limar\u00ed a\u00fan no se llega a un acuerdo y debe generarse un di\u00e1logo importante entre las organizaciones de regantes, Aguas del Valle y con los estamentos p\u00fablicos, para ver c\u00f3mo se va a asegurar aquello, porque hoy la situaci\u00f3n de Ovalle es muy compleja\u201d.<\/p>\n\n\n\n<p>En materia de aguas subterr\u00e1neas, y seg\u00fan diversos estudios, Rondanelli agreg\u00f3 que no habr\u00eda el agua suficiente para pozos de respaldo, \u201cpor lo que es una situaci\u00f3n bastante compleja, en la que va a tener que primar el bien com\u00fan y ver las formas de garantizar el recurso para las familias, en torno a lo poco que queda en el embalse La Paloma\u201d.<\/p>\n\n\n\n<p>Tras la reuni\u00f3n de trabajo, la comisi\u00f3n, y luego el pleno del Consejo Regional, acordaron solicitar al gerente regional de Aguas del Valle una nueva reuni\u00f3n para presentar el plan de re\u00faso de aguas grises que la sanitaria est\u00e1 implementando en la regi\u00f3n, adem\u00e1s de mantener informado al CORE sobre el estado de tramitaci\u00f3n del estudio de Impacto ambiental para la planta desaladora de Coquimbo.<\/p>\n\n\n\n<p>Igualmente, se consultar\u00e1 a la Junta de Vigilancia de los R\u00edo Grande y Limar\u00ed y sus Afluentes, sobre las causales, que les ha impedido llegar acuerdo con Aguas del Valle, para la reserva de agua embalsada, para el abastecimiento de agua en los centros urbanos. Actualmente la sanitaria Aguas del Valle abastece a m\u00e1s de 260 mil hogares en toda la Regi\u00f3n de Coquimbo, m\u00e1s de 197 mil en Elqui; 43 mil en Limar\u00ed y 19 mil en Choapa. Adem\u00e1s, cuenta con 19 Sistemas Sanitarios Rurales conectados, con m\u00e1s de 23 mil usuarios y m\u00e1s de 110 mil personas de zonas rurales m\u00e1s apartadas, abastecidas mediante camiones aljibe<\/p>\n","protected":false},"excerpt":{"rendered":"<p>En comisi\u00f3n de Aguas y Recursos H\u00eddricos del CORE, el gerente regional de la empresa sanitaria, Andr\u00e9s Nazer, detall\u00f3 que actualmente el embalse la Paloma, que abastece de agua a las familias de la capital del Limar\u00ed, se encuentra al 3% de su capacidad, por lo que trabajan en una propuesta de convenio con las &#8230;<\/p>\n","protected":false},"author":2,"featured_media":10914,"comment_status":"open","ping_status":"open","sticky":false,"template":"","format":"standard","meta":{"footnotes":""},"categories":[5],"tags":[],"class_list":["post-10913","post","type-post","status-publish","format-standard","has-post-thumbnail","hentry","category-actualidad-limarina"],"_links":{"self":[{"href":"https:\/\/www.radiolimari.cl\/index.php?rest_route=\/wp\/v2\/posts\/10913","targetHints":{"allow":["GET"]}}],"collection":[{"href":"https:\/\/www.radiolimari.cl\/index.php?rest_route=\/wp\/v2\/posts"}],"about":[{"href":"https:\/\/www.radiolimari.cl\/index.php?rest_route=\/wp\/v2\/types\/post"}],"author":[{"embeddable":true,"href":"https:\/\/www.radiolimari.cl\/index.php?rest_route=\/wp\/v2\/users\/2"}],"replies":[{"embeddable":true,"href":"https:\/\/www.radiolimari.cl\/index.php?rest_route=%2Fwp%2Fv2%2Fcomments&post=10913"}],"version-history":[{"count":1,"href":"https:\/\/www.radiolimari.cl\/index.php?rest_route=\/wp\/v2\/posts\/10913\/revisions"}],"predecessor-version":[{"id":10915,"href":"https:\/\/www.radiolimari.cl\/index.php?rest_route=\/wp\/v2\/posts\/10913\/revisions\/10915"}],"wp:featuredmedia":[{"embeddable":true,"href":"https:\/\/www.radiolimari.cl\/index.php?rest_route=\/wp\/v2\/media\/10914"}],"wp:attachment":[{"href":"https:\/\/www.radiolimari.cl\/index.php?rest_route=%2Fwp%2Fv2%2Fmedia&parent=10913"}],"wp:term":[{"taxonomy":"category","embeddable":true,"href":"https:\/\/www.radiolimari.cl\/index.php?rest_route=%2Fwp%2Fv2%2Fcategories&post=10913"},{"taxonomy":"post_tag","embeddable":true,"href":"https:\/\/www.radiolimari.cl\/index.php?rest_route=%2Fwp%2Fv2%2Ftags&post=10913"}],"curies":[{"name":"wp","href":"https:\/\/api.w.org\/{rel}","templated":true}]}}