{"id":10910,"date":"2024-03-01T00:23:36","date_gmt":"2024-03-01T00:23:36","guid":{"rendered":"https:\/\/www.radiolimari.cl\/?p=10910"},"modified":"2024-03-01T00:23:36","modified_gmt":"2024-03-01T00:23:36","slug":"este-viernes-se-da-el-vamos-a-la-fiesta-de-la-vendimia-en-pisco-elqui","status":"publish","type":"post","link":"https:\/\/www.radiolimari.cl\/?p=10910","title":{"rendered":"Este viernes se da el vamos a la Fiesta de la Vendimia en Pisco Elqui"},"content":{"rendered":"\n<figure class=\"wp-block-image size-large\"><a href=\"https:\/\/www.radiolimari.cl\/wp-content\/uploads\/2024\/03\/Pisco-Elqui.jpg\"><img fetchpriority=\"high\" decoding=\"async\" width=\"1024\" height=\"768\" src=\"https:\/\/www.radiolimari.cl\/wp-content\/uploads\/2024\/03\/Pisco-Elqui-1024x768.jpg\" alt=\"\" class=\"wp-image-10911\" srcset=\"https:\/\/www.radiolimari.cl\/wp-content\/uploads\/2024\/03\/Pisco-Elqui-1024x768.jpg 1024w, https:\/\/www.radiolimari.cl\/wp-content\/uploads\/2024\/03\/Pisco-Elqui-300x225.jpg 300w, https:\/\/www.radiolimari.cl\/wp-content\/uploads\/2024\/03\/Pisco-Elqui-768x576.jpg 768w, https:\/\/www.radiolimari.cl\/wp-content\/uploads\/2024\/03\/Pisco-Elqui-1536x1152.jpg 1536w, https:\/\/www.radiolimari.cl\/wp-content\/uploads\/2024\/03\/Pisco-Elqui.jpg 1600w\" sizes=\"(max-width: 1024px) 100vw, 1024px\" \/><\/a><\/figure>\n\n\n\n<p><strong><em>Diversas actividades se realizar\u00e1n en torno a esta fiesta que viene a rendir homenaje a la uva y el pisco en la comuna de Paihuano.<\/em><\/strong><\/p>\n\n\n\n<p>La localidad de Pisco Elqui, comuna de Paihuano, est\u00e1 lista para recibir marzo con la gran Fiesta de la Vendimia \u201cLa Cuna del Pisco\u201d, iniciativa que rinde homenaje a la uva y al pisco, dos productos emblem\u00e1ticos de la comuna y de la regi\u00f3n de Coquimbo.<\/p>\n\n\n\n<p>En esta ocasi\u00f3n, la celebraci\u00f3n comenzar\u00e1 a partir de este viernes 1 de marzo- a las 20 horas- con la inauguraci\u00f3n oficial, que contar\u00e1 con desfiles, presentaciones art\u00edsticas y concursos gastron\u00f3micos.<\/p>\n\n\n\n<p>As\u00ed lo adelant\u00f3 el presidente de la Junta de Vecinos de Pisco Elqui, Julio Avil\u00e9s, hizo extensiva la invitaci\u00f3n y explic\u00f3 que \u201ceste viernes 1 de marzo se da inicio oficial a esta fiesta de la vendimia, con una actividad inaugural, donde se presentar\u00e1n las candidatas a reinas de la vendimia, adem\u00e1s se realizar\u00e1n conversatorios con expertos de la actividad pisquera y se inaugurar\u00e1 una feria de artesanos dedicada a la uva y el pisco\u201d.<\/p>\n\n\n\n<p>Por su parte, el Alcalde Hern\u00e1n Ahumada, tambi\u00e9n invit\u00f3 a esta fiesta y destac\u00f3 el apoyo de las diversas entidades que hacen posible esta celebraci\u00f3n. \u201cEste viernes comienza esta fiesta, que viene a resaltar el rol de la uva y el pisco para nuestra comuna. Esperamos que turistas y vecinos se acerquen hasta nuestra comuna y participen de esta celebraci\u00f3n que se realizar\u00e1 los fines de semana de marzo\u201d, expres\u00f3.<\/p>\n\n\n\n<p>Dentro de las pisqueras que participar\u00e1n, destacan: Pisco Mistral, Los Nichos y Do\u00f1a Josefa. La invitaci\u00f3n est\u00e1 abierta para quienes deseen disfrutar de esta celebraci\u00f3n ya tradicional en el Valle de Elqui y en la regi\u00f3n de Coquimbo.<\/p>\n","protected":false},"excerpt":{"rendered":"<p>Diversas actividades se realizar\u00e1n en torno a esta fiesta que viene a rendir homenaje a la uva y el pisco en la comuna de Paihuano. La localidad de Pisco Elqui, comuna de Paihuano, est\u00e1 lista para recibir marzo con la gran Fiesta de la Vendimia \u201cLa Cuna del Pisco\u201d, iniciativa que rinde homenaje a la &#8230;<\/p>\n","protected":false},"author":2,"featured_media":10911,"comment_status":"open","ping_status":"open","sticky":false,"template":"","format":"standard","meta":{"footnotes":""},"categories":[3],"tags":[],"class_list":["post-10910","post","type-post","status-publish","format-standard","has-post-thumbnail","hentry","category-actualidad"],"_links":{"self":[{"href":"https:\/\/www.radiolimari.cl\/index.php?rest_route=\/wp\/v2\/posts\/10910","targetHints":{"allow":["GET"]}}],"collection":[{"href":"https:\/\/www.radiolimari.cl\/index.php?rest_route=\/wp\/v2\/posts"}],"about":[{"href":"https:\/\/www.radiolimari.cl\/index.php?rest_route=\/wp\/v2\/types\/post"}],"author":[{"embeddable":true,"href":"https:\/\/www.radiolimari.cl\/index.php?rest_route=\/wp\/v2\/users\/2"}],"replies":[{"embeddable":true,"href":"https:\/\/www.radiolimari.cl\/index.php?rest_route=%2Fwp%2Fv2%2Fcomments&post=10910"}],"version-history":[{"count":1,"href":"https:\/\/www.radiolimari.cl\/index.php?rest_route=\/wp\/v2\/posts\/10910\/revisions"}],"predecessor-version":[{"id":10912,"href":"https:\/\/www.radiolimari.cl\/index.php?rest_route=\/wp\/v2\/posts\/10910\/revisions\/10912"}],"wp:featuredmedia":[{"embeddable":true,"href":"https:\/\/www.radiolimari.cl\/index.php?rest_route=\/wp\/v2\/media\/10911"}],"wp:attachment":[{"href":"https:\/\/www.radiolimari.cl\/index.php?rest_route=%2Fwp%2Fv2%2Fmedia&parent=10910"}],"wp:term":[{"taxonomy":"category","embeddable":true,"href":"https:\/\/www.radiolimari.cl\/index.php?rest_route=%2Fwp%2Fv2%2Fcategories&post=10910"},{"taxonomy":"post_tag","embeddable":true,"href":"https:\/\/www.radiolimari.cl\/index.php?rest_route=%2Fwp%2Fv2%2Ftags&post=10910"}],"curies":[{"name":"wp","href":"https:\/\/api.w.org\/{rel}","templated":true}]}}