{"id":10894,"date":"2024-02-29T16:42:21","date_gmt":"2024-02-29T16:42:21","guid":{"rendered":"https:\/\/www.radiolimari.cl\/?p=10894"},"modified":"2024-02-29T16:42:21","modified_gmt":"2024-02-29T16:42:21","slug":"realizan-exitosa-feria-de-la-abundancia-con-amplia-convocatoria-en-el-sector-de-dos-rios-en-la-comuna-de-monte-patria","status":"publish","type":"post","link":"https:\/\/www.radiolimari.cl\/?p=10894","title":{"rendered":"Realizan exitosa \u201cFeria de la Abundancia\u201d con amplia convocatoria en el sector de Dos R\u00edos en la comuna de Monte Patria."},"content":{"rendered":"\n<figure class=\"wp-block-image size-large\"><a href=\"https:\/\/www.radiolimari.cl\/wp-content\/uploads\/2024\/02\/Unknown-1-1.jpeg\"><img fetchpriority=\"high\" decoding=\"async\" width=\"1024\" height=\"682\" src=\"https:\/\/www.radiolimari.cl\/wp-content\/uploads\/2024\/02\/Unknown-1-1-1024x682.jpeg\" alt=\"\" class=\"wp-image-10895\" srcset=\"https:\/\/www.radiolimari.cl\/wp-content\/uploads\/2024\/02\/Unknown-1-1-1024x682.jpeg 1024w, https:\/\/www.radiolimari.cl\/wp-content\/uploads\/2024\/02\/Unknown-1-1-300x200.jpeg 300w, https:\/\/www.radiolimari.cl\/wp-content\/uploads\/2024\/02\/Unknown-1-1-768x512.jpeg 768w, https:\/\/www.radiolimari.cl\/wp-content\/uploads\/2024\/02\/Unknown-1-1-1536x1023.jpeg 1536w, https:\/\/www.radiolimari.cl\/wp-content\/uploads\/2024\/02\/Unknown-1-1.jpeg 1600w\" sizes=\"(max-width: 1024px) 100vw, 1024px\" \/><\/a><\/figure>\n\n\n\n<p><strong><em>La iniciativa que es parte de los proyectos de la Incubadora de Proyectos Regenerativos de Monte Patria busca la regeneraci\u00f3n de espacios y ecosistemas locales.&nbsp; <\/em><\/strong><strong><em><\/em><\/strong><\/p>\n\n\n\n<p>M\u00e1s de 200 personas se reunieron el pasado viernes 23 de febrero al costado de la cancha de f\u00fatbol de la localidad de Dos R\u00edos para participar en la Feria de la Abundancia, iniciativa local organizada por la Incubadora de Proyectos Regenerativos de Monte Patria. La iniciativa financiada por el Gobierno Regional de Coquimbo, demostr\u00f3 el poder de la colaboraci\u00f3n colectiva y la creatividad al transformar un sitio eriazo en un punto de encuentro comunitario lleno de vida para sus habitantes.<\/p>\n\n\n\n<p>La actividad, se extendi\u00f3 por cerca de 4 horas con m\u00e1s de 10 stands con variados productos artesanales, plantas y alimentos t\u00edpicos de la zona. Adem\u00e1s, se ofreci\u00f3 un nutrido programa cultural donde figuras como el payador Arturo Varela, el conjunto de danza Afrolimar\u00ed y otros talentos locales. <strong>\u00abEsta iniciativa es un claro ejemplo de c\u00f3mo podemos trabajar juntos para regenerar y revitalizar nuestro entorno y fortalecer el tejido social de nuestra comunidad\u00bb, <\/strong>expres\u00f3 Consuelo Infante, interlocutora de la iniciativa.<\/p>\n\n\n\n<p>Gabriela Fernandez, tambi\u00e9n conocida por su nombre espiritual <em>Gurujiwan, <\/em>destaca que estaban esperando con ansias la realizaci\u00f3n de esta feria <strong>\u201ceste es un hito dentro de un proceso m\u00e1s largo. Ac\u00e1 hubo un trabajo de incubaci\u00f3n de experiencia, donde personas de la misma comunidad expres\u00f3 la idea de levantar este espacio que estaba abandonado para colocar algo que convocara a la abundancia. La abundancia desde los emprendimientos, de vender cosas, de ponerle \u00e9nfasis a los productos locales\u201d.<\/strong><\/p>\n\n\n\n<p>Pero esta feria no solo se ocupa de regenerar espacios abandonados, sino tambi\u00e9n trabaja con las comunidades para levantar e impulsar los emprendimientos locales. De esta forma, el proyecto busca, por un lado, rescatar espacios para su transformaci\u00f3n y, por el otro, otorgar herramientas a los emprendedores para la activaci\u00f3n de polos comerciales, fomentando la reactivaci\u00f3n econ\u00f3mica de las familias. Laura Rojas Villanueva es oriunda de la localidad Dos R\u00edos y, tal como ella comenta, lleg\u00f3 a la feria gracias a una invitaci\u00f3n de la misma comunidad<strong> \u201cyo siempre he trabajado vendiendo dulces y paletas. Est\u00e1 muy bien lo que hipo este proyecto de recuperar este espacio que lleg\u00f3 para ac\u00e1 y que puede ayudar a mucha gente, as\u00ed tambi\u00e9n nos podemos ocupar en algo\u201d.<\/strong><\/p>\n\n\n\n<p>La Feria de la Abundancia tambi\u00e9n cont\u00f3 con la presencia de autoridades locales y representantes de diversas organizaciones, quienes destacaron el impacto positivo que este tipo de proyectos tiene en el desarrollo sostenible de la regi\u00f3n. <strong>\u00abComo Programa Regeneremos Coquimbo felicitamos al equipo que ha impulsado esta primera Feria de la Abundancia, en particular a los dirigentes sociales y vecinos de Juntas y Dos R\u00edos que han comenzado a regenerar su tejido social y su entorno de una forma entusiasta y entretenida\u00bb<\/strong>, afirm\u00f3 Marco Guti\u00e9rrez, encargado de las Incubadoras de Proyectos Regenerativos regional.<\/p>\n\n\n\n<p>Desde el municipio, la m\u00e1xima autoridad comunal, Cristian Herrera Pe\u00f1a,&nbsp; destac\u00f3 la labor que la comunidad puso en el proyecto <strong>\u201cvisitamos a nuestros emprendedores y a la comunidad que desarrolla con una gesti\u00f3n netamente comunitaria esta feria de la abundancia con un proyecto del GORE y estamos contentos en c\u00f3mo se ha ido dando este espacio, donde nosotros pudimos observar cu\u00e1l era el objetivo y c\u00f3mo se hab\u00eda generado estas instancias pero tambi\u00e9n para generar un proceso de aprendizaje que nos pueda servir como comuna para ir replicando esta iniciativa\u201d.<\/strong><\/p>\n\n\n\n<p>La jornada culmin\u00f3 con diversas presentaciones art\u00edsticas y un llamado a la comunidad para que participaran en los pr\u00f3ximos talleres de oficios que la Incubadora de Proyectos Regenerativos de Coquimbo tiene para el territorio en los pr\u00f3ximos meses.<\/p>\n","protected":false},"excerpt":{"rendered":"<p>La iniciativa que es parte de los proyectos de la Incubadora de Proyectos Regenerativos de Monte Patria busca la regeneraci\u00f3n de espacios y ecosistemas locales.&nbsp; M\u00e1s de 200 personas se reunieron el pasado viernes 23 de febrero al costado de la cancha de f\u00fatbol de la localidad de Dos R\u00edos para participar en la Feria &#8230;<\/p>\n","protected":false},"author":2,"featured_media":10895,"comment_status":"open","ping_status":"open","sticky":false,"template":"","format":"standard","meta":{"footnotes":""},"categories":[5],"tags":[],"class_list":["post-10894","post","type-post","status-publish","format-standard","has-post-thumbnail","hentry","category-actualidad-limarina"],"_links":{"self":[{"href":"https:\/\/www.radiolimari.cl\/index.php?rest_route=\/wp\/v2\/posts\/10894","targetHints":{"allow":["GET"]}}],"collection":[{"href":"https:\/\/www.radiolimari.cl\/index.php?rest_route=\/wp\/v2\/posts"}],"about":[{"href":"https:\/\/www.radiolimari.cl\/index.php?rest_route=\/wp\/v2\/types\/post"}],"author":[{"embeddable":true,"href":"https:\/\/www.radiolimari.cl\/index.php?rest_route=\/wp\/v2\/users\/2"}],"replies":[{"embeddable":true,"href":"https:\/\/www.radiolimari.cl\/index.php?rest_route=%2Fwp%2Fv2%2Fcomments&post=10894"}],"version-history":[{"count":1,"href":"https:\/\/www.radiolimari.cl\/index.php?rest_route=\/wp\/v2\/posts\/10894\/revisions"}],"predecessor-version":[{"id":10896,"href":"https:\/\/www.radiolimari.cl\/index.php?rest_route=\/wp\/v2\/posts\/10894\/revisions\/10896"}],"wp:featuredmedia":[{"embeddable":true,"href":"https:\/\/www.radiolimari.cl\/index.php?rest_route=\/wp\/v2\/media\/10895"}],"wp:attachment":[{"href":"https:\/\/www.radiolimari.cl\/index.php?rest_route=%2Fwp%2Fv2%2Fmedia&parent=10894"}],"wp:term":[{"taxonomy":"category","embeddable":true,"href":"https:\/\/www.radiolimari.cl\/index.php?rest_route=%2Fwp%2Fv2%2Fcategories&post=10894"},{"taxonomy":"post_tag","embeddable":true,"href":"https:\/\/www.radiolimari.cl\/index.php?rest_route=%2Fwp%2Fv2%2Ftags&post=10894"}],"curies":[{"name":"wp","href":"https:\/\/api.w.org\/{rel}","templated":true}]}}