{"id":10890,"date":"2024-02-29T16:14:14","date_gmt":"2024-02-29T16:14:14","guid":{"rendered":"https:\/\/www.radiolimari.cl\/?p=10890"},"modified":"2024-02-29T16:15:03","modified_gmt":"2024-02-29T16:15:03","slug":"en-la-ciudad-de-illapel-se-inauguro-el-cuarto-mural-comunitario-un-homenaje-a-la-historia-local","status":"publish","type":"post","link":"https:\/\/www.radiolimari.cl\/?p=10890","title":{"rendered":"En la ciudad de Illapel se inaugur\u00f3 el cuarto mural comunitario: \u00abUn homenaje a la historia local\u00bb."},"content":{"rendered":"\n<figure class=\"wp-block-image size-large\"><a href=\"https:\/\/www.radiolimari.cl\/wp-content\/uploads\/2024\/02\/409075921_18011103257240209_8453889119674647214_n.jpeg\"><img fetchpriority=\"high\" decoding=\"async\" width=\"1024\" height=\"683\" src=\"https:\/\/www.radiolimari.cl\/wp-content\/uploads\/2024\/02\/409075921_18011103257240209_8453889119674647214_n-1024x683.jpeg\" alt=\"\" class=\"wp-image-10892\" srcset=\"https:\/\/www.radiolimari.cl\/wp-content\/uploads\/2024\/02\/409075921_18011103257240209_8453889119674647214_n-1024x683.jpeg 1024w, https:\/\/www.radiolimari.cl\/wp-content\/uploads\/2024\/02\/409075921_18011103257240209_8453889119674647214_n-300x200.jpeg 300w, https:\/\/www.radiolimari.cl\/wp-content\/uploads\/2024\/02\/409075921_18011103257240209_8453889119674647214_n-768x512.jpeg 768w, https:\/\/www.radiolimari.cl\/wp-content\/uploads\/2024\/02\/409075921_18011103257240209_8453889119674647214_n.jpeg 1440w\" sizes=\"(max-width: 1024px) 100vw, 1024px\" \/><\/a><\/figure>\n\n\n\n<p>Con un emotivo acto, la comunidad y la Municipalidad de Illapel dieron vida al cuarto mural comunitario de la comuna, marcando un hito significativo en la identidad de la capital provincial del Choapa. Ubicado en \u00c1lvarez P\u00e9rez con la Avenida Ignacio Silva, en un sitio hist\u00f3rico donde antes se alzaba la estaci\u00f3n de ferrocarriles, esta obra se erige como un testimonio viviente de las vivencias de generaciones pasadas.<\/p>\n\n\n\n<p>La inauguraci\u00f3n, que cont\u00f3 con una nutrida asistencia de p\u00fablico, celebr\u00f3 la riqueza hist\u00f3rica y cultural de Illapel, plasmada en cada trazo del mural. Este proyecto no solo embellece la ciudad, sino que tambi\u00e9n resalta la importancia de preservar y compartir las memorias colectivas que dan forma a la identidad local. Es en este sentido, que el alcalde de la comuna, Denis Cort\u00e9s Aguilera, destac\u00f3 que \u201cesto tiene que ver con la recuperaci\u00f3n de espacios p\u00fablicos, un programa que tiene nuestra municipalidad, en el que apostamos por los artistas locales, como Ivan y Estefan\u00eda, que han hecho que la participaci\u00f3n ciudadana sea algo fundamental. De esta forma vamos llenando Illapel no s\u00f3lo de color y de historia, sino tambi\u00e9n de patrimonio y recuperar un poquito la identidad de la ciudad\u201d.<\/p>\n\n\n\n<p>El mural, concebido y elaborado por talentosos artistas illapelinos, es fruto de un proceso colaborativo en el que se recopilaron relatos y an\u00e9cdotas de los vecinos. De esta manera, la obra refleja hechos ic\u00f3nicos, tradiciones arraigadas y personajes emblem\u00e1ticos que forman parte del acervo cultural de Illapel, enriqueciendo el patrimonio visual de la ciudad. Erick Mu\u00f1oz, presidente de la Junta de Vecinos Las Avenidas, mencion\u00f3 que \u201cfeliz de estar aqu\u00ed inaugurando este arte y gracias al municipio, gracias al alcalde y a todos los involucrados en esto porque es algo muy lindo. La cultura al aire libre puede reflejar lo que hay ac\u00e1 y es bonito recordarlo\u201d.<\/p>\n\n\n\n<p>La administraci\u00f3n municipal asume el compromiso de convertir las calles de Illapel en un verdadero museo al aire libre. Para ello, se plantean dos estrategias: la recuperaci\u00f3n de escaleras mediante la t\u00e9cnica del mosaico y la creaci\u00f3n de murales comunitarios. Este esfuerzo busca no solo embellecer los espacios p\u00fablicos, sino tambi\u00e9n fortalecer el sentido de pertenencia y orgullo entre los habitantes de Illapel.<\/p>\n","protected":false},"excerpt":{"rendered":"<p>Con un emotivo acto, la comunidad y la Municipalidad de Illapel dieron vida al cuarto mural comunitario de la comuna, marcando un hito significativo en la identidad de la capital provincial del Choapa. Ubicado en \u00c1lvarez P\u00e9rez con la Avenida Ignacio Silva, en un sitio hist\u00f3rico donde antes se alzaba la estaci\u00f3n de ferrocarriles, esta &#8230;<\/p>\n","protected":false},"author":2,"featured_media":10892,"comment_status":"open","ping_status":"open","sticky":false,"template":"","format":"standard","meta":{"footnotes":""},"categories":[6],"tags":[],"class_list":["post-10890","post","type-post","status-publish","format-standard","has-post-thumbnail","hentry","category-regionales"],"_links":{"self":[{"href":"https:\/\/www.radiolimari.cl\/index.php?rest_route=\/wp\/v2\/posts\/10890","targetHints":{"allow":["GET"]}}],"collection":[{"href":"https:\/\/www.radiolimari.cl\/index.php?rest_route=\/wp\/v2\/posts"}],"about":[{"href":"https:\/\/www.radiolimari.cl\/index.php?rest_route=\/wp\/v2\/types\/post"}],"author":[{"embeddable":true,"href":"https:\/\/www.radiolimari.cl\/index.php?rest_route=\/wp\/v2\/users\/2"}],"replies":[{"embeddable":true,"href":"https:\/\/www.radiolimari.cl\/index.php?rest_route=%2Fwp%2Fv2%2Fcomments&post=10890"}],"version-history":[{"count":2,"href":"https:\/\/www.radiolimari.cl\/index.php?rest_route=\/wp\/v2\/posts\/10890\/revisions"}],"predecessor-version":[{"id":10893,"href":"https:\/\/www.radiolimari.cl\/index.php?rest_route=\/wp\/v2\/posts\/10890\/revisions\/10893"}],"wp:featuredmedia":[{"embeddable":true,"href":"https:\/\/www.radiolimari.cl\/index.php?rest_route=\/wp\/v2\/media\/10892"}],"wp:attachment":[{"href":"https:\/\/www.radiolimari.cl\/index.php?rest_route=%2Fwp%2Fv2%2Fmedia&parent=10890"}],"wp:term":[{"taxonomy":"category","embeddable":true,"href":"https:\/\/www.radiolimari.cl\/index.php?rest_route=%2Fwp%2Fv2%2Fcategories&post=10890"},{"taxonomy":"post_tag","embeddable":true,"href":"https:\/\/www.radiolimari.cl\/index.php?rest_route=%2Fwp%2Fv2%2Ftags&post=10890"}],"curies":[{"name":"wp","href":"https:\/\/api.w.org\/{rel}","templated":true}]}}