{"id":10885,"date":"2024-02-28T20:22:30","date_gmt":"2024-02-28T20:22:30","guid":{"rendered":"https:\/\/www.radiolimari.cl\/?p=10885"},"modified":"2024-02-28T20:22:31","modified_gmt":"2024-02-28T20:22:31","slug":"fosis-apoyo-a-emprendedores-y-emprendedoras-de-choapa-con-capacitacion-y-financiamiento","status":"publish","type":"post","link":"https:\/\/www.radiolimari.cl\/?p=10885","title":{"rendered":"FOSIS apoy\u00f3 a emprendedores y emprendedoras de Choapa con capacitaci\u00f3n y financiamiento."},"content":{"rendered":"\n<figure class=\"wp-block-image size-large\"><a href=\"https:\/\/www.radiolimari.cl\/wp-content\/uploads\/2024\/02\/IMG_3420.jpg\"><img fetchpriority=\"high\" decoding=\"async\" width=\"1024\" height=\"768\" src=\"https:\/\/www.radiolimari.cl\/wp-content\/uploads\/2024\/02\/IMG_3420-1024x768.jpg\" alt=\"\" class=\"wp-image-10886\" srcset=\"https:\/\/www.radiolimari.cl\/wp-content\/uploads\/2024\/02\/IMG_3420-1024x768.jpg 1024w, https:\/\/www.radiolimari.cl\/wp-content\/uploads\/2024\/02\/IMG_3420-300x225.jpg 300w, https:\/\/www.radiolimari.cl\/wp-content\/uploads\/2024\/02\/IMG_3420-768x576.jpg 768w, https:\/\/www.radiolimari.cl\/wp-content\/uploads\/2024\/02\/IMG_3420-1536x1152.jpg 1536w, https:\/\/www.radiolimari.cl\/wp-content\/uploads\/2024\/02\/IMG_3420.jpg 2016w\" sizes=\"(max-width: 1024px) 100vw, 1024px\" \/><\/a><\/figure>\n\n\n\n<p><strong>A trav\u00e9s del programa Emprendamos, las y los participantes aprendieron c\u00f3mo manejar su negocio y pudieron consolidarlo, adem\u00e1s de recibir un aporte directo para comprar insumos y herramientas.<\/strong><\/p>\n\n\n\n<p>Carol Alfaro reside en Illapel y tiene una pasteler\u00eda saludable. Esta emprendedora, quer\u00eda consolidar su negocio, pero no sab\u00eda c\u00f3mo hacerlo. As\u00ed, postul\u00f3 a FOSIS y qued\u00f3 seleccionada en el programa Emprendamos, que le dio el impulso necesario para salir adelante.<\/p>\n\n\n\n<p>\u201cOfrezco productos libres de az\u00facar, libres de harina refinada y estoy muy contenta de haberme ganado el FOSIS porque me ayud\u00f3 bastante en mi nuevo servicio que estoy entregando de banqueter\u00eda saludable as\u00ed que los dejo invitados para que me sigan en Instagram como browniesdecarol\u201d.<\/p>\n\n\n\n<figure class=\"wp-block-image size-large\"><a href=\"https:\/\/www.radiolimari.cl\/wp-content\/uploads\/2024\/02\/IMG_3378.jpg\"><img decoding=\"async\" width=\"1024\" height=\"1001\" src=\"https:\/\/www.radiolimari.cl\/wp-content\/uploads\/2024\/02\/IMG_3378-1024x1001.jpg\" alt=\"\" class=\"wp-image-10887\" srcset=\"https:\/\/www.radiolimari.cl\/wp-content\/uploads\/2024\/02\/IMG_3378-1024x1001.jpg 1024w, https:\/\/www.radiolimari.cl\/wp-content\/uploads\/2024\/02\/IMG_3378-300x293.jpg 300w, https:\/\/www.radiolimari.cl\/wp-content\/uploads\/2024\/02\/IMG_3378-768x751.jpg 768w, https:\/\/www.radiolimari.cl\/wp-content\/uploads\/2024\/02\/IMG_3378.jpg 1320w\" sizes=\"(max-width: 1024px) 100vw, 1024px\" \/><\/a><\/figure>\n\n\n\n<p>El programa Emprendamos apoya a las personas para que desarrollen un negocio que les permita generar o aumentar sus ingresos y est\u00e1 dirigido a quienes tengan una idea, quieran empezar un emprendimiento o busquen consolidarlo.<\/p>\n\n\n\n<p>&nbsp;&nbsp;&nbsp;&nbsp;&nbsp;&nbsp;&nbsp;&nbsp; Sobre el programa, el Director Regional del FOSIS, Alejandro Gonz\u00e1lez destac\u00f3 que \u201choy estamos certificando a 69 emprendedoras y emprendedores de todas las comunas del Choapa, quienes participaron en capacitaciones y talleres orientados a mejorar sus negocios, donde recibieron nuevos conocimientos, herramientas e insumos para poder crecer y consolidarse, lo que significa no solo un paso adelante en el escalamiento productivo de sus emprendimientos, sino que tambi\u00e9n poder mejorar su calidad de vida y la de sus familias\u00bb.<\/p>\n\n\n\n<p>Respecto del apoyo al emprendimiento, la Delegada Presidencial Provincial de Choapa, Nataly Carvajal se\u00f1al\u00f3 que \u201ces una jornada muy emotiva porque si viene cierto, esta capacitaci\u00f3n fue abierta a hombres y mujeres, hay un gran n\u00famero de mujeres y ah\u00ed nosotros tambi\u00e9n vemos la realidad que hay en la provincia y es super valorado y necesario que podamos ir capacitando a nuestras mujeres, a nuestros hombres tambi\u00e9n; a nuestros vecinos de Choapa para que mejoren sus condiciones de trabajo, de emprendimiento\u201d.<\/p>\n\n\n\n<figure class=\"wp-block-image size-large is-resized\"><a href=\"https:\/\/www.radiolimari.cl\/wp-content\/uploads\/2024\/02\/IMG_3435.jpg\"><img decoding=\"async\" width=\"1024\" height=\"461\" src=\"https:\/\/www.radiolimari.cl\/wp-content\/uploads\/2024\/02\/IMG_3435-1024x461.jpg\" alt=\"\" class=\"wp-image-10888\" style=\"width:592px;height:auto\" srcset=\"https:\/\/www.radiolimari.cl\/wp-content\/uploads\/2024\/02\/IMG_3435-1024x461.jpg 1024w, https:\/\/www.radiolimari.cl\/wp-content\/uploads\/2024\/02\/IMG_3435-300x135.jpg 300w, https:\/\/www.radiolimari.cl\/wp-content\/uploads\/2024\/02\/IMG_3435-768x346.jpg 768w, https:\/\/www.radiolimari.cl\/wp-content\/uploads\/2024\/02\/IMG_3435-1536x692.jpg 1536w, https:\/\/www.radiolimari.cl\/wp-content\/uploads\/2024\/02\/IMG_3435.jpg 2016w\" sizes=\"(max-width: 1024px) 100vw, 1024px\" \/><\/a><\/figure>\n\n\n\n<p>La iniciativa se desarroll\u00f3 durante ocho meses y las y los 69 usuarios participantes, crearon un plan de trabajo, recibieron capacitaciones y un aporte de entre $550.000 y $600.000 para adquisici\u00f3n de insumos y herramientas.<\/p>\n","protected":false},"excerpt":{"rendered":"<p>A trav\u00e9s del programa Emprendamos, las y los participantes aprendieron c\u00f3mo manejar su negocio y pudieron consolidarlo, adem\u00e1s de recibir un aporte directo para comprar insumos y herramientas. Carol Alfaro reside en Illapel y tiene una pasteler\u00eda saludable. Esta emprendedora, quer\u00eda consolidar su negocio, pero no sab\u00eda c\u00f3mo hacerlo. As\u00ed, postul\u00f3 a FOSIS y qued\u00f3 &#8230;<\/p>\n","protected":false},"author":2,"featured_media":10886,"comment_status":"open","ping_status":"open","sticky":false,"template":"","format":"standard","meta":{"footnotes":""},"categories":[6],"tags":[],"class_list":["post-10885","post","type-post","status-publish","format-standard","has-post-thumbnail","hentry","category-regionales"],"_links":{"self":[{"href":"https:\/\/www.radiolimari.cl\/index.php?rest_route=\/wp\/v2\/posts\/10885","targetHints":{"allow":["GET"]}}],"collection":[{"href":"https:\/\/www.radiolimari.cl\/index.php?rest_route=\/wp\/v2\/posts"}],"about":[{"href":"https:\/\/www.radiolimari.cl\/index.php?rest_route=\/wp\/v2\/types\/post"}],"author":[{"embeddable":true,"href":"https:\/\/www.radiolimari.cl\/index.php?rest_route=\/wp\/v2\/users\/2"}],"replies":[{"embeddable":true,"href":"https:\/\/www.radiolimari.cl\/index.php?rest_route=%2Fwp%2Fv2%2Fcomments&post=10885"}],"version-history":[{"count":1,"href":"https:\/\/www.radiolimari.cl\/index.php?rest_route=\/wp\/v2\/posts\/10885\/revisions"}],"predecessor-version":[{"id":10889,"href":"https:\/\/www.radiolimari.cl\/index.php?rest_route=\/wp\/v2\/posts\/10885\/revisions\/10889"}],"wp:featuredmedia":[{"embeddable":true,"href":"https:\/\/www.radiolimari.cl\/index.php?rest_route=\/wp\/v2\/media\/10886"}],"wp:attachment":[{"href":"https:\/\/www.radiolimari.cl\/index.php?rest_route=%2Fwp%2Fv2%2Fmedia&parent=10885"}],"wp:term":[{"taxonomy":"category","embeddable":true,"href":"https:\/\/www.radiolimari.cl\/index.php?rest_route=%2Fwp%2Fv2%2Fcategories&post=10885"},{"taxonomy":"post_tag","embeddable":true,"href":"https:\/\/www.radiolimari.cl\/index.php?rest_route=%2Fwp%2Fv2%2Ftags&post=10885"}],"curies":[{"name":"wp","href":"https:\/\/api.w.org\/{rel}","templated":true}]}}