{"id":10882,"date":"2024-02-28T20:05:14","date_gmt":"2024-02-28T20:05:14","guid":{"rendered":"https:\/\/www.radiolimari.cl\/?p=10882"},"modified":"2024-02-28T20:05:15","modified_gmt":"2024-02-28T20:05:15","slug":"tasa-de-desocupacion-se-situa-en-90-y-gobierno-apunta-a-la-ejecucion-de-proyectos-para-la-generacion-de-empleos-en-la-zona","status":"publish","type":"post","link":"https:\/\/www.radiolimari.cl\/?p=10882","title":{"rendered":"Tasa de Desocupaci\u00f3n se sit\u00faa en 9,0% y Gobierno apunta a la ejecuci\u00f3n de proyectos para la generaci\u00f3n de empleos en la zona"},"content":{"rendered":"\n<figure class=\"wp-block-image size-full\"><a href=\"https:\/\/www.radiolimari.cl\/wp-content\/uploads\/2024\/02\/IMM-1.jpeg\"><img fetchpriority=\"high\" decoding=\"async\" width=\"718\" height=\"410\" src=\"https:\/\/www.radiolimari.cl\/wp-content\/uploads\/2024\/02\/IMM-1.jpeg\" alt=\"\" class=\"wp-image-10883\" srcset=\"https:\/\/www.radiolimari.cl\/wp-content\/uploads\/2024\/02\/IMM-1.jpeg 718w, https:\/\/www.radiolimari.cl\/wp-content\/uploads\/2024\/02\/IMM-1-300x171.jpeg 300w\" sizes=\"(max-width: 718px) 100vw, 718px\" \/><\/a><\/figure>\n\n\n\n<p><strong><em>Actividades asociadas al turismo, alojamiento y servicio de comidas, &nbsp;presentaron el mayor alza en el de personas ocupadas.<\/em><\/strong><strong><em><\/em><\/strong><\/p>\n\n\n\n<p>La estimaci\u00f3n de la Tasa de Desocupaci\u00f3n regional alcanz\u00f3 el 9,0% para el periodo noviembre 2023 y enero 2024, la cifra signific\u00f3 un aumento de 0,4 puntos porcentuales (pp.) en doce meses, producto de las reducciones de la fuerza de trabajo en 2,0% y de las personas ocupadas en 2,3%. Por su parte, las personas desocupadas aumentaron 1,6%. Mientras que en la comparaci\u00f3n con el trimestre inmediatamente anterior la cifra present\u00f3 un descenso de 0,7 pp.<\/p>\n\n\n\n<p>Respecto a las cifras entregadas por el Instituto Nacional de Estad\u00edsticas (INE) el Seremi del Trabajo, Francisco Brizuela, coment\u00f3 que \u201crepresenta un proceso y una tendencia que se ha venido desarrollando durante gran parte del 2023 que es la disminuci\u00f3n de la Tasa de Desempleo. El desaf\u00edo a partir de estas cifras es a continuar con esta tendencia para lo cual se est\u00e1n desplegando esfuerzos desde el mundo privado y p\u00fablico, con el prop\u00f3sito de apurar la inversi\u00f3n de recursos y con eso impactar positivamente en la empleabilidad en nuestra regi\u00f3n de Coquimbo\u201d.<\/p>\n\n\n\n<p>El n\u00famero total de personas ocupadas se situ\u00f3 en 361.270, donde el principal, donde el principal crecimiento se registr\u00f3 en <a>alojamiento y servicio de comidas, <\/a>actividad ligada al turismo y a los trabajos de temporada estival.<\/p>\n\n\n\n<p>En este sentido la Seremi de Econom\u00eda, P\u00eda Castillo, explic\u00f3 que \u201ccomo regi\u00f3n dependemos del turismo y trabajamos en posicionar y consolidar los destinos tur\u00edsticos de la regi\u00f3n, por lo mismo estuvimos realizando una estrategia comercial que nos permiti\u00f3 situarnos en el segundo y tercer destino tur\u00edstico a nivel nacional, con La Serena y Coquimbo sumado al Valle del Elqui, lo que nos permiti\u00f3 retomar las cifras del a\u00f1o pasado y volver a posicionar a la regi\u00f3n como uno de los mejores destinos nacionales y con repercusi\u00f3n positiva en la actividad econ\u00f3mica y el empleo\u201d.<\/p>\n\n\n\n<p>\u201cComo Gobierno hemos estado ocupados y enfocados para generar las condiciones dentro del Gabinete regional para realizar pesquisas de las inversiones p\u00fablicas y privadas. Respecto al sector privado, que monitoreamos desde el Ministerio de Econom\u00eda, tenemos la Oficina de Grandes Proyectos que nos ha permitido tener expectativas altas con un total de 20 proyectos de inversi\u00f3n que est\u00e1n por sobre los US$100 millones y la generaci\u00f3n de 7 mil puestos de trabajo, lo que nos pone un desaf\u00edo importante que es aportar en la agilizaci\u00f3n de las distintas etapas de los proyectos para su pronta ejecuci\u00f3n\u201d, enfatiz\u00f3 P\u00eda Castillo.<\/p>\n\n\n\n<p>Por su parte Francisco Brizuela, remarc\u00f3 las iniciativas p\u00fablicas que el Gobierno est\u00e1 impulsando y se\u00f1al\u00f3 que \u201cen el caso de la inversi\u00f3n p\u00fablica se relaciona con proyectos que fueron priorizados durante la \u00faltima visita del presidente Gabriel Boric, donde hay iniciativas que ya se est\u00e1n ejecutando como el proyecto minero El Espino que va impactar positivamente en la actividad econ\u00f3mica y en la empleabilidad en la provincia de Choapa. Mientras que desde el \u00e1mbito p\u00fablico podemos identificar proyectos como los trabajaos que se est\u00e1n desarrollando en la ruta 5 norte entre Los Vilos y La Serena, el inicio de la construcci\u00f3n del hospital de Coquimbo y los trabajos que se est\u00e1n desarrollando en el aer\u00f3dromo La Florida, que aportan con la generaci\u00f3n de cerca de 1.100 puestos de trabajo que se ejecutar\u00e1n durante el 2024\u201d.<\/p>\n\n\n\n<p>Finalmente, el Seremi del Trabajo enfatiz\u00f3 en la inversi\u00f3n del Gobierno en materia de capacitaci\u00f3n, principalmente en los sectores afectados por la sequ\u00eda y explic\u00f3 que \u201cpara este a\u00f1o 20204 tenemos el plan de emergencia h\u00eddrica elaborado por SENCE y que est\u00e1 focalizado fundamentalmente en la provincia de Limar\u00ed y que es unas de las zonas m\u00e1s afectadas por la sequ\u00eda y este plan consiste en desplegar un conjunto de esfuerzos destinados a la reconversi\u00f3n laboral por medio de la capacitaci\u00f3n. Hoy se est\u00e1 trabajando con las OMIL de las comunas de la regi\u00f3n con el prop\u00f3sito de ir implementando estas capacitaciones durante el primer semestre de este a\u00f1o\u201d.<\/p>\n\n\n\n<p>En el an\u00e1lisis por territorio la tasa de desocupaci\u00f3n de la provincia de Elqui fue de 10,1%, no registrando variaci\u00f3n en doce meses. Mientras que la conurbaci\u00f3n La Serena-Coquimbo se situ\u00f3 en un 10,2%, registrando disminuci\u00f3n anual de 0,1pp. Y Limar\u00ed fue de 6,3%,registrando incremento de 2,1 pp.<\/p>\n","protected":false},"excerpt":{"rendered":"<p>Actividades asociadas al turismo, alojamiento y servicio de comidas, &nbsp;presentaron el mayor alza en el de personas ocupadas. La estimaci\u00f3n de la Tasa de Desocupaci\u00f3n regional alcanz\u00f3 el 9,0% para el periodo noviembre 2023 y enero 2024, la cifra signific\u00f3 un aumento de 0,4 puntos porcentuales (pp.) en doce meses, producto de las reducciones de &#8230;<\/p>\n","protected":false},"author":2,"featured_media":10883,"comment_status":"open","ping_status":"open","sticky":false,"template":"","format":"standard","meta":{"footnotes":""},"categories":[6],"tags":[],"class_list":["post-10882","post","type-post","status-publish","format-standard","has-post-thumbnail","hentry","category-regionales"],"_links":{"self":[{"href":"https:\/\/www.radiolimari.cl\/index.php?rest_route=\/wp\/v2\/posts\/10882","targetHints":{"allow":["GET"]}}],"collection":[{"href":"https:\/\/www.radiolimari.cl\/index.php?rest_route=\/wp\/v2\/posts"}],"about":[{"href":"https:\/\/www.radiolimari.cl\/index.php?rest_route=\/wp\/v2\/types\/post"}],"author":[{"embeddable":true,"href":"https:\/\/www.radiolimari.cl\/index.php?rest_route=\/wp\/v2\/users\/2"}],"replies":[{"embeddable":true,"href":"https:\/\/www.radiolimari.cl\/index.php?rest_route=%2Fwp%2Fv2%2Fcomments&post=10882"}],"version-history":[{"count":1,"href":"https:\/\/www.radiolimari.cl\/index.php?rest_route=\/wp\/v2\/posts\/10882\/revisions"}],"predecessor-version":[{"id":10884,"href":"https:\/\/www.radiolimari.cl\/index.php?rest_route=\/wp\/v2\/posts\/10882\/revisions\/10884"}],"wp:featuredmedia":[{"embeddable":true,"href":"https:\/\/www.radiolimari.cl\/index.php?rest_route=\/wp\/v2\/media\/10883"}],"wp:attachment":[{"href":"https:\/\/www.radiolimari.cl\/index.php?rest_route=%2Fwp%2Fv2%2Fmedia&parent=10882"}],"wp:term":[{"taxonomy":"category","embeddable":true,"href":"https:\/\/www.radiolimari.cl\/index.php?rest_route=%2Fwp%2Fv2%2Fcategories&post=10882"},{"taxonomy":"post_tag","embeddable":true,"href":"https:\/\/www.radiolimari.cl\/index.php?rest_route=%2Fwp%2Fv2%2Ftags&post=10882"}],"curies":[{"name":"wp","href":"https:\/\/api.w.org\/{rel}","templated":true}]}}