{"id":10879,"date":"2024-02-28T19:43:36","date_gmt":"2024-02-28T19:43:36","guid":{"rendered":"https:\/\/www.radiolimari.cl\/?p=10879"},"modified":"2024-02-28T19:43:37","modified_gmt":"2024-02-28T19:43:37","slug":"realizan-llamado-a-adquirir-frutas-en-centros-establecidos-de-ovalle-para-evitar-propagacion-de-mosca-de-la-fruta","status":"publish","type":"post","link":"https:\/\/www.radiolimari.cl\/?p=10879","title":{"rendered":"Realizan llamado a adquirir frutas en centros establecidos de Ovalle para evitar propagaci\u00f3n de Mosca de la Fruta."},"content":{"rendered":"\n<figure class=\"wp-block-image size-large\"><a href=\"https:\/\/www.radiolimari.cl\/wp-content\/uploads\/2024\/02\/Fiscalizacion-SAG.jpg\"><img fetchpriority=\"high\" decoding=\"async\" width=\"1024\" height=\"578\" src=\"https:\/\/www.radiolimari.cl\/wp-content\/uploads\/2024\/02\/Fiscalizacion-SAG-1024x578.jpg\" alt=\"\" class=\"wp-image-10880\" srcset=\"https:\/\/www.radiolimari.cl\/wp-content\/uploads\/2024\/02\/Fiscalizacion-SAG-1024x578.jpg 1024w, https:\/\/www.radiolimari.cl\/wp-content\/uploads\/2024\/02\/Fiscalizacion-SAG-300x169.jpg 300w, https:\/\/www.radiolimari.cl\/wp-content\/uploads\/2024\/02\/Fiscalizacion-SAG-768x433.jpg 768w, https:\/\/www.radiolimari.cl\/wp-content\/uploads\/2024\/02\/Fiscalizacion-SAG-1536x866.jpg 1536w, https:\/\/www.radiolimari.cl\/wp-content\/uploads\/2024\/02\/Fiscalizacion-SAG.jpg 2048w\" sizes=\"(max-width: 1024px) 100vw, 1024px\" \/><\/a><\/figure>\n\n\n\n<p><em>Con una actividad de difusi\u00f3n y fiscalizaci\u00f3n en la feria Modelo de Ovalle, autoridades y el Servicio Agr\u00edcola y Ganadero informaron sobre la plaga Ceratitis capitata que afecta a una gran cantidad de frutas. El objetivo es erradicarla en el menor tiempo posible.<\/em><\/p>\n\n\n\n<p>A trav\u00e9s de una actividad de difusi\u00f3n y fiscalizaci\u00f3n en la Feria Modelo de Ovalle el Seremi de Agricultura, Christian \u00c1lvarez;\u00a0 junto a funcionarios del Servicio Agr\u00edcola y Ganadero, SAG; y representantes de la Delegaci\u00f3n Presidencial Provincial de Limar\u00ed; entregaron informaci\u00f3n a locatarios, feriantes y visitantes de la feria con el fin de hacer un llamado a adquirir frutas en lugares establecidos que siguen con los requisitos de movimiento que establece el SAG ante la presencia de la plaga Ceratitis capitata, m\u00e1s conocida como Mosca de la Fruta.<\/p>\n\n\n\n<p>El objetivo de esta actividad es reforzar las actividades del SAG con el objetivo de evitar la propagaci\u00f3n de esta plaga, que afecta a una gran variedad de frutas, y lograr la pronta erradicaci\u00f3n de este foco en la comuna.<\/p>\n\n\n\n<p>Al respecto, el Seremi de Agricultura, Christian \u00c1lvarez, durante la actividad se\u00f1al\u00f3 que \u201cla feria modelo de Ovalle es fundamental, ya que es el lugar en el cual se produce la mayor comercializaci\u00f3n de fruta en la provincia del Limar\u00ed que es en donde se encuentra actualmente el foco de mosca de la fruta en algunos sectores entre Punitaqui y Ovalle. Hemos pedido la colaboraci\u00f3n de los feriantes, tanto mayoristas como minoristas de tal forma que ellos compren con factura sobre todo en lugares de la zona norte que es por donde lleg\u00f3 este foco en particular\u201d.<\/p>\n\n\n\n<p>El Director Regional (s) del SAG, Jorge Fern\u00e1ndez, a su vez agreg\u00f3 que \u201cdebemos recordar que la presencia de esta plaga, que afecta fuertemente a la agricultura y exportaciones, implica la generaci\u00f3n de una campa\u00f1a de erradicaci\u00f3n que moviliza fuertemente a los funcionarios del SAG con el fin de lograr la pronta erradicaci\u00f3n de esta mosca dado que su presencia perjudica gravemente a una gran cantidad de frutas, ya que sus larvas se alimentan de ellas provocando fuertes p\u00e9rdidas a nivel productivo. Es por ello, que reiteramos el llamado y somos enf\u00e1ticos en se\u00f1alar a las personas que no movilicen fruta desde \u00e1rboles frutales ubicados en los sectores de Uni\u00f3n Campesina, Graneros, Batuco y Granjitas y que adquieran estos productos en lugares establecidos y fiscalizados por el SAG\u201d.<\/p>\n\n\n\n<p>La feriante del sector mayorista de la Feria Modelo, Clara Valdivia, sobre la presencia de mosca de la fruta explic\u00f3 que \u201ctodos estamos preocupados por esta situaci\u00f3n, ya que sabemos lo que est\u00e1 ocurriendo en el sector a Punitaqui, todos sabemos eso, y de alguna manera debemos cooperar y no comprar en lugares no regulados, comprar con factura y principalmente saber la procedencia de las frutas y las verduras\u201d.<\/p>\n\n\n\n<p>El SAG ha estado implementando una campa\u00f1a de erradicaci\u00f3n desde el mes de noviembre de 2023 y, a la fecha, se han detectado un total de 37 ejemplares de mosca de la fruta y se han descargado m\u00e1s de 36.549 kilos de fruta. Cabe recordar que la campa\u00f1a considera un \u00e1rea cuarentenada de 7,2 kil\u00f3metros y que comprende a las comunas de Ovalle y Punitaqui, medida que busca la pronta erradicaci\u00f3n de esta plaga que afecta a una gran variedad de \u00e1rboles frutales.<\/p>\n","protected":false},"excerpt":{"rendered":"<p>Con una actividad de difusi\u00f3n y fiscalizaci\u00f3n en la feria Modelo de Ovalle, autoridades y el Servicio Agr\u00edcola y Ganadero informaron sobre la plaga Ceratitis capitata que afecta a una gran cantidad de frutas. El objetivo es erradicarla en el menor tiempo posible. A trav\u00e9s de una actividad de difusi\u00f3n y fiscalizaci\u00f3n en la Feria &#8230;<\/p>\n","protected":false},"author":2,"featured_media":10880,"comment_status":"open","ping_status":"open","sticky":false,"template":"","format":"standard","meta":{"footnotes":""},"categories":[6],"tags":[],"class_list":["post-10879","post","type-post","status-publish","format-standard","has-post-thumbnail","hentry","category-regionales"],"_links":{"self":[{"href":"https:\/\/www.radiolimari.cl\/index.php?rest_route=\/wp\/v2\/posts\/10879","targetHints":{"allow":["GET"]}}],"collection":[{"href":"https:\/\/www.radiolimari.cl\/index.php?rest_route=\/wp\/v2\/posts"}],"about":[{"href":"https:\/\/www.radiolimari.cl\/index.php?rest_route=\/wp\/v2\/types\/post"}],"author":[{"embeddable":true,"href":"https:\/\/www.radiolimari.cl\/index.php?rest_route=\/wp\/v2\/users\/2"}],"replies":[{"embeddable":true,"href":"https:\/\/www.radiolimari.cl\/index.php?rest_route=%2Fwp%2Fv2%2Fcomments&post=10879"}],"version-history":[{"count":1,"href":"https:\/\/www.radiolimari.cl\/index.php?rest_route=\/wp\/v2\/posts\/10879\/revisions"}],"predecessor-version":[{"id":10881,"href":"https:\/\/www.radiolimari.cl\/index.php?rest_route=\/wp\/v2\/posts\/10879\/revisions\/10881"}],"wp:featuredmedia":[{"embeddable":true,"href":"https:\/\/www.radiolimari.cl\/index.php?rest_route=\/wp\/v2\/media\/10880"}],"wp:attachment":[{"href":"https:\/\/www.radiolimari.cl\/index.php?rest_route=%2Fwp%2Fv2%2Fmedia&parent=10879"}],"wp:term":[{"taxonomy":"category","embeddable":true,"href":"https:\/\/www.radiolimari.cl\/index.php?rest_route=%2Fwp%2Fv2%2Fcategories&post=10879"},{"taxonomy":"post_tag","embeddable":true,"href":"https:\/\/www.radiolimari.cl\/index.php?rest_route=%2Fwp%2Fv2%2Ftags&post=10879"}],"curies":[{"name":"wp","href":"https:\/\/api.w.org\/{rel}","templated":true}]}}