{"id":10873,"date":"2024-02-28T17:07:05","date_gmt":"2024-02-28T17:07:05","guid":{"rendered":"https:\/\/www.radiolimari.cl\/?p=10873"},"modified":"2024-02-28T17:07:06","modified_gmt":"2024-02-28T17:07:06","slug":"durante-todo-el-verano-la-plaza-de-monte-patria-se-transformo-en-una-vitrina-para-diversos-emprendedores-locales","status":"publish","type":"post","link":"https:\/\/www.radiolimari.cl\/?p=10873","title":{"rendered":"Durante todo el verano la plaza de Monte Patria se transform\u00f3 en una vitrina para diversos emprendedores locales."},"content":{"rendered":"\n<figure class=\"wp-block-image size-large\"><a href=\"https:\/\/www.radiolimari.cl\/wp-content\/uploads\/2024\/02\/WhatsApp-Image-2024-02-28-at-10.02.15-AM-1.jpeg\"><img fetchpriority=\"high\" decoding=\"async\" width=\"1024\" height=\"682\" src=\"https:\/\/www.radiolimari.cl\/wp-content\/uploads\/2024\/02\/WhatsApp-Image-2024-02-28-at-10.02.15-AM-1-1024x682.jpeg\" alt=\"\" class=\"wp-image-10874\" srcset=\"https:\/\/www.radiolimari.cl\/wp-content\/uploads\/2024\/02\/WhatsApp-Image-2024-02-28-at-10.02.15-AM-1-1024x682.jpeg 1024w, https:\/\/www.radiolimari.cl\/wp-content\/uploads\/2024\/02\/WhatsApp-Image-2024-02-28-at-10.02.15-AM-1-300x200.jpeg 300w, https:\/\/www.radiolimari.cl\/wp-content\/uploads\/2024\/02\/WhatsApp-Image-2024-02-28-at-10.02.15-AM-1-768x512.jpeg 768w, https:\/\/www.radiolimari.cl\/wp-content\/uploads\/2024\/02\/WhatsApp-Image-2024-02-28-at-10.02.15-AM-1-1536x1023.jpeg 1536w, https:\/\/www.radiolimari.cl\/wp-content\/uploads\/2024\/02\/WhatsApp-Image-2024-02-28-at-10.02.15-AM-1.jpeg 1600w\" sizes=\"(max-width: 1024px) 100vw, 1024px\" \/><\/a><\/figure>\n\n\n\n<p><strong><em>Emprendedores de diferentes localidades de la comuna de Monte Patria se mostraron felices tras el espacio brindado por el municipio local en las ferias denominadas \u201cLo mejor de lo nuestro\u201d.<\/em><\/strong><\/p>\n\n\n\n<p>Desde Cha\u00f1aral Alto, Huatulame, Rapel, Car\u00e9n, Pedregal y Tulahuen llegaron los emprendedores a la cabecera comunal de los valles generosos para deleitar a los visitantes con sus productos de artesan\u00eda, tejidos, bordados, papeler\u00eda, agroelaborados, queso de cabra, charqui, adem\u00e1s de piscos y cervezas locales, todo esto con la finalidad de dar a conocer al p\u00fablico lo mejor de cada uno de los 5 r\u00edos que conforman la comuna de Monte Patria, las jornadas tambi\u00e9n contaron con la participaci\u00f3n de artistas y animadores locales de estos territorios.<\/p>\n\n\n\n<p>Durante todo el verano el municipio local organiz\u00f3 y realiz\u00f3 diversos eventos para el disfrute de los habitantes y visitantes que llegaron hasta Monte patria, dentro de todos ellos siempre hubo un espacio pensado para que los emprendedores y emprendedoras pudieran dar un impulso al comercio local, adem\u00e1s de brindarles visibilidad a los productos y bondades de cada una de las localidades ya antes mencionadas.<\/p>\n\n\n\n<p>En este contexto el alcalde de la comuna de los valles generosos destac\u00f3 que estos espacios fueron para demostrar en la cabecera comunal las bondades de cada uno de los territorios de la comuna, <strong>\u201clo mejor de lo nuestro fue una instancia creada este a\u00f1o en b\u00fasqueda de varios objetivos, el primero era crear una actividad entretenida durante el verano que pudiera realizarse en el principal espacio p\u00fablico de nuestra comuna, como lo es la plaza de Monte Patria y que adem\u00e1s permitiera que los&nbsp; emprendedores de los distintos territorios de los distintos r\u00edos, pudieran comercializar sus creaciones en la cabecera comunal, dando a conocer lo mejor que ten\u00edan en los r\u00edos. Se ven\u00eda el rio completo para comercializar sus productos y mostrar los talentos de su zona, lo que gener\u00f3 que los viernes y s\u00e1bados llegara mucha gente a la plaza para poder ver las novedades que ven\u00edan de cada territorio, una actividad que result\u00f3 muy exitosa y que vamos a repetir el pr\u00f3ximo a\u00f1o con m\u00e1s fuerza y con el foco puesto en ir resaltando lo mejor de cada una de estas localidades\u201d<\/strong>, cerr\u00f3.<\/p>\n\n\n\n<p>Una de las emprendedoras que fue participe de estas actividades, fue la se\u00f1ora Celia Gonzales del emprendimiento PalquiSol de El Palqui, ella agradeci\u00f3 el espacio brindado por el municipio e hizo un llamado a los turistas y visitantes a conocer los productos con identidad local, <strong>\u201cMe parece s\u00faper bien que se hagan estas actividades porque as\u00ed los emprendedores de cada valle pudimos mostrar y dar a conocer nuestros productos. Yo pude invitar a las personas a probar mis frutos deshidratados, para que ellos vieran que son productos naturales con identidad local, de ac\u00e1 de la zona, de Monte Patria. Les hago la invitaci\u00f3n a que vengan a visitar la comuna porque hay productos de muy buena calidad\u201d,<\/strong> coment\u00f3.<\/p>\n\n\n\n<p>Durante este pasado s\u00e1bado se realiz\u00f3 la \u00faltima de estas jornadas donde estuvieron presentes 18 stand de emprendimientos de la localidad de Tulahuen, en donde los representantes de cada uno de estos negocios agradecieron al municipio local por este espacio de aport\u00f3 a visibilizar el trabajo y productos que comercializan los hombres y mujeres de la comuna de Monte Patria que est\u00e1n pasando por problemas econ\u00f3micos debido a la sequ\u00eda que persiste en la zona.<\/p>\n","protected":false},"excerpt":{"rendered":"<p>Emprendedores de diferentes localidades de la comuna de Monte Patria se mostraron felices tras el espacio brindado por el municipio local en las ferias denominadas \u201cLo mejor de lo nuestro\u201d. Desde Cha\u00f1aral Alto, Huatulame, Rapel, Car\u00e9n, Pedregal y Tulahuen llegaron los emprendedores a la cabecera comunal de los valles generosos para deleitar a los visitantes &#8230;<\/p>\n","protected":false},"author":2,"featured_media":10874,"comment_status":"open","ping_status":"open","sticky":false,"template":"","format":"standard","meta":{"footnotes":""},"categories":[5],"tags":[],"class_list":["post-10873","post","type-post","status-publish","format-standard","has-post-thumbnail","hentry","category-actualidad-limarina"],"_links":{"self":[{"href":"https:\/\/www.radiolimari.cl\/index.php?rest_route=\/wp\/v2\/posts\/10873","targetHints":{"allow":["GET"]}}],"collection":[{"href":"https:\/\/www.radiolimari.cl\/index.php?rest_route=\/wp\/v2\/posts"}],"about":[{"href":"https:\/\/www.radiolimari.cl\/index.php?rest_route=\/wp\/v2\/types\/post"}],"author":[{"embeddable":true,"href":"https:\/\/www.radiolimari.cl\/index.php?rest_route=\/wp\/v2\/users\/2"}],"replies":[{"embeddable":true,"href":"https:\/\/www.radiolimari.cl\/index.php?rest_route=%2Fwp%2Fv2%2Fcomments&post=10873"}],"version-history":[{"count":1,"href":"https:\/\/www.radiolimari.cl\/index.php?rest_route=\/wp\/v2\/posts\/10873\/revisions"}],"predecessor-version":[{"id":10875,"href":"https:\/\/www.radiolimari.cl\/index.php?rest_route=\/wp\/v2\/posts\/10873\/revisions\/10875"}],"wp:featuredmedia":[{"embeddable":true,"href":"https:\/\/www.radiolimari.cl\/index.php?rest_route=\/wp\/v2\/media\/10874"}],"wp:attachment":[{"href":"https:\/\/www.radiolimari.cl\/index.php?rest_route=%2Fwp%2Fv2%2Fmedia&parent=10873"}],"wp:term":[{"taxonomy":"category","embeddable":true,"href":"https:\/\/www.radiolimari.cl\/index.php?rest_route=%2Fwp%2Fv2%2Fcategories&post=10873"},{"taxonomy":"post_tag","embeddable":true,"href":"https:\/\/www.radiolimari.cl\/index.php?rest_route=%2Fwp%2Fv2%2Ftags&post=10873"}],"curies":[{"name":"wp","href":"https:\/\/api.w.org\/{rel}","templated":true}]}}