{"id":10867,"date":"2024-02-27T19:43:56","date_gmt":"2024-02-27T19:43:56","guid":{"rendered":"https:\/\/www.radiolimari.cl\/?p=10867"},"modified":"2024-02-27T19:43:57","modified_gmt":"2024-02-27T19:43:57","slug":"la-fuerza-de-las-ideas-mueve-abren-las-postulaciones-al-fondo-de-fortalecimiento-de-organizaciones-de-interes-publico-2024","status":"publish","type":"post","link":"https:\/\/www.radiolimari.cl\/?p=10867","title":{"rendered":"La fuerza de las ideas mueve: Abren las postulaciones al Fondo de Fortalecimiento de Organizaciones de Inter\u00e9s P\u00fablico 2024."},"content":{"rendered":"\n<figure class=\"wp-block-image size-full\"><a href=\"https:\/\/www.radiolimari.cl\/wp-content\/uploads\/2024\/02\/ffoip-1.jpg\"><img fetchpriority=\"high\" decoding=\"async\" width=\"1000\" height=\"667\" src=\"https:\/\/www.radiolimari.cl\/wp-content\/uploads\/2024\/02\/ffoip-1.jpg\" alt=\"\" class=\"wp-image-10868\" srcset=\"https:\/\/www.radiolimari.cl\/wp-content\/uploads\/2024\/02\/ffoip-1.jpg 1000w, https:\/\/www.radiolimari.cl\/wp-content\/uploads\/2024\/02\/ffoip-1-300x200.jpg 300w, https:\/\/www.radiolimari.cl\/wp-content\/uploads\/2024\/02\/ffoip-1-768x512.jpg 768w\" sizes=\"(max-width: 1000px) 100vw, 1000px\" \/><\/a><\/figure>\n\n\n\n<p><strong><em>Este 2024, la Segegob incorpor\u00f3 una nueva l\u00ednea para financiar iniciativas de agrupaciones que trabajen con ni\u00f1os, ni\u00f1as y adolescentes.<\/em><\/strong><strong><em><\/em><\/strong><\/p>\n\n\n\n<p>Un total de $1.586 millones de pesos, un 18% m\u00e1s que el a\u00f1o pasado, ofrece el Fondo de Fortalecimiento de Organizaciones de Inter\u00e9s P\u00fablico (FFOIP) del Ministerio Secretar\u00eda General de Gobierno. Bajo el eslogan \u201cLa fuerza de las ideas mueve\u201d, esta iniciativa tiene por objetivo apoyar el trabajo de organizaciones sociales que trabajen en la promoci\u00f3n de derechos ciudadanos, equidad de g\u00e9nero, asistencia social, educaci\u00f38n, salud, medio ambiente y otras tem\u00e1ticas.<\/p>\n\n\n\n<p>Las organizaciones podr\u00e1n acceder a un m\u00e1ximo de $2 millones cuando se trate de proyectos locales (una comuna), $4 millones para aquellos de car\u00e1cter regional (dos o m\u00e1s comunas de una misma regi\u00f3n) y un l\u00edmite de $10 millones para iniciativas de alcance nacional (m\u00e1s de una regi\u00f3n).<\/p>\n\n\n\n<p>La ministra vocera, Camila Vallejo, destac\u00f3 que <strong>\u201ccomo lo hemos visto en las \u00faltimas semanas, las organizaciones sociales cumplen un rol insustituible en nuestra sociedad. Son puntos de encuentro, de creaci\u00f3n de lazos y tambi\u00e9n de apoyo y solidaridad entre las personas y las comunidades, especialmente en momentos adversos como los que vivimos. Su trabajo es fundamental para el desarrollo de nuestra sociedad y nuestra democracia. Por eso, con este fondo queremos seguir apoyando el fortalecimiento y desarrollo de estas organizaciones\u201d.<\/strong><\/p>\n\n\n\n<p>Los proyectos deber\u00e1n enfocarse en promover los derechos humanos, el enfoque de g\u00e9nero o tener un impacto concreto en el territorio. Adem\u00e1s, este a\u00f1o, por primera vez y gracias a una alianza con la Subsecretar\u00eda de la Ni\u00f1ez, el FFOIP contempla una l\u00ednea tem\u00e1tica para el fortalecimiento de la participaci\u00f3n ciudadana de ni\u00f1os, ni\u00f1as y adolescentes. Este \u00e9nfasis cuenta con un presupuesto de $180 millones de pesos dirigido a organizaciones que desarrollen proyectos a nivel local para promover la participaci\u00f3n social y comunitaria de personas menores de 18 a\u00f1os.<\/p>\n\n\n\n<p>La subsecretaria general de Gobierno, Nicole Cardoch, destac\u00f3 que <strong>\u201clos ni\u00f1os, ni\u00f1as y adolescentes no son el futuro de Chile, sino su presente. Por eso, queremos apoyar los proyectos de organizaciones sociales que hoy est\u00e1n trabajando para que ellos y ellas tengan un papel activo en la construcci\u00f3n de nuestra sociedad, de las pol\u00edticas p\u00fablicas y de nuestras comunidades. Sus voces y acciones son fundamentales para fortalecer nuestra democracia\u201d.<\/strong><\/p>\n\n\n\n<p>Por su parte, la subsecretaria de la Ni\u00f1ez, Ver\u00f3nica Silva, resalt\u00f3 que <strong>\u201cdesde la Subsecretar\u00eda de la Ni\u00f1ez tenemos el desaf\u00edo de incentivar espacios y mecanismos que favorezcan la participaci\u00f3n de ni\u00f1os, ni\u00f1as y adolescentes. Que sus preocupaciones, ideas y propuestas sean parte de la toma de decisiones en el ciclo de las pol\u00edticas p\u00fablicas. Es por ello que este a\u00f1o junto a la Secretar\u00eda General de Gobierno buscamos convocar a Organizaciones de Inter\u00e9s P\u00fablico que, entre sus objetivos y l\u00edneas de acci\u00f3n, se enfoquen en proteger y promover la participaci\u00f3n social y comunitaria efectiva de ni\u00f1os, ni\u00f1as y adolescentes\u201d.<\/strong><\/p>\n\n\n\n<p>En su versi\u00f3n 2023, a nivel nacional, el Fondo de Fortalecimiento benefici\u00f3 a 641 organizaciones luego de una rigurosa evaluaci\u00f3n por parte de los equipos t\u00e9cnicos del Ministerio Secretar\u00eda General de Gobierno. La adjudicaci\u00f3n de recursos fue realizada por los consejos nacional y regional del FFOIP, conformados por representantes de la sociedad civil, los gobiernos regionales y los ministerios de Desarrollo Social y Hacienda.<\/p>\n\n\n\n<p><strong>REGI\u00d3N DE COQUIMBO. <\/strong>Por su parte, la Seremi de Gobierno, Paulina Mora Lara detall\u00f3 que gracias al concurso anterior, en la zona, se lograron desarrollar 32 iniciativas, las que fueron en apoyo de la comunidad y las agrupaciones, con una inversi\u00f3n que alcanz\u00f3 los m\u00e1s de 60 millones de pesos. Por ello, la autoridad llam\u00f3 a conocer las bases y generar nuevas propuestas.<\/p>\n\n\n\n<p>\u201cEl Fondo de Fortalecimiento es una de las herramientas que tenemos como ministerio, para aportar al desarrollo de una democracia m\u00e1s robusta, de un territorio m\u00e1s cohesionado y as\u00ed, d\u00eda a d\u00eda, ir construyendo un tejido social que nos permita hacer que las comunidades se sientan acompa\u00f1adas en el desaf\u00edo de mejorar la calidad de vida de sus habitantes. Por eso, los invito a participar de esta iniciativa\u201d, precis\u00f3 la vocera regional, Paulina Mora.<\/p>\n\n\n\n<p>Las bases y postulaciones al FFOIP est\u00e1n disponibles en <a href=\"http:\/\/www.fondodefortalecimiento.gob.cl\">www.fondodefortalecimiento.gob.cl<\/a>. La convocatoria estar\u00e1 abierta hasta el 12 de abril para postulaciones en papel y hasta el 22 del mismo mes para realizarla a trav\u00e9s de la web <a href=\"http:\/\/www.fondos.gob.cl\">www.fondos.gob.cl<\/a>.<\/p>\n","protected":false},"excerpt":{"rendered":"<p>Este 2024, la Segegob incorpor\u00f3 una nueva l\u00ednea para financiar iniciativas de agrupaciones que trabajen con ni\u00f1os, ni\u00f1as y adolescentes. Un total de $1.586 millones de pesos, un 18% m\u00e1s que el a\u00f1o pasado, ofrece el Fondo de Fortalecimiento de Organizaciones de Inter\u00e9s P\u00fablico (FFOIP) del Ministerio Secretar\u00eda General de Gobierno. Bajo el eslogan \u201cLa &#8230;<\/p>\n","protected":false},"author":2,"featured_media":10868,"comment_status":"open","ping_status":"open","sticky":false,"template":"","format":"standard","meta":{"footnotes":""},"categories":[3],"tags":[],"class_list":["post-10867","post","type-post","status-publish","format-standard","has-post-thumbnail","hentry","category-actualidad"],"_links":{"self":[{"href":"https:\/\/www.radiolimari.cl\/index.php?rest_route=\/wp\/v2\/posts\/10867","targetHints":{"allow":["GET"]}}],"collection":[{"href":"https:\/\/www.radiolimari.cl\/index.php?rest_route=\/wp\/v2\/posts"}],"about":[{"href":"https:\/\/www.radiolimari.cl\/index.php?rest_route=\/wp\/v2\/types\/post"}],"author":[{"embeddable":true,"href":"https:\/\/www.radiolimari.cl\/index.php?rest_route=\/wp\/v2\/users\/2"}],"replies":[{"embeddable":true,"href":"https:\/\/www.radiolimari.cl\/index.php?rest_route=%2Fwp%2Fv2%2Fcomments&post=10867"}],"version-history":[{"count":1,"href":"https:\/\/www.radiolimari.cl\/index.php?rest_route=\/wp\/v2\/posts\/10867\/revisions"}],"predecessor-version":[{"id":10869,"href":"https:\/\/www.radiolimari.cl\/index.php?rest_route=\/wp\/v2\/posts\/10867\/revisions\/10869"}],"wp:featuredmedia":[{"embeddable":true,"href":"https:\/\/www.radiolimari.cl\/index.php?rest_route=\/wp\/v2\/media\/10868"}],"wp:attachment":[{"href":"https:\/\/www.radiolimari.cl\/index.php?rest_route=%2Fwp%2Fv2%2Fmedia&parent=10867"}],"wp:term":[{"taxonomy":"category","embeddable":true,"href":"https:\/\/www.radiolimari.cl\/index.php?rest_route=%2Fwp%2Fv2%2Fcategories&post=10867"},{"taxonomy":"post_tag","embeddable":true,"href":"https:\/\/www.radiolimari.cl\/index.php?rest_route=%2Fwp%2Fv2%2Ftags&post=10867"}],"curies":[{"name":"wp","href":"https:\/\/api.w.org\/{rel}","templated":true}]}}