{"id":10851,"date":"2024-02-27T14:52:44","date_gmt":"2024-02-27T14:52:44","guid":{"rendered":"https:\/\/www.radiolimari.cl\/?p=10851"},"modified":"2024-02-27T14:52:44","modified_gmt":"2024-02-27T14:52:44","slug":"programa-territorial-integradopti-horticola-e-inia-trabajan-por-la-sostenibilidad-en-la-horticultura-local","status":"publish","type":"post","link":"https:\/\/www.radiolimari.cl\/?p=10851","title":{"rendered":"Programa Territorial Integrado(PTI) Hort\u00edcola e INIA trabajan por la sostenibilidad en la horticultura local"},"content":{"rendered":"\n<figure class=\"wp-block-image size-large\"><a href=\"https:\/\/www.radiolimari.cl\/wp-content\/uploads\/2024\/02\/Talleres-INIA-PTI-Horticola-4.jpg\"><img fetchpriority=\"high\" decoding=\"async\" width=\"1024\" height=\"768\" src=\"https:\/\/www.radiolimari.cl\/wp-content\/uploads\/2024\/02\/Talleres-INIA-PTI-Horticola-4-1024x768.jpg\" alt=\"\" class=\"wp-image-10852\" srcset=\"https:\/\/www.radiolimari.cl\/wp-content\/uploads\/2024\/02\/Talleres-INIA-PTI-Horticola-4-1024x768.jpg 1024w, https:\/\/www.radiolimari.cl\/wp-content\/uploads\/2024\/02\/Talleres-INIA-PTI-Horticola-4-300x225.jpg 300w, https:\/\/www.radiolimari.cl\/wp-content\/uploads\/2024\/02\/Talleres-INIA-PTI-Horticola-4-768x576.jpg 768w, https:\/\/www.radiolimari.cl\/wp-content\/uploads\/2024\/02\/Talleres-INIA-PTI-Horticola-4-1536x1152.jpg 1536w, https:\/\/www.radiolimari.cl\/wp-content\/uploads\/2024\/02\/Talleres-INIA-PTI-Horticola-4.jpg 2048w\" sizes=\"(max-width: 1024px) 100vw, 1024px\" \/><\/a><\/figure>\n\n\n\n<p><strong>Son tres las tem\u00e1ticas de la serie de talleres que INIA Intihuasi est\u00e1 realizando al alero del programa, el cual busca que las y los agricultores incorporen pr\u00e1cticas sostenibles como la implementaci\u00f3n de sistemas hidrop\u00f3nicos, el uso de bioinsumos, y el monitoreo de plagas y uso consciente de plaguicidas.<\/strong><\/p>\n\n\n\n<p>Con el objetivo de fortalecer la competitividad de la horticultura regional, mediante la incorporaci\u00f3n de pr\u00e1cticas sostenibles que permitan la producci\u00f3n de hortalizas de calidad, inocuas y con valor agregado, el Instituto de Investigaciones Agropecuarias INIA Intihuasi, a trav\u00e9s del Programa Territorial Integrado PTI Hort\u00edcola, financiado por Corfo y ejecutado por Gedes, est\u00e1 realizando una serie de talleres relacionados a pr\u00e1cticas sostenibles.<\/p>\n\n\n\n<p>Es as\u00ed como INIA comenz\u00f3 a ejecutar algunas iniciativas, como asesor\u00eda especializada en producci\u00f3n hidrop\u00f3nica de hortalizas, validaci\u00f3n de bioinsumos en producci\u00f3n hort\u00edcola y la capacitaci\u00f3n en monitoreo, selecci\u00f3n de plaguicidas y calibraci\u00f3n de equipos para estos fines.<\/p>\n\n\n\n<p>Cornelio Contreras, investigador de INIA Intihuasi, sostuvo que con estos talleres se busca que 45 agricultores pertenecientes al programa, quienes provienen de Pan de az\u00facar, Las Cardas y Alfalfares, aprendan estas t\u00e9cnicas sostenibles.&nbsp; \u201cLa idea fue formar grupos de extensi\u00f3n para hacer talleres de capacitaci\u00f3n en hidropon\u00eda. En estos talleres tenemos una parte te\u00f3rica y una pr\u00e1ctica con participaci\u00f3n activa de los usuarios, ya que dentro de los productos est\u00e1 considerado el establecimiento de seis m\u00f3dulos de producci\u00f3n hidrop\u00f3nica en sistema de ra\u00edz flotante para seis usuarios de esta iniciativa, por ende, todos los usuarios que participaron de las capacitaciones aprendieron a armar, habilitar y operar los sistemas\u201d.<\/p>\n\n\n\n<p>Contreras destac\u00f3 adem\u00e1s el inter\u00e9s de las y los beneficiarios, \u201clos agricultores est\u00e1n interesados, \u00e1vidos de aprender, lo ven como una alternativa productiva con alta eficiencia en el uso de la cada vez m\u00e1s escasa agua y que es una tecnolog\u00eda f\u00e1cil y c\u00f3moda para trabajar\u201d.<\/p>\n\n\n\n<p>Pedro Hern\u00e1ndez, gestor del PTI hort\u00edcola de la Regi\u00f3n de Coquimbo, indic\u00f3 que con el programa busca desarrollar una horticultura sustentable y sostenible, destacando que en el \u00faltimo de los talleres las y los usuarios se interiorizaron con el uso de bioinsumos, \u201cel desaf\u00edo que tenemos es acercar a los productores a distintos tipos de bioinsumos para que ellos los vayan conociendo, viendo en terreno la factibilidad de su aplicaci\u00f3n. Los resultados muestran que los bioinsumos tienen un potencial bastante grande en relaci\u00f3n a las aplicaciones tradicionales que se hacen en las hortalizas\u201d.<\/p>\n\n\n\n<p>El director (S) Regional de Corfo, Gustavo Dub\u00f3, acentu\u00f3 que para alcanzar un modelo de desarrollo productivo sustentable es necesario promover una transformaci\u00f3n \u201cbasada en el conocimiento y el talento de las personas, que incorporen mejoras en la gesti\u00f3n, resuelvan problem\u00e1ticas que afecten su capacidad productiva, desarrollen capital social o una estrategia de negocio que mejore su oferta de valor o acceder a nuevos mercados\u201d.<\/p>\n\n\n\n<p>Para Fernanda Cabezas, agricultora de Pan de Az\u00facar, aprender sobre estos temas, \u201ces superbueno, porque uno ve las diferencias que, entre lo natural, por as\u00ed decirlo, y lo qu\u00edmico y uno puede ver en vivo la diferencia que se notan bastante para poder aplicarlo uno en su trabajo\u201d.<\/p>\n\n\n\n<p>Sobre los sistemas hidrop\u00f3nicos, Helia Gonz\u00e1lez, productora de hortalizas y flores indic\u00f3 que, \u201cconsiderando la situaci\u00f3n h\u00eddrica que tiene nuestra regi\u00f3n es importante conocer como poder manejar cultivos que nos benefician en todo aspecto, porque podemos utilizar nuestra producci\u00f3n para el autoconsumo y para lograr poner en el mercado un producto de muy buen nivel productivo\u201d.<\/p>\n\n\n\n<p>Es importante mencionar que el PTI busca incorporar pr\u00e1cticas sostenibles e innovadoras, que permitan el uso m\u00e1s eficiente de los recursos productivos y una mayor diversificaci\u00f3n y valor en la horticultura regional apoyando la inserci\u00f3n de los productores en nuevos circuitos comerciales de mayor valor, fomentando la asociatividad.&nbsp;<\/p>\n","protected":false},"excerpt":{"rendered":"<p>Son tres las tem\u00e1ticas de la serie de talleres que INIA Intihuasi est\u00e1 realizando al alero del programa, el cual busca que las y los agricultores incorporen pr\u00e1cticas sostenibles como la implementaci\u00f3n de sistemas hidrop\u00f3nicos, el uso de bioinsumos, y el monitoreo de plagas y uso consciente de plaguicidas. Con el objetivo de fortalecer la &#8230;<\/p>\n","protected":false},"author":2,"featured_media":10852,"comment_status":"open","ping_status":"open","sticky":false,"template":"","format":"standard","meta":{"footnotes":""},"categories":[6],"tags":[],"class_list":["post-10851","post","type-post","status-publish","format-standard","has-post-thumbnail","hentry","category-regionales"],"_links":{"self":[{"href":"https:\/\/www.radiolimari.cl\/index.php?rest_route=\/wp\/v2\/posts\/10851","targetHints":{"allow":["GET"]}}],"collection":[{"href":"https:\/\/www.radiolimari.cl\/index.php?rest_route=\/wp\/v2\/posts"}],"about":[{"href":"https:\/\/www.radiolimari.cl\/index.php?rest_route=\/wp\/v2\/types\/post"}],"author":[{"embeddable":true,"href":"https:\/\/www.radiolimari.cl\/index.php?rest_route=\/wp\/v2\/users\/2"}],"replies":[{"embeddable":true,"href":"https:\/\/www.radiolimari.cl\/index.php?rest_route=%2Fwp%2Fv2%2Fcomments&post=10851"}],"version-history":[{"count":1,"href":"https:\/\/www.radiolimari.cl\/index.php?rest_route=\/wp\/v2\/posts\/10851\/revisions"}],"predecessor-version":[{"id":10853,"href":"https:\/\/www.radiolimari.cl\/index.php?rest_route=\/wp\/v2\/posts\/10851\/revisions\/10853"}],"wp:featuredmedia":[{"embeddable":true,"href":"https:\/\/www.radiolimari.cl\/index.php?rest_route=\/wp\/v2\/media\/10852"}],"wp:attachment":[{"href":"https:\/\/www.radiolimari.cl\/index.php?rest_route=%2Fwp%2Fv2%2Fmedia&parent=10851"}],"wp:term":[{"taxonomy":"category","embeddable":true,"href":"https:\/\/www.radiolimari.cl\/index.php?rest_route=%2Fwp%2Fv2%2Fcategories&post=10851"},{"taxonomy":"post_tag","embeddable":true,"href":"https:\/\/www.radiolimari.cl\/index.php?rest_route=%2Fwp%2Fv2%2Ftags&post=10851"}],"curies":[{"name":"wp","href":"https:\/\/api.w.org\/{rel}","templated":true}]}}