{"id":10842,"date":"2024-02-26T22:50:28","date_gmt":"2024-02-26T22:50:28","guid":{"rendered":"https:\/\/www.radiolimari.cl\/?p=10842"},"modified":"2024-02-26T22:50:29","modified_gmt":"2024-02-26T22:50:29","slug":"energia-y-agricultura-comprometen-trabajo-mancomunado-en-apoyo-de-hortaliceros-de-tamaya","status":"publish","type":"post","link":"https:\/\/www.radiolimari.cl\/?p=10842","title":{"rendered":"Energ\u00eda y Agricultura comprometen trabajo mancomunado en apoyo de hortaliceros de Tamaya"},"content":{"rendered":"\n<figure class=\"wp-block-image size-large\"><a href=\"https:\/\/www.radiolimari.cl\/wp-content\/uploads\/2024\/02\/El-Progreso.jpeg\"><img fetchpriority=\"high\" decoding=\"async\" width=\"1024\" height=\"682\" src=\"https:\/\/www.radiolimari.cl\/wp-content\/uploads\/2024\/02\/El-Progreso-1024x682.jpeg\" alt=\"\" class=\"wp-image-10843\" srcset=\"https:\/\/www.radiolimari.cl\/wp-content\/uploads\/2024\/02\/El-Progreso-1024x682.jpeg 1024w, https:\/\/www.radiolimari.cl\/wp-content\/uploads\/2024\/02\/El-Progreso-300x200.jpeg 300w, https:\/\/www.radiolimari.cl\/wp-content\/uploads\/2024\/02\/El-Progreso-768x512.jpeg 768w, https:\/\/www.radiolimari.cl\/wp-content\/uploads\/2024\/02\/El-Progreso-1536x1023.jpeg 1536w, https:\/\/www.radiolimari.cl\/wp-content\/uploads\/2024\/02\/El-Progreso.jpeg 1600w\" sizes=\"(max-width: 1024px) 100vw, 1024px\" \/><\/a><\/figure>\n\n\n\n<p>Representantes de la Cooperativa Agr\u00edcola Productores del Tamaya se reunieron con la Seremi de Energ\u00eda, Mar\u00eda Castillo y su par de Agricultura, Christian \u00c1lvarez. <\/p>\n\n\n\n<p>El objetivo del encuentro fue canalizar apoyos para que la empresa CGE realice una ampliaci\u00f3n de la potencia de electricidad en el sector de Santa Cristina, comuna de Ovalle, para que los agricultores puedan iniciar las operaciones de un packing de 212 m2, que se encuentra ubicado en el lugar.<\/p>\n\n\n\n<p>Durante el encuentro los productores se\u00f1alaron que existe una inestabilidad en los voltajes del sector y que producto de las nuevas instalaciones, que se traducen en una mejora en t\u00e9rminos de producci\u00f3n y competitividad, es necesario una ampliaci\u00f3n del sistema, m\u00e1s constante y que otorgue las garant\u00edas de funcionamiento necesarias para la operaci\u00f3n de una sala de procesos.<\/p>\n\n\n\n<p>\u201cEntre los acuerdos que se abordaron en la reuni\u00f3n, es que CGE iba a ver una posible factibilidad de extensi\u00f3n de l\u00ednea o aumento de potencia hacia la cooperativa, ya que desde el punto del medidor hasta el galp\u00f3n son casi 200 metros, y eso puede generar la falta de corriente. Como cooperativa estamos agradecidos de las autoridades por estas gestiones\u201d, indic\u00f3 el presidente de la Cooperativa de Hortaliceros de Tamaya, Horacio Rojas.<\/p>\n\n\n\n<p>La Seremi de Energ\u00eda, Mar\u00eda Castillo Rojas, tambi\u00e9n se refiri\u00f3 a estos acuerdos, indicando que \u201cla cooperativa Tamaya son hortaliceros de Ovalle que tienen dificultades con variabilidad de voltaje. Por lo tanto, la reuni\u00f3n consisti\u00f3 principalmente en una solicitud de ampliaci\u00f3n de la potencia para instalar nuevos equipos que ellos comprar\u00e1n para trabajar. El compromiso con la empresa CGE fue trabajar con los agricultores\u201d.<\/p>\n\n\n\n<p>La autoridad de la cartera a\u00f1adi\u00f3 que \u201cla cooperativa inaugur\u00f3 un galp\u00f3n financiado con recursos de Indap, por lo tanto, van a adquirir nuevos equipos que requerir\u00e1n m\u00e1s energ\u00eda, de mayor calidad, de tipo trif\u00e1sica, que sea constante y segura. Al no haber todav\u00eda en el sector este tipo de suministro nos han realizado la solicitud de ampliaci\u00f3n de potencia para vender sus productos y cumplir los compromisos con sus consumidores\u201d.<\/p>\n\n\n\n<p>La estructura financiada mediante un concurso del Programa de Desarrollo de Inversiones (PDI) de INDAP fue inaugurada por el Ministro de Agricultura, Esteban Valenzuela, en su \u00faltima visita a la regi\u00f3n. Esta incluye una sala de procesos para las hortalizas que producen los cooperados y que posteriormente son comercializadas en distintos puntos de la regi\u00f3n y el pa\u00eds.<\/p>\n\n\n\n<p>Desde la Seremi de Agricultura, el titular Christian \u00c1lvarez, sostuvo que, \u201ceste es un compromiso que asumi\u00f3 nuestro Ministro de Agricultura, Esteban Valenzuela, cuando se inaugur\u00f3 este galp\u00f3n financiado por INDAP y que a trav\u00e9s de esta reuni\u00f3n se est\u00e1 dando cumplimiento, ya que hemos realizado una vinculaci\u00f3n entre la cooperativa y la Seremi de Energ\u00eda, para que puedan mejorar las condiciones en materias de suministro el\u00e9ctrico que existen actualmente\u201d.<\/p>\n\n\n\n<p>Finalmente cabe destacar que, durante este encuentro los representantes de la cooperativa solicitaron a la compa\u00f1\u00eda CGE la posibilidad de revisar las instalaciones el\u00e9ctricas del sector El Progreso, donde se encuentran ubicados la mayor\u00eda de sus campos de producci\u00f3n. Seg\u00fan esto Horacio Rojas, manifest\u00f3 que, \u201ccomo sector El Progreso agradecemos esta instancia, ya que tambi\u00e9n tenemos una problem\u00e1tica. Nos dijeron que hici\u00e9ramos un levantamiento de informaci\u00f3n de las instalaciones y del consumo de cada campo para poder clarificar cuanta energ\u00eda estamos usando, en este sentido nos orientaron s\u00faper bien\u201d.<\/p>\n","protected":false},"excerpt":{"rendered":"<p>Representantes de la Cooperativa Agr\u00edcola Productores del Tamaya se reunieron con la Seremi de Energ\u00eda, Mar\u00eda Castillo y su par de Agricultura, Christian \u00c1lvarez. El objetivo del encuentro fue canalizar apoyos para que la empresa CGE realice una ampliaci\u00f3n de la potencia de electricidad en el sector de Santa Cristina, comuna de Ovalle, para que &#8230;<\/p>\n","protected":false},"author":2,"featured_media":10843,"comment_status":"open","ping_status":"open","sticky":false,"template":"","format":"standard","meta":{"footnotes":""},"categories":[6],"tags":[],"class_list":["post-10842","post","type-post","status-publish","format-standard","has-post-thumbnail","hentry","category-regionales"],"_links":{"self":[{"href":"https:\/\/www.radiolimari.cl\/index.php?rest_route=\/wp\/v2\/posts\/10842","targetHints":{"allow":["GET"]}}],"collection":[{"href":"https:\/\/www.radiolimari.cl\/index.php?rest_route=\/wp\/v2\/posts"}],"about":[{"href":"https:\/\/www.radiolimari.cl\/index.php?rest_route=\/wp\/v2\/types\/post"}],"author":[{"embeddable":true,"href":"https:\/\/www.radiolimari.cl\/index.php?rest_route=\/wp\/v2\/users\/2"}],"replies":[{"embeddable":true,"href":"https:\/\/www.radiolimari.cl\/index.php?rest_route=%2Fwp%2Fv2%2Fcomments&post=10842"}],"version-history":[{"count":1,"href":"https:\/\/www.radiolimari.cl\/index.php?rest_route=\/wp\/v2\/posts\/10842\/revisions"}],"predecessor-version":[{"id":10844,"href":"https:\/\/www.radiolimari.cl\/index.php?rest_route=\/wp\/v2\/posts\/10842\/revisions\/10844"}],"wp:featuredmedia":[{"embeddable":true,"href":"https:\/\/www.radiolimari.cl\/index.php?rest_route=\/wp\/v2\/media\/10843"}],"wp:attachment":[{"href":"https:\/\/www.radiolimari.cl\/index.php?rest_route=%2Fwp%2Fv2%2Fmedia&parent=10842"}],"wp:term":[{"taxonomy":"category","embeddable":true,"href":"https:\/\/www.radiolimari.cl\/index.php?rest_route=%2Fwp%2Fv2%2Fcategories&post=10842"},{"taxonomy":"post_tag","embeddable":true,"href":"https:\/\/www.radiolimari.cl\/index.php?rest_route=%2Fwp%2Fv2%2Ftags&post=10842"}],"curies":[{"name":"wp","href":"https:\/\/api.w.org\/{rel}","templated":true}]}}