{"id":10782,"date":"2024-02-21T20:24:10","date_gmt":"2024-02-21T20:24:10","guid":{"rendered":"https:\/\/www.radiolimari.cl\/?p=10782"},"modified":"2024-02-21T20:24:11","modified_gmt":"2024-02-21T20:24:11","slug":"municipio-de-ovalle-esta-realizando-obras-de-mejoramiento-vial-previo-al-inicio-de-clases","status":"publish","type":"post","link":"https:\/\/www.radiolimari.cl\/?p=10782","title":{"rendered":"Municipio de Ovalle est\u00e1 realizando obras de mejoramiento vial previo al inicio de clases."},"content":{"rendered":"\n<figure class=\"wp-block-image size-large\"><a href=\"https:\/\/www.radiolimari.cl\/wp-content\/uploads\/2024\/02\/Plan-Marzo-2.jpeg\"><img fetchpriority=\"high\" decoding=\"async\" width=\"1024\" height=\"683\" src=\"https:\/\/www.radiolimari.cl\/wp-content\/uploads\/2024\/02\/Plan-Marzo-2-1024x683.jpeg\" alt=\"\" class=\"wp-image-10783\" srcset=\"https:\/\/www.radiolimari.cl\/wp-content\/uploads\/2024\/02\/Plan-Marzo-2-1024x683.jpeg 1024w, https:\/\/www.radiolimari.cl\/wp-content\/uploads\/2024\/02\/Plan-Marzo-2-300x200.jpeg 300w, https:\/\/www.radiolimari.cl\/wp-content\/uploads\/2024\/02\/Plan-Marzo-2-768x512.jpeg 768w, https:\/\/www.radiolimari.cl\/wp-content\/uploads\/2024\/02\/Plan-Marzo-2-1536x1024.jpeg 1536w, https:\/\/www.radiolimari.cl\/wp-content\/uploads\/2024\/02\/Plan-Marzo-2.jpeg 1600w\" sizes=\"(max-width: 1024px) 100vw, 1024px\" \/><\/a><\/figure>\n\n\n\n<p><strong><em>Se trata del denominado \u201cPlan Marzo\u201d, el cual consiste en la pavimentaci\u00f3n y reparaci\u00f3n de calles, accesos vehiculares y el mejoramiento de paraderos de la locomoci\u00f3n colectiva, pasos peatonales y se\u00f1al\u00e9ticas, sobretodo en las cercan\u00edas de los establecimientos educacionales locales.<\/em><\/strong><\/p>\n\n\n\n<p>Se acerca el inicio del a\u00f1o escolar 2024 y el municipio de Ovalle est\u00e1 ejecutando el \u201cPlan Marzo\u201d, que consiste en la pavimentaci\u00f3n y reparaci\u00f3n de calles y accesos vehiculares, mejoramiento de paraderos de la locomoci\u00f3n colectiva, se\u00f1al\u00e9ticas y demarcados de pasos peatonales, sobretodo en la zona c\u00e9ntrica y en las cercan\u00edas de los establecimientos educacionales locales.<\/p>\n\n\n\n<p>Tras la realizaci\u00f3n de un diagn\u00f3stico por parte de los profesionales del municipio de Ovalle, se inici\u00f3 una intervenci\u00f3n de cerca de 20 puntos de la ciudad consistente en arreglo y reposici\u00f3n de veredas que se encuentran en mal estado y obras para corregir el desgaste de soleras, a lo que se suma la colocaci\u00f3n de asfalto en fr\u00edo, para tapar los denominados \u201ceventos\u201d en las calles y as\u00ed no causar da\u00f1os en peatones y autom\u00f3viles. Se trata de un trabajo en conjunto entre el departamento de Operaciones y el departamento de Tr\u00e1nsito, que busca tener una comunidad amigable y apta para enfrentar la normalizaci\u00f3n del parque vehicular y peatonal, que trae consigo el inicio del periodo acad\u00e9mico.<\/p>\n\n\n\n<p>Para estos efectos \u201chemos aumentado la cantidad de cuadrillas municipales, para que se realicen los trabajos de mejoramiento porque creemos que es prioritario tener nuestras v\u00edas y veredas en buenas condiciones. Desde hace unas semanas nuestro personal se encuentra realizando las intervenciones viales, sobretodo en las afueras de los recintos educacionales. Nosotros este a\u00f1o quisimos adelantarnos con el desarrollo de este programa de trabajo y de esta forma dar mayor seguridad vial a los estudiantes y en general para nuestra comunidad\u201d sostuvo el alcalde de Ovalle, Jonathan Acu\u00f1a Rojas. Los trabajos de las cuadrillas municipales se realizar\u00e1n en el sector alameda, espec\u00edficamente en los paraderos de la locomoci\u00f3n colectiva, donde diariamente existe una alta aglomeraci\u00f3n de personas y en general en los lugares donde existen problemas en las veredas y soleras. A esto su suman las labores que se llevar\u00e1n a cabo en el frontis de los establecimientos La Providencia, San Viator, Colegio de Artes Eliseo Videla Jorquera, Santa Mar\u00eda Eufrasia, Liceo Bicentenario Alejandro \u00c1lvarez Jofr\u00e9, escuela b\u00e1sica Helene Lang, Colegio Fray Jorge, Colegio Yungay, Colegio Tamelcura, Colegio Amalia Err\u00e1zuriz, Colegio Arturo Alessandri Palma, Colegio Santa Teresa de Jes\u00fas, Liceo Estela \u00c1vila Molina, Colegio Manantial, Colegio Oscar Araya Molina, Colegio Pucar\u00e1 y el Liceo Bicentenario Polit\u00e9cnico.<\/p>\n","protected":false},"excerpt":{"rendered":"<p>Se trata del denominado \u201cPlan Marzo\u201d, el cual consiste en la pavimentaci\u00f3n y reparaci\u00f3n de calles, accesos vehiculares y el mejoramiento de paraderos de la locomoci\u00f3n colectiva, pasos peatonales y se\u00f1al\u00e9ticas, sobretodo en las cercan\u00edas de los establecimientos educacionales locales. Se acerca el inicio del a\u00f1o escolar 2024 y el municipio de Ovalle est\u00e1 ejecutando &#8230;<\/p>\n","protected":false},"author":2,"featured_media":10783,"comment_status":"open","ping_status":"open","sticky":false,"template":"","format":"standard","meta":{"footnotes":""},"categories":[5],"tags":[],"class_list":["post-10782","post","type-post","status-publish","format-standard","has-post-thumbnail","hentry","category-actualidad-limarina"],"_links":{"self":[{"href":"https:\/\/www.radiolimari.cl\/index.php?rest_route=\/wp\/v2\/posts\/10782","targetHints":{"allow":["GET"]}}],"collection":[{"href":"https:\/\/www.radiolimari.cl\/index.php?rest_route=\/wp\/v2\/posts"}],"about":[{"href":"https:\/\/www.radiolimari.cl\/index.php?rest_route=\/wp\/v2\/types\/post"}],"author":[{"embeddable":true,"href":"https:\/\/www.radiolimari.cl\/index.php?rest_route=\/wp\/v2\/users\/2"}],"replies":[{"embeddable":true,"href":"https:\/\/www.radiolimari.cl\/index.php?rest_route=%2Fwp%2Fv2%2Fcomments&post=10782"}],"version-history":[{"count":1,"href":"https:\/\/www.radiolimari.cl\/index.php?rest_route=\/wp\/v2\/posts\/10782\/revisions"}],"predecessor-version":[{"id":10784,"href":"https:\/\/www.radiolimari.cl\/index.php?rest_route=\/wp\/v2\/posts\/10782\/revisions\/10784"}],"wp:featuredmedia":[{"embeddable":true,"href":"https:\/\/www.radiolimari.cl\/index.php?rest_route=\/wp\/v2\/media\/10783"}],"wp:attachment":[{"href":"https:\/\/www.radiolimari.cl\/index.php?rest_route=%2Fwp%2Fv2%2Fmedia&parent=10782"}],"wp:term":[{"taxonomy":"category","embeddable":true,"href":"https:\/\/www.radiolimari.cl\/index.php?rest_route=%2Fwp%2Fv2%2Fcategories&post=10782"},{"taxonomy":"post_tag","embeddable":true,"href":"https:\/\/www.radiolimari.cl\/index.php?rest_route=%2Fwp%2Fv2%2Ftags&post=10782"}],"curies":[{"name":"wp","href":"https:\/\/api.w.org\/{rel}","templated":true}]}}