{"id":10779,"date":"2024-02-21T20:20:39","date_gmt":"2024-02-21T20:20:39","guid":{"rendered":"https:\/\/www.radiolimari.cl\/?p=10779"},"modified":"2024-02-21T20:20:40","modified_gmt":"2024-02-21T20:20:40","slug":"subsecretaria-de-educacion-monitorea-avances-en-reparacion-de-los-establecimientos-afectados-por-incendios-en-vina-del-mar-y-villa-alemana","status":"publish","type":"post","link":"https:\/\/www.radiolimari.cl\/?p=10779","title":{"rendered":"Subsecretaria de Educaci\u00f3n monitorea avances en reparaci\u00f3n de los establecimientos afectados por incendios en Vi\u00f1a del Mar y Villa Alemana.\u00a0"},"content":{"rendered":"\n<figure class=\"wp-block-image size-large\"><a href=\"https:\/\/www.radiolimari.cl\/wp-content\/uploads\/2024\/02\/FOT07937-scaled.jpg\"><img fetchpriority=\"high\" decoding=\"async\" width=\"1024\" height=\"576\" src=\"https:\/\/www.radiolimari.cl\/wp-content\/uploads\/2024\/02\/FOT07937-1024x576.jpg\" alt=\"\" class=\"wp-image-10780\" srcset=\"https:\/\/www.radiolimari.cl\/wp-content\/uploads\/2024\/02\/FOT07937-1024x576.jpg 1024w, https:\/\/www.radiolimari.cl\/wp-content\/uploads\/2024\/02\/FOT07937-300x169.jpg 300w, https:\/\/www.radiolimari.cl\/wp-content\/uploads\/2024\/02\/FOT07937-768x432.jpg 768w, https:\/\/www.radiolimari.cl\/wp-content\/uploads\/2024\/02\/FOT07937-1536x864.jpg 1536w, https:\/\/www.radiolimari.cl\/wp-content\/uploads\/2024\/02\/FOT07937-2048x1152.jpg 2048w\" sizes=\"(max-width: 1024px) 100vw, 1024px\" \/><\/a><\/figure>\n\n\n\n<ul class=\"wp-block-list\">\n<li><strong><em>La autoridad, Alejandra Arratia Mart\u00ednez, junto a la seremi de Educaci\u00f3n de Valpara\u00edso, Romina Maraga\u00f1o, visitaron los recintos educativos afectados por los incendios para supervisar el avance de los procesos para la reparaci\u00f3n y coordinar las acciones para el inicio del a\u00f1o escolar.<\/em><\/strong><strong>&nbsp;<\/strong><\/li>\n<\/ul>\n\n\n\n<ul class=\"wp-block-list\">\n<li><strong><em>La subsecretaria Arratia indic\u00f3 que respecto a la escuela Villa Independencia, que result\u00f3 con mayor da\u00f1o, \u201chemos firmado un convenio de colaboraci\u00f3n con Desaf\u00edo Levantemos Chile, que permitir\u00e1 habilitar espacios modulares e infraestructura de emergencia en la Escuela Villa Independencia\u201d.<\/em><\/strong><strong>&nbsp;<\/strong><strong><\/strong><\/li>\n<\/ul>\n\n\n\n<p><em>Martes 20 de febrero 2024.-<\/em> La subsecretaria de Educaci\u00f3n, Alejandra Arratia Mart\u00ednez, junto a la seremi de Educaci\u00f3n de la regi\u00f3n de Valpara\u00edso, Romina Maraga\u00f1o, visitaron establecimientos educacionales afectados por los incendios en Vi\u00f1a del Mar y Villa Alemana, donde pudieron monitorear el avance de los procesos para la reparaci\u00f3n.&nbsp;<\/p>\n\n\n\n<p>Seg\u00fan la \u00faltima actualizaci\u00f3n del catastro del Ministerio de Educaci\u00f3n, tras el despliegue de los equipos regionales y las coordinaciones en terreno, se han reportado tres establecimientos con da\u00f1os: la Escuela Villa Independencia y la Escuela John Kennedy, ambas de Vi\u00f1a del Mar, y la Escuela El Patagual, de la comuna de Villa Alemana.&nbsp;<\/p>\n\n\n\n<p>Respecto a la Escuela Villa Independencia, que sufri\u00f3 da\u00f1os mayores tras el incendio, la autoridad ministerial se\u00f1al\u00f3 que \u201ccomo Ministerio de Educaci\u00f3n seguimos trabajando arduamente para dar inicio al a\u00f1o escolar, poniendo como prioridad el bienestar y la seguridad de las y los estudiantes al retornar a clases\u201d.&nbsp;&nbsp;<\/p>\n\n\n\n<p>En esa l\u00ednea, agreg\u00f3 que en particular para este establecimiento \u201chemos firmado un convenio de colaboraci\u00f3n con Desaf\u00edo Levantemos Chile, que permitir\u00e1 habilitar espacios modulares e infraestructura de emergencia. En el caso de las otras escuelas, que tienen da\u00f1os menores, ejecutaremos fondos de emergencia para llevar a cabo las reparaciones necesarias que garanticen el derecho a la educaci\u00f3n de todos y todas las estudiantes\u201d.&nbsp;<\/p>\n\n\n\n<p>Por su parte, el director ejecutivo de la Fundaci\u00f3n Desaf\u00edo Levantemos Chile, Ignacio Serrano, valor\u00f3 el trabajo de colaboraci\u00f3n p\u00fablico-privada que se ha realizado y precis\u00f3 que \u201cya comenzaron los trabajos de demolici\u00f3n de todo el sector destruido por los incendios. Estamos haciendo todo lo que est\u00e1 en nuestras manos para habilitar lo antes posible espacios comunes, comedores, ba\u00f1os y cocina para que los ni\u00f1os puedan volver a clases\u201d.&nbsp;<\/p>\n\n\n\n<p>En tanto, la directora de la Escuela Villa Independencia, Viviana Rodr\u00edguez, agradeci\u00f3 las gestiones realizadas por el Ministerio de Educaci\u00f3n e indic\u00f3 que \u201cse han hecho presentes desde el d\u00eda siguiente del desastre, ha habido un apoyo muy importante para la reconstrucci\u00f3n y la instalaci\u00f3n de m\u00f3dulos de emergencia, lo que hace que no nos sintamos solos\u201d.&nbsp;<\/p>\n\n\n\n<p>Durante la jornada, las autoridades tambi\u00e9n visitaron la Escuela John Kennedy de Vi\u00f1a del Mar y la Escuela El Patagual de Villa Alemana, donde se reunieron con la alcaldesa de la comuna, Javiera Toledo, para coordinar los procesos necesarios que permitan continuar trabajando en la habilitaci\u00f3n del establecimiento educativo, incluyendo fondos para la emergencia que est\u00e1n siendo gestionados por la Subsecretar\u00eda de Educaci\u00f3n.&nbsp;<\/p>\n\n\n\n<p>Al respecto, la Seremi de Educaci\u00f3n de Valpara\u00edso, Romina Maraga\u00f1o, sostuvo que \u201chay una articulaci\u00f3n en torno a los requerimientos que han levantado los mismos municipios, a trav\u00e9s de las corporaciones municipales y los sostenedores de los establecimientos. Estamos trabajando en establecimientos que necesitan, por ejemplo, la regularizaci\u00f3n de los servicios el\u00e9ctricos para su funcionamiento\u201d.&nbsp;<\/p>\n\n\n\n<p>Finalmente, las autoridades recorrieron el Liceo de Gastronom\u00eda y Turismo en la comuna de Quilpu\u00e9, establecimiento que ha funcionado como centro de acopio en el sector de El Belloto. En el lugar se realizaron las coordinaciones con los equipos de la corporaci\u00f3n municipal para poder entregar las ayudas correspondientes y habilitar el establecimiento con miras al inicio del a\u00f1o escolar.&nbsp;<\/p>\n","protected":false},"excerpt":{"rendered":"<p>Martes 20 de febrero 2024.- La subsecretaria de Educaci\u00f3n, Alejandra Arratia Mart\u00ednez, junto a la seremi de Educaci\u00f3n de la regi\u00f3n de Valpara\u00edso, Romina Maraga\u00f1o, visitaron establecimientos educacionales afectados por los incendios en Vi\u00f1a del Mar y Villa Alemana, donde pudieron monitorear el avance de los procesos para la reparaci\u00f3n.&nbsp; Seg\u00fan la \u00faltima actualizaci\u00f3n del &#8230;<\/p>\n","protected":false},"author":2,"featured_media":10780,"comment_status":"open","ping_status":"open","sticky":false,"template":"","format":"standard","meta":{"footnotes":""},"categories":[3],"tags":[],"class_list":["post-10779","post","type-post","status-publish","format-standard","has-post-thumbnail","hentry","category-actualidad"],"_links":{"self":[{"href":"https:\/\/www.radiolimari.cl\/index.php?rest_route=\/wp\/v2\/posts\/10779","targetHints":{"allow":["GET"]}}],"collection":[{"href":"https:\/\/www.radiolimari.cl\/index.php?rest_route=\/wp\/v2\/posts"}],"about":[{"href":"https:\/\/www.radiolimari.cl\/index.php?rest_route=\/wp\/v2\/types\/post"}],"author":[{"embeddable":true,"href":"https:\/\/www.radiolimari.cl\/index.php?rest_route=\/wp\/v2\/users\/2"}],"replies":[{"embeddable":true,"href":"https:\/\/www.radiolimari.cl\/index.php?rest_route=%2Fwp%2Fv2%2Fcomments&post=10779"}],"version-history":[{"count":1,"href":"https:\/\/www.radiolimari.cl\/index.php?rest_route=\/wp\/v2\/posts\/10779\/revisions"}],"predecessor-version":[{"id":10781,"href":"https:\/\/www.radiolimari.cl\/index.php?rest_route=\/wp\/v2\/posts\/10779\/revisions\/10781"}],"wp:featuredmedia":[{"embeddable":true,"href":"https:\/\/www.radiolimari.cl\/index.php?rest_route=\/wp\/v2\/media\/10780"}],"wp:attachment":[{"href":"https:\/\/www.radiolimari.cl\/index.php?rest_route=%2Fwp%2Fv2%2Fmedia&parent=10779"}],"wp:term":[{"taxonomy":"category","embeddable":true,"href":"https:\/\/www.radiolimari.cl\/index.php?rest_route=%2Fwp%2Fv2%2Fcategories&post=10779"},{"taxonomy":"post_tag","embeddable":true,"href":"https:\/\/www.radiolimari.cl\/index.php?rest_route=%2Fwp%2Fv2%2Ftags&post=10779"}],"curies":[{"name":"wp","href":"https:\/\/api.w.org\/{rel}","templated":true}]}}