{"id":10752,"date":"2024-02-20T15:00:06","date_gmt":"2024-02-20T15:00:06","guid":{"rendered":"https:\/\/www.radiolimari.cl\/?p=10752"},"modified":"2024-02-20T15:00:07","modified_gmt":"2024-02-20T15:00:07","slug":"cinco-ovallinas-competiran-para-ser-la-nueva-embajadora-de-la-fiesta-de-la-vendimia-de-ovalle","status":"publish","type":"post","link":"https:\/\/www.radiolimari.cl\/?p=10752","title":{"rendered":"Cinco ovallinas competir\u00e1n para ser la nueva Embajadora de la Fiesta de la Vendimia de Ovalle"},"content":{"rendered":"\n<figure class=\"wp-block-image size-large\"><a href=\"https:\/\/www.radiolimari.cl\/wp-content\/uploads\/2024\/02\/Fiesta-de-la-Vendimia-2-1-scaled.jpg\"><img fetchpriority=\"high\" decoding=\"async\" width=\"1024\" height=\"683\" src=\"https:\/\/www.radiolimari.cl\/wp-content\/uploads\/2024\/02\/Fiesta-de-la-Vendimia-2-1-1024x683.jpg\" alt=\"\" class=\"wp-image-10753\" srcset=\"https:\/\/www.radiolimari.cl\/wp-content\/uploads\/2024\/02\/Fiesta-de-la-Vendimia-2-1-1024x683.jpg 1024w, https:\/\/www.radiolimari.cl\/wp-content\/uploads\/2024\/02\/Fiesta-de-la-Vendimia-2-1-300x200.jpg 300w, https:\/\/www.radiolimari.cl\/wp-content\/uploads\/2024\/02\/Fiesta-de-la-Vendimia-2-1-768x512.jpg 768w, https:\/\/www.radiolimari.cl\/wp-content\/uploads\/2024\/02\/Fiesta-de-la-Vendimia-2-1-1536x1025.jpg 1536w, https:\/\/www.radiolimari.cl\/wp-content\/uploads\/2024\/02\/Fiesta-de-la-Vendimia-2-1-2048x1367.jpg 2048w\" sizes=\"(max-width: 1024px) 100vw, 1024px\" \/><\/a><\/figure>\n\n\n\n<p><strong><em>Este a\u00f1o las candidatas ser\u00e1n Viviana Jim\u00e9nez Gonz\u00e1lez, Mar\u00eda Torrej\u00f3n Torres, Laura Rojas Urquieta, Daniela Ortiz Alfaro y Francisca Pereira Carvajal, quienes realizar\u00e1n diversas actividades y pruebas, entre ellas, el tradicional \u201cPisado de Uva\u201d, las cuales ser\u00e1n evaluadas por un jurado y por el p\u00fablico que podr\u00e1 votar por su favorita a trav\u00e9s de las redes sociales del municipio de Ovalle.&nbsp;<\/em><\/strong><\/p>\n\n\n\n<p>Ya est\u00e1 todo listo y dispuesto para la realizaci\u00f3n de una nueva versi\u00f3n de la Fiesta de la Vendimia de Ovalle, que se llevar\u00e1 a cabo el pr\u00f3ximo s\u00e1bado 24 y domingo 25 de febrero en la plaza de armas. Adem\u00e1s, de las diversas actividades recreativas, comerciales y art\u00edsticas, este a\u00f1o, como es tradicional, se elegir\u00e1 a la nueva Embajadora de la Vendimia.<\/p>\n\n\n\n<figure class=\"wp-block-image size-large is-resized\"><a href=\"https:\/\/www.radiolimari.cl\/wp-content\/uploads\/2024\/02\/Laura-Rojas-Cepa-Moscatel-scaled.jpg\"><img decoding=\"async\" width=\"576\" height=\"1024\" src=\"https:\/\/www.radiolimari.cl\/wp-content\/uploads\/2024\/02\/Laura-Rojas-Cepa-Moscatel-576x1024.jpg\" alt=\"\" class=\"wp-image-10754\" style=\"width:312px;height:auto\" srcset=\"https:\/\/www.radiolimari.cl\/wp-content\/uploads\/2024\/02\/Laura-Rojas-Cepa-Moscatel-576x1024.jpg 576w, https:\/\/www.radiolimari.cl\/wp-content\/uploads\/2024\/02\/Laura-Rojas-Cepa-Moscatel-169x300.jpg 169w, https:\/\/www.radiolimari.cl\/wp-content\/uploads\/2024\/02\/Laura-Rojas-Cepa-Moscatel-768x1365.jpg 768w, https:\/\/www.radiolimari.cl\/wp-content\/uploads\/2024\/02\/Laura-Rojas-Cepa-Moscatel-864x1536.jpg 864w, https:\/\/www.radiolimari.cl\/wp-content\/uploads\/2024\/02\/Laura-Rojas-Cepa-Moscatel-1153x2048.jpg 1153w, https:\/\/www.radiolimari.cl\/wp-content\/uploads\/2024\/02\/Laura-Rojas-Cepa-Moscatel-scaled.jpg 1441w\" sizes=\"(max-width: 576px) 100vw, 576px\" \/><\/a><\/figure>\n\n\n\n<p> Este a\u00f1o cinco ovallinas competir\u00e1n por este t\u00edtulo, a trav\u00e9s de pruebas sorpresa, preguntas de actualidad y relacionadas con esta iniciativa, las cuales ser\u00e1n evaluadas por un jurado y por el p\u00fablico en general, a trav\u00e9s de las redes sociales del municipio local, en Facebook Ilustre Municipalidad de Ovalle e Instagram @muniovalle.<\/p>\n\n\n\n<figure class=\"wp-block-image size-large\"><a href=\"https:\/\/www.radiolimari.cl\/wp-content\/uploads\/2024\/02\/Daniela-Ortiz-Cepa-Merlot-scaled.jpg\"><img decoding=\"async\" width=\"576\" height=\"1024\" src=\"https:\/\/www.radiolimari.cl\/wp-content\/uploads\/2024\/02\/Daniela-Ortiz-Cepa-Merlot-576x1024.jpg\" alt=\"\" class=\"wp-image-10755\" srcset=\"https:\/\/www.radiolimari.cl\/wp-content\/uploads\/2024\/02\/Daniela-Ortiz-Cepa-Merlot-576x1024.jpg 576w, https:\/\/www.radiolimari.cl\/wp-content\/uploads\/2024\/02\/Daniela-Ortiz-Cepa-Merlot-169x300.jpg 169w, https:\/\/www.radiolimari.cl\/wp-content\/uploads\/2024\/02\/Daniela-Ortiz-Cepa-Merlot-768x1365.jpg 768w, https:\/\/www.radiolimari.cl\/wp-content\/uploads\/2024\/02\/Daniela-Ortiz-Cepa-Merlot-864x1536.jpg 864w, https:\/\/www.radiolimari.cl\/wp-content\/uploads\/2024\/02\/Daniela-Ortiz-Cepa-Merlot-1153x2048.jpg 1153w, https:\/\/www.radiolimari.cl\/wp-content\/uploads\/2024\/02\/Daniela-Ortiz-Cepa-Merlot-scaled.jpg 1441w\" sizes=\"(max-width: 576px) 100vw, 576px\" \/><\/a><\/figure>\n\n\n\n<p>Tras las pruebas, las dos participantes m\u00e1s votadas pasar\u00e1n a la semifinal y una ser\u00e1 elegida mediante una encuesta de 24 horas en Facebook e Instagram, se sumar\u00e1n los votos de ambas plataformas y se elegir\u00e1 a la tercera semifinalista. La competencia se definir\u00e1 con una ronda de preguntas que ser\u00e1 evaluada por los integrantes del jurado, quienes elegir\u00e1n a la nueva Embajadora de la Vendimia. \u00a0<\/p>\n\n\n\n<figure class=\"wp-block-image size-large is-resized\"><a href=\"https:\/\/www.radiolimari.cl\/wp-content\/uploads\/2024\/02\/Viviana-Jimenez-Cepa-Chardonnay-scaled.jpg\"><img loading=\"lazy\" decoding=\"async\" width=\"576\" height=\"1024\" src=\"https:\/\/www.radiolimari.cl\/wp-content\/uploads\/2024\/02\/Viviana-Jimenez-Cepa-Chardonnay-576x1024.jpg\" alt=\"\" class=\"wp-image-10756\" style=\"width:334px;height:auto\" srcset=\"https:\/\/www.radiolimari.cl\/wp-content\/uploads\/2024\/02\/Viviana-Jimenez-Cepa-Chardonnay-576x1024.jpg 576w, https:\/\/www.radiolimari.cl\/wp-content\/uploads\/2024\/02\/Viviana-Jimenez-Cepa-Chardonnay-169x300.jpg 169w, https:\/\/www.radiolimari.cl\/wp-content\/uploads\/2024\/02\/Viviana-Jimenez-Cepa-Chardonnay-768x1365.jpg 768w, https:\/\/www.radiolimari.cl\/wp-content\/uploads\/2024\/02\/Viviana-Jimenez-Cepa-Chardonnay-864x1536.jpg 864w, https:\/\/www.radiolimari.cl\/wp-content\/uploads\/2024\/02\/Viviana-Jimenez-Cepa-Chardonnay-1153x2048.jpg 1153w, https:\/\/www.radiolimari.cl\/wp-content\/uploads\/2024\/02\/Viviana-Jimenez-Cepa-Chardonnay-scaled.jpg 1441w\" sizes=\"(max-width: 576px) 100vw, 576px\" \/><\/a><\/figure>\n\n\n\n<p>\u201cQueremos que sea una competencia entretenida y que los asistentes puedan disfrutar, porque las participantes tendr\u00e1n pruebas l\u00fadicas y tradicionales como el pisado de uva. La idea es que nuestra comunidad sea parte del certamen y pueda votar por su favorita, a trav\u00e9s de nuestras redes sociales\u201d indic\u00f3 el alcalde de Ovalle, Jonathan Acu\u00f1a Rojas.\u00a0<\/p>\n\n\n\n<figure class=\"wp-block-image size-large\"><a href=\"https:\/\/www.radiolimari.cl\/wp-content\/uploads\/2024\/02\/Maria-Gabriela-Torrejon-Cepa-Carmenere-scaled.jpg\"><img loading=\"lazy\" decoding=\"async\" width=\"576\" height=\"1024\" src=\"https:\/\/www.radiolimari.cl\/wp-content\/uploads\/2024\/02\/Maria-Gabriela-Torrejon-Cepa-Carmenere-576x1024.jpg\" alt=\"\" class=\"wp-image-10757\" srcset=\"https:\/\/www.radiolimari.cl\/wp-content\/uploads\/2024\/02\/Maria-Gabriela-Torrejon-Cepa-Carmenere-576x1024.jpg 576w, https:\/\/www.radiolimari.cl\/wp-content\/uploads\/2024\/02\/Maria-Gabriela-Torrejon-Cepa-Carmenere-169x300.jpg 169w, https:\/\/www.radiolimari.cl\/wp-content\/uploads\/2024\/02\/Maria-Gabriela-Torrejon-Cepa-Carmenere-768x1365.jpg 768w, https:\/\/www.radiolimari.cl\/wp-content\/uploads\/2024\/02\/Maria-Gabriela-Torrejon-Cepa-Carmenere-864x1536.jpg 864w, https:\/\/www.radiolimari.cl\/wp-content\/uploads\/2024\/02\/Maria-Gabriela-Torrejon-Cepa-Carmenere-1153x2048.jpg 1153w, https:\/\/www.radiolimari.cl\/wp-content\/uploads\/2024\/02\/Maria-Gabriela-Torrejon-Cepa-Carmenere-scaled.jpg 1441w\" sizes=\"(max-width: 576px) 100vw, 576px\" \/><\/a><\/figure>\n\n\n\n<p>Este a\u00f1o competir\u00e1 Viviana Jim\u00e9nez Gonz\u00e1lez (Cepa Chardonnay), quien tiene 41 a\u00f1os y es comerciante y madre de 3 hijos y se define como \u201cintrovertida y alegre. Optimista, s\u00e9 que si uno quiere algo lo puede obtener, nada es f\u00e1cil en esta vida\u201d. Tambi\u00e9n ir\u00e1 por el cetro Mar\u00eda Torrej\u00f3n Torres (Cepa Carmenere), quien tiene 31 a\u00f1os y es jefa de un fundo en Campo Lindo y asegura que su vida \u201csiempre ha estado ligada al mundo rural, donde destaca mucho el respeto y la ayuda a los dem\u00e1s. Creo much\u00edsimo en las oportunidades y al final de cada d\u00eda doy gracias por lo que me toc\u00f3 y por lo que est\u00e1 por venir\u201d. Otra de las candidatas es Laura Rojas Urquieta (Cepa Moscatel), quien tiene 31 a\u00f1os es emprendedora y tiene estudios de Pedagog\u00eda General B\u00e1sica y \u201csoy hija de feriantes y orgullosa de ser descendiente Diaguita y siempre activa participante de la comunidad\u201d. En esta oportunidad tambi\u00e9n participar\u00e1 Daniela Ortiz Alfaro (Cepa Merlot), quien tiene 28 a\u00f1os y actualmente se dedica al \u00e1rea de pr\u00f3tesis dentales removibles. \u201cMe siento muy capaz para ser la nueva Embajadora de la Vendimia, ya que admiro lo que somos como zona vitivin\u00edcola y creo que nos podemos potenciar a\u00fan m\u00e1s como zona con lo que poseemos\u201d. Finalmente, Francisca Pereira Carvajal (Cepa Syrah) asegura que competir\u00e1 sanamente y espera ser la ganadora. Es madre, dise\u00f1adora y gestora cultural y \u201ctengo una Pyme de reutilizaci\u00f3n textil a la que dedico gran parte de mi tiempo, confecciono ropa y tambi\u00e9n soy secretaria de una agrupaci\u00f3n dedicada a lo socio cultural\u201d.<\/p>\n\n\n\n<figure class=\"wp-block-image size-large\"><a href=\"https:\/\/www.radiolimari.cl\/wp-content\/uploads\/2024\/02\/Francisca-Pereira-Cepa-Syrah-scaled.jpg\"><img loading=\"lazy\" decoding=\"async\" width=\"576\" height=\"1024\" src=\"https:\/\/www.radiolimari.cl\/wp-content\/uploads\/2024\/02\/Francisca-Pereira-Cepa-Syrah-576x1024.jpg\" alt=\"\" class=\"wp-image-10758\" srcset=\"https:\/\/www.radiolimari.cl\/wp-content\/uploads\/2024\/02\/Francisca-Pereira-Cepa-Syrah-576x1024.jpg 576w, https:\/\/www.radiolimari.cl\/wp-content\/uploads\/2024\/02\/Francisca-Pereira-Cepa-Syrah-169x300.jpg 169w, https:\/\/www.radiolimari.cl\/wp-content\/uploads\/2024\/02\/Francisca-Pereira-Cepa-Syrah-768x1365.jpg 768w, https:\/\/www.radiolimari.cl\/wp-content\/uploads\/2024\/02\/Francisca-Pereira-Cepa-Syrah-864x1536.jpg 864w, https:\/\/www.radiolimari.cl\/wp-content\/uploads\/2024\/02\/Francisca-Pereira-Cepa-Syrah-1153x2048.jpg 1153w, https:\/\/www.radiolimari.cl\/wp-content\/uploads\/2024\/02\/Francisca-Pereira-Cepa-Syrah-scaled.jpg 1441w\" sizes=\"(max-width: 576px) 100vw, 576px\" \/><\/a><\/figure>\n","protected":false},"excerpt":{"rendered":"<p>Este a\u00f1o las candidatas ser\u00e1n Viviana Jim\u00e9nez Gonz\u00e1lez, Mar\u00eda Torrej\u00f3n Torres, Laura Rojas Urquieta, Daniela Ortiz Alfaro y Francisca Pereira Carvajal, quienes realizar\u00e1n diversas actividades y pruebas, entre ellas, el tradicional \u201cPisado de Uva\u201d, las cuales ser\u00e1n evaluadas por un jurado y por el p\u00fablico que podr\u00e1 votar por su favorita a trav\u00e9s de las &#8230;<\/p>\n","protected":false},"author":2,"featured_media":10753,"comment_status":"open","ping_status":"open","sticky":false,"template":"","format":"standard","meta":{"footnotes":""},"categories":[5],"tags":[],"class_list":["post-10752","post","type-post","status-publish","format-standard","has-post-thumbnail","hentry","category-actualidad-limarina"],"_links":{"self":[{"href":"https:\/\/www.radiolimari.cl\/index.php?rest_route=\/wp\/v2\/posts\/10752","targetHints":{"allow":["GET"]}}],"collection":[{"href":"https:\/\/www.radiolimari.cl\/index.php?rest_route=\/wp\/v2\/posts"}],"about":[{"href":"https:\/\/www.radiolimari.cl\/index.php?rest_route=\/wp\/v2\/types\/post"}],"author":[{"embeddable":true,"href":"https:\/\/www.radiolimari.cl\/index.php?rest_route=\/wp\/v2\/users\/2"}],"replies":[{"embeddable":true,"href":"https:\/\/www.radiolimari.cl\/index.php?rest_route=%2Fwp%2Fv2%2Fcomments&post=10752"}],"version-history":[{"count":1,"href":"https:\/\/www.radiolimari.cl\/index.php?rest_route=\/wp\/v2\/posts\/10752\/revisions"}],"predecessor-version":[{"id":10759,"href":"https:\/\/www.radiolimari.cl\/index.php?rest_route=\/wp\/v2\/posts\/10752\/revisions\/10759"}],"wp:featuredmedia":[{"embeddable":true,"href":"https:\/\/www.radiolimari.cl\/index.php?rest_route=\/wp\/v2\/media\/10753"}],"wp:attachment":[{"href":"https:\/\/www.radiolimari.cl\/index.php?rest_route=%2Fwp%2Fv2%2Fmedia&parent=10752"}],"wp:term":[{"taxonomy":"category","embeddable":true,"href":"https:\/\/www.radiolimari.cl\/index.php?rest_route=%2Fwp%2Fv2%2Fcategories&post=10752"},{"taxonomy":"post_tag","embeddable":true,"href":"https:\/\/www.radiolimari.cl\/index.php?rest_route=%2Fwp%2Fv2%2Ftags&post=10752"}],"curies":[{"name":"wp","href":"https:\/\/api.w.org\/{rel}","templated":true}]}}