{"id":10746,"date":"2024-02-20T14:40:22","date_gmt":"2024-02-20T14:40:22","guid":{"rendered":"https:\/\/www.radiolimari.cl\/?p=10746"},"modified":"2024-02-20T14:40:22","modified_gmt":"2024-02-20T14:40:22","slug":"aumenta-la-salida-de-turistas-chilenos-hacia-argentina-a-traves-del-paso-internacional-agua-negra","status":"publish","type":"post","link":"https:\/\/www.radiolimari.cl\/?p=10746","title":{"rendered":"Aumenta la salida de turistas chilenos hacia Argentina a trav\u00e9s del Paso internacional Agua Negra"},"content":{"rendered":"\n<figure class=\"wp-block-image size-large is-resized\"><a href=\"https:\/\/www.radiolimari.cl\/wp-content\/uploads\/2024\/02\/20200224_135128-scaled.jpg\"><img fetchpriority=\"high\" decoding=\"async\" width=\"1024\" height=\"473\" src=\"https:\/\/www.radiolimari.cl\/wp-content\/uploads\/2024\/02\/20200224_135128-1024x473.jpg\" alt=\"\" class=\"wp-image-10747\" style=\"width:375px;height:auto\" srcset=\"https:\/\/www.radiolimari.cl\/wp-content\/uploads\/2024\/02\/20200224_135128-1024x473.jpg 1024w, https:\/\/www.radiolimari.cl\/wp-content\/uploads\/2024\/02\/20200224_135128-300x139.jpg 300w, https:\/\/www.radiolimari.cl\/wp-content\/uploads\/2024\/02\/20200224_135128-768x355.jpg 768w, https:\/\/www.radiolimari.cl\/wp-content\/uploads\/2024\/02\/20200224_135128-1536x710.jpg 1536w, https:\/\/www.radiolimari.cl\/wp-content\/uploads\/2024\/02\/20200224_135128-2048x947.jpg 2048w\" sizes=\"(max-width: 1024px) 100vw, 1024px\" \/><\/a><\/figure>\n\n\n\n<p><em>A la fecha, son m\u00e1s de 15.000 personas las que han cruzado desde la Regi\u00f3n de Coquimbo hacia San Juan, Argentina, superando el n\u00famero de llegadas a Chile en el mismo per\u00edodo.<\/em><\/p>\n\n\n\n<p>Durante esta temporada y desde la apertura del complejo fronterizo, se ha observado un incremento significativo en el n\u00famero de chilenos que optan por utilizar el paso de Agua Negra para cruzar hacia Argentina, convirti\u00e9ndolo en una alternativa vial cada vez m\u00e1s popular a nivel nacional debido a la buena condici\u00f3n de la ruta que une la regi\u00f3n de Coquimbo con la Provincia de San Juan.<\/p>\n\n\n\n<p>&nbsp;&nbsp;&nbsp;&nbsp;&nbsp;&nbsp;&nbsp;&nbsp; Seg\u00fan cifras del Complejo Fronterizo Juntas del Toro, un total de 15.631 personas se han desplazado desde la Regi\u00f3n de Coquimbo hacia San Juan, en comparaci\u00f3n a las 15.411 que han llegado hasta nuestro pa\u00eds. Estas cifras comprenden el per\u00edodo desde el 30 de noviembre de 2023 hasta la fecha actual.<\/p>\n\n\n\n<p>&nbsp;&nbsp;&nbsp;&nbsp;&nbsp;&nbsp;&nbsp;&nbsp; El Delegado Presidencial Regional, Galo Luna Penna, indic\u00f3 que <strong>\u00abesto nos habla de que el Paso de Agua Negra se ha convertido en una alternativa segura y expedita para miles de personas e incluso una opci\u00f3n frente al cierre de otros recintos\u00bb.<\/strong> Asimismo, coment\u00f3 que <strong>\u201cseguiremos fortaleciendo el complejo fronterizo, as\u00ed como los servicios que se brindan para asegurar una atenci\u00f3n oportuna y expedita a los usuarios\u201d.<\/strong><\/p>\n\n\n\n<p>&nbsp;&nbsp;&nbsp;&nbsp;&nbsp;&nbsp;&nbsp;&nbsp; En este sentido, Luna Penna se\u00f1al\u00f3 que <strong>\u201cdebemos avanzar en la pavimentaci\u00f3n del camino que conecta ambos pa\u00edses, con el objetivo de garantizar un viaje cada vez m\u00e1s seguro y c\u00f3modo para aquellos que se trasladan por esta ruta, reafirmando su importancia como una opci\u00f3n confiable y eficiente para el tr\u00e1nsito fronterizo entre ambos pa\u00edses\u201d<\/strong>.<\/p>\n\n\n\n<p>&nbsp;&nbsp;&nbsp;&nbsp;&nbsp;&nbsp;&nbsp;&nbsp; Es importante destacar que los servicios p\u00fablicos, como la Polic\u00eda de Investigaciones (PDI), el Servicio Agr\u00edcola y Ganadero (SAG) y la Aduana, est\u00e1n operando a plena capacidad de atenci\u00f3n. Adem\u00e1s, Vialidad realiza una vigilancia diaria para garantizar las \u00f3ptimas condiciones del camino.<\/p>\n","protected":false},"excerpt":{"rendered":"<p>A la fecha, son m\u00e1s de 15.000 personas las que han cruzado desde la Regi\u00f3n de Coquimbo hacia San Juan, Argentina, superando el n\u00famero de llegadas a Chile en el mismo per\u00edodo. Durante esta temporada y desde la apertura del complejo fronterizo, se ha observado un incremento significativo en el n\u00famero de chilenos que optan &#8230;<\/p>\n","protected":false},"author":2,"featured_media":10747,"comment_status":"open","ping_status":"open","sticky":false,"template":"","format":"standard","meta":{"footnotes":""},"categories":[6],"tags":[],"class_list":["post-10746","post","type-post","status-publish","format-standard","has-post-thumbnail","hentry","category-regionales"],"_links":{"self":[{"href":"https:\/\/www.radiolimari.cl\/index.php?rest_route=\/wp\/v2\/posts\/10746","targetHints":{"allow":["GET"]}}],"collection":[{"href":"https:\/\/www.radiolimari.cl\/index.php?rest_route=\/wp\/v2\/posts"}],"about":[{"href":"https:\/\/www.radiolimari.cl\/index.php?rest_route=\/wp\/v2\/types\/post"}],"author":[{"embeddable":true,"href":"https:\/\/www.radiolimari.cl\/index.php?rest_route=\/wp\/v2\/users\/2"}],"replies":[{"embeddable":true,"href":"https:\/\/www.radiolimari.cl\/index.php?rest_route=%2Fwp%2Fv2%2Fcomments&post=10746"}],"version-history":[{"count":1,"href":"https:\/\/www.radiolimari.cl\/index.php?rest_route=\/wp\/v2\/posts\/10746\/revisions"}],"predecessor-version":[{"id":10748,"href":"https:\/\/www.radiolimari.cl\/index.php?rest_route=\/wp\/v2\/posts\/10746\/revisions\/10748"}],"wp:featuredmedia":[{"embeddable":true,"href":"https:\/\/www.radiolimari.cl\/index.php?rest_route=\/wp\/v2\/media\/10747"}],"wp:attachment":[{"href":"https:\/\/www.radiolimari.cl\/index.php?rest_route=%2Fwp%2Fv2%2Fmedia&parent=10746"}],"wp:term":[{"taxonomy":"category","embeddable":true,"href":"https:\/\/www.radiolimari.cl\/index.php?rest_route=%2Fwp%2Fv2%2Fcategories&post=10746"},{"taxonomy":"post_tag","embeddable":true,"href":"https:\/\/www.radiolimari.cl\/index.php?rest_route=%2Fwp%2Fv2%2Ftags&post=10746"}],"curies":[{"name":"wp","href":"https:\/\/api.w.org\/{rel}","templated":true}]}}