{"id":10742,"date":"2024-02-19T18:28:37","date_gmt":"2024-02-19T18:28:37","guid":{"rendered":"https:\/\/www.radiolimari.cl\/?p=10742"},"modified":"2024-02-19T18:28:38","modified_gmt":"2024-02-19T18:28:38","slug":"en-ovalle-este-fin-de-semana-se-realizara-una-nueva-version-de-la-fiesta-de-la-vendimia","status":"publish","type":"post","link":"https:\/\/www.radiolimari.cl\/?p=10742","title":{"rendered":"En Ovalle este fin de semana se realizar\u00e1 una nueva versi\u00f3n de la Fiesta de la Vendimia."},"content":{"rendered":"\n<figure class=\"wp-block-image size-large is-resized\"><a href=\"https:\/\/www.radiolimari.cl\/wp-content\/uploads\/2024\/02\/Fiesta-de-la-Vendimia-1-scaled.jpg\"><img fetchpriority=\"high\" decoding=\"async\" width=\"1024\" height=\"683\" src=\"https:\/\/www.radiolimari.cl\/wp-content\/uploads\/2024\/02\/Fiesta-de-la-Vendimia-1-1024x683.jpg\" alt=\"\" class=\"wp-image-10743\" style=\"width:374px;height:auto\" srcset=\"https:\/\/www.radiolimari.cl\/wp-content\/uploads\/2024\/02\/Fiesta-de-la-Vendimia-1-1024x683.jpg 1024w, https:\/\/www.radiolimari.cl\/wp-content\/uploads\/2024\/02\/Fiesta-de-la-Vendimia-1-300x200.jpg 300w, https:\/\/www.radiolimari.cl\/wp-content\/uploads\/2024\/02\/Fiesta-de-la-Vendimia-1-768x512.jpg 768w, https:\/\/www.radiolimari.cl\/wp-content\/uploads\/2024\/02\/Fiesta-de-la-Vendimia-1-1536x1025.jpg 1536w, https:\/\/www.radiolimari.cl\/wp-content\/uploads\/2024\/02\/Fiesta-de-la-Vendimia-1-2048x1367.jpg 2048w\" sizes=\"(max-width: 1024px) 100vw, 1024px\" \/><\/a><\/figure>\n\n\n\n<p><strong><em>La tradicional actividad se realizar\u00e1 el s\u00e1bado 24 y domingo 25 de febrero en la plaza de armas y contar\u00e1 con la presencia de Chico Trujillo, Mar\u00eda Jos\u00e9 Quintanilla, el grupo Entremares y todo el humor de Stefan Kramer. Durante ambas jornadas habr\u00e1 Boulevard, juegos inflables, food truck y stand de vinos y piscos de la zona.<\/em><\/strong><\/p>\n\n\n\n<p>El pr\u00f3ximo s\u00e1bado 24 y domingo 25 de febrero se realizar\u00e1 una nueva versi\u00f3n de la Fiesta de la Vendimia de Ovalle. El evento, impulsado por el municipio local, a trav\u00e9s del departamento de Fomento Productivo y Turismo, tiene por objetivo destacar los principales encantos del vino y el pisco, que son parte de los productos tradicionales de nuestra zona, puesto que estar\u00e1n presentes las principales vi\u00f1as de Ovalle y la regi\u00f3n de Coquimbo, quienes expondr\u00e1n sus nuevas propuestas para que el p\u00fablico local puedan conocer y degustar.<\/p>\n\n\n\n<p>Como es tradicional se realizar\u00e1 un concurso para elegir a la nueva embajadora de la Vendimia de Ovalle, quienes realizar\u00e1n una serie de pruebas, entre ellas, el \u201cpisado de uva\u201d. La votaci\u00f3n se efectuar\u00e1, a trav\u00e9s de las redes sociales del municipio local (Facebook Ilustre Municipalidad de Ovalle e Instagram @muniovalle) y durante la segunda jornada se informar\u00e1 de qui\u00e9n es la nueva soberana del evento, con el cual se cierra el programa veraniego preparado por la administraci\u00f3n municipal.<\/p>\n\n\n\n<figure class=\"wp-block-image size-large\"><a href=\"https:\/\/www.radiolimari.cl\/wp-content\/uploads\/2024\/02\/Fiesta-de-la-Vendimia-2-scaled.jpg\"><img decoding=\"async\" width=\"1024\" height=\"683\" src=\"https:\/\/www.radiolimari.cl\/wp-content\/uploads\/2024\/02\/Fiesta-de-la-Vendimia-2-1024x683.jpg\" alt=\"\" class=\"wp-image-10744\" srcset=\"https:\/\/www.radiolimari.cl\/wp-content\/uploads\/2024\/02\/Fiesta-de-la-Vendimia-2-1024x683.jpg 1024w, https:\/\/www.radiolimari.cl\/wp-content\/uploads\/2024\/02\/Fiesta-de-la-Vendimia-2-300x200.jpg 300w, https:\/\/www.radiolimari.cl\/wp-content\/uploads\/2024\/02\/Fiesta-de-la-Vendimia-2-768x512.jpg 768w, https:\/\/www.radiolimari.cl\/wp-content\/uploads\/2024\/02\/Fiesta-de-la-Vendimia-2-1536x1025.jpg 1536w, https:\/\/www.radiolimari.cl\/wp-content\/uploads\/2024\/02\/Fiesta-de-la-Vendimia-2-2048x1367.jpg 2048w\" sizes=\"(max-width: 1024px) 100vw, 1024px\" \/><\/a><\/figure>\n\n\n\n<p>\u201cHemos tenido una temporada estival llena de actividades recreativas y fiestas costumbristas tanto en la zona urbana, como rural y finalizaremos este fin de semana con la Fiesta de la Vendimia de Ovalle, donde tendremos dos jornadas llenas de actividades, en donde destacaremos la importancia del vino y el pisco. A esto se suma un espect\u00e1culo art\u00edstico de primer nivel, que las familias ovallinas y quienes nos visiten podr\u00e1n disfrutar\u201d indic\u00f3 el alcalde de Ovalle, Jonathan Acu\u00f1a Rojas. La autoridad comunal agreg\u00f3 que se dispondr\u00e1 de \u201cun cierre perimetral en la plaza de armas, que no se ha hecho en los a\u00f1os anteriores, y habr\u00e1n 76 turnos de seguridad p\u00fablica, para que las personas disfruten tranquilamente en familia\u201d. &nbsp;&nbsp;&nbsp;<\/p>\n\n\n\n<p>En el plano art\u00edstico, el s\u00e1bado 24 de febrero se presentar\u00e1 el destacado grupo folcl\u00f3rico nacional Entremares, quienes har\u00e1n bailar y cantar al p\u00fablico local con su cueca rom\u00e1ntica, donde destaca la hermosa interpretaci\u00f3n de \u201cA tu lado\u201d, entre otras canciones que los ovallinos podr\u00e1n disfrutar. Posteriormente, ser\u00e1 el turno de la cantante Mar\u00eda Jos\u00e9 Quintanilla, quien mostrar\u00e1 sus nuevas canciones y har\u00e1 un recorrido por sus \u00e9xitos como \u201cFue dif\u00edcil\u201d, \u201cSi una vez\u201d y \u201cPara conquistarme\u201d.<\/p>\n\n\n\n<p>En tanto, el domingo 25 de febrero se presentar\u00e1 todo el humor y las imitaciones de Stefan Kramer, quien mostrar\u00e1 su nuevo espect\u00e1culo denominado \u201cEl \u00faltimo concierto\u201d. La nueva versi\u00f3n de la Fiesta de la Vendimia finalizar\u00e1 con la presentaci\u00f3n del grupo nacional Chico Trujillo, que llega a la capital limarina con lo mejor de la nueva cumbia, con \u00e9xitos como \u201cLoca\u201d, \u201cLa medallita\u201d y \u201cGran pecador\u201d.<\/p>\n\n\n\n<p>Durante ambas jornadas se habilitar\u00e1n sectores de Gastronom\u00eda, juegos inflables, food truck, stands de vinos y piscos, m\u00f3dulos de INDAP y stand tur\u00edsticos de las comunas de la provincia del Limar\u00ed.<\/p>\n","protected":false},"excerpt":{"rendered":"<p>La tradicional actividad se realizar\u00e1 el s\u00e1bado 24 y domingo 25 de febrero en la plaza de armas y contar\u00e1 con la presencia de Chico Trujillo, Mar\u00eda Jos\u00e9 Quintanilla, el grupo Entremares y todo el humor de Stefan Kramer. Durante ambas jornadas habr\u00e1 Boulevard, juegos inflables, food truck y stand de vinos y piscos de &#8230;<\/p>\n","protected":false},"author":2,"featured_media":10743,"comment_status":"open","ping_status":"open","sticky":false,"template":"","format":"standard","meta":{"footnotes":""},"categories":[5],"tags":[],"class_list":["post-10742","post","type-post","status-publish","format-standard","has-post-thumbnail","hentry","category-actualidad-limarina"],"_links":{"self":[{"href":"https:\/\/www.radiolimari.cl\/index.php?rest_route=\/wp\/v2\/posts\/10742","targetHints":{"allow":["GET"]}}],"collection":[{"href":"https:\/\/www.radiolimari.cl\/index.php?rest_route=\/wp\/v2\/posts"}],"about":[{"href":"https:\/\/www.radiolimari.cl\/index.php?rest_route=\/wp\/v2\/types\/post"}],"author":[{"embeddable":true,"href":"https:\/\/www.radiolimari.cl\/index.php?rest_route=\/wp\/v2\/users\/2"}],"replies":[{"embeddable":true,"href":"https:\/\/www.radiolimari.cl\/index.php?rest_route=%2Fwp%2Fv2%2Fcomments&post=10742"}],"version-history":[{"count":1,"href":"https:\/\/www.radiolimari.cl\/index.php?rest_route=\/wp\/v2\/posts\/10742\/revisions"}],"predecessor-version":[{"id":10745,"href":"https:\/\/www.radiolimari.cl\/index.php?rest_route=\/wp\/v2\/posts\/10742\/revisions\/10745"}],"wp:featuredmedia":[{"embeddable":true,"href":"https:\/\/www.radiolimari.cl\/index.php?rest_route=\/wp\/v2\/media\/10743"}],"wp:attachment":[{"href":"https:\/\/www.radiolimari.cl\/index.php?rest_route=%2Fwp%2Fv2%2Fmedia&parent=10742"}],"wp:term":[{"taxonomy":"category","embeddable":true,"href":"https:\/\/www.radiolimari.cl\/index.php?rest_route=%2Fwp%2Fv2%2Fcategories&post=10742"},{"taxonomy":"post_tag","embeddable":true,"href":"https:\/\/www.radiolimari.cl\/index.php?rest_route=%2Fwp%2Fv2%2Ftags&post=10742"}],"curies":[{"name":"wp","href":"https:\/\/api.w.org\/{rel}","templated":true}]}}