{"id":10739,"date":"2024-02-19T16:33:07","date_gmt":"2024-02-19T16:33:07","guid":{"rendered":"https:\/\/www.radiolimari.cl\/?p=10739"},"modified":"2024-02-19T16:33:08","modified_gmt":"2024-02-19T16:33:08","slug":"mas-de-20-mil-personas-visitaron-la-feria-costumbrista-de-paihuano-en-su-edicion-24","status":"publish","type":"post","link":"https:\/\/www.radiolimari.cl\/?p=10739","title":{"rendered":"M\u00e1s de 20 mil personas visitaron la feria Costumbrista de Paihuano en su edici\u00f3n 24."},"content":{"rendered":"\n<figure class=\"wp-block-image size-large is-resized\"><a href=\"https:\/\/www.radiolimari.cl\/wp-content\/uploads\/2024\/02\/Cierre-Feria-Costumbrista.jpg\"><img fetchpriority=\"high\" decoding=\"async\" width=\"1024\" height=\"682\" src=\"https:\/\/www.radiolimari.cl\/wp-content\/uploads\/2024\/02\/Cierre-Feria-Costumbrista-1024x682.jpg\" alt=\"\" class=\"wp-image-10740\" style=\"width:382px;height:auto\" srcset=\"https:\/\/www.radiolimari.cl\/wp-content\/uploads\/2024\/02\/Cierre-Feria-Costumbrista-1024x682.jpg 1024w, https:\/\/www.radiolimari.cl\/wp-content\/uploads\/2024\/02\/Cierre-Feria-Costumbrista-300x200.jpg 300w, https:\/\/www.radiolimari.cl\/wp-content\/uploads\/2024\/02\/Cierre-Feria-Costumbrista-768x512.jpg 768w, https:\/\/www.radiolimari.cl\/wp-content\/uploads\/2024\/02\/Cierre-Feria-Costumbrista.jpg 1280w\" sizes=\"(max-width: 1024px) 100vw, 1024px\" \/><\/a><\/figure>\n\n\n\n<p><strong><em>\u201cA los 4 Vientos\u201d se present\u00f3 en la \u00faltima jornada y deleit\u00f3 a los asistentes con sus hermosas cuecas.<\/em><\/strong><strong><\/strong><\/p>\n\n\n\n<p>Todo un \u00e9xito result\u00f3 la edici\u00f3n n.\u00ba 24 de la Feria Costumbrista de Paihuano. As\u00ed lo dio a conocer el Alcalde, Hern\u00e1n Ahumada, quien estuvo presente durante las 5 jornadas y disfrut\u00f3 tambi\u00e9n del cierre de este evento, con la presentaci\u00f3n de uno de los grupos folcl\u00f3ricos del momento, \u201cAlos 4 Vientos\u201d. \u201cEstamos agotados pero muy contentos, satisfechos de esta nueva versi\u00f3n de la Feria Costumbrista. Fueron 5 d\u00edas con n\u00fameros art\u00edsticos, con venta de comida, artesan\u00eda, concursos, elecci\u00f3n de reina. En total fueron m\u00e1s de 20 mil los visitantes que nos acompa\u00f1aron este a\u00f1o, tenemos la vara alta para el pr\u00f3ximo a\u00f1o, agradezco adem\u00e1s al equipo municipal que hizo posible que todo resultara perfecto\u201d, expres\u00f3.<\/p>\n\n\n\n<p>Por su parte, los encargados de poner el broche de oro a esta fiesta fue el grupo \u201cA los 4 Vientos\u201d, quienes se mostraron felices en lo que fue su primera visita a la Tierra de la uva, del pisco y de Gabriela Mistral.&nbsp; \u201cEstamos muy contentos, esperamos volver pronto, agradecemos a todo el p\u00fablico que replet\u00f3 este hermoso escenario hoy en Paihuano, seguimos trabajando para que como grupo sigamos creciendo y podamos tener \u201cA los 4 Vientos\u201d por muchos a\u00f1os m\u00e1s, agradecidos tambi\u00e9n de la invitaci\u00f3n del Alcalde Hern\u00e1n Ahumada y de todo su equipo que hizo que nuestra visita a Paihuano resultara hermosa\u201d.<\/p>\n","protected":false},"excerpt":{"rendered":"<p>\u201cA los 4 Vientos\u201d se present\u00f3 en la \u00faltima jornada y deleit\u00f3 a los asistentes con sus hermosas cuecas. Todo un \u00e9xito result\u00f3 la edici\u00f3n n.\u00ba 24 de la Feria Costumbrista de Paihuano. As\u00ed lo dio a conocer el Alcalde, Hern\u00e1n Ahumada, quien estuvo presente durante las 5 jornadas y disfrut\u00f3 tambi\u00e9n del cierre de &#8230;<\/p>\n","protected":false},"author":2,"featured_media":10740,"comment_status":"open","ping_status":"open","sticky":false,"template":"","format":"standard","meta":{"footnotes":""},"categories":[6],"tags":[],"class_list":["post-10739","post","type-post","status-publish","format-standard","has-post-thumbnail","hentry","category-regionales"],"_links":{"self":[{"href":"https:\/\/www.radiolimari.cl\/index.php?rest_route=\/wp\/v2\/posts\/10739","targetHints":{"allow":["GET"]}}],"collection":[{"href":"https:\/\/www.radiolimari.cl\/index.php?rest_route=\/wp\/v2\/posts"}],"about":[{"href":"https:\/\/www.radiolimari.cl\/index.php?rest_route=\/wp\/v2\/types\/post"}],"author":[{"embeddable":true,"href":"https:\/\/www.radiolimari.cl\/index.php?rest_route=\/wp\/v2\/users\/2"}],"replies":[{"embeddable":true,"href":"https:\/\/www.radiolimari.cl\/index.php?rest_route=%2Fwp%2Fv2%2Fcomments&post=10739"}],"version-history":[{"count":1,"href":"https:\/\/www.radiolimari.cl\/index.php?rest_route=\/wp\/v2\/posts\/10739\/revisions"}],"predecessor-version":[{"id":10741,"href":"https:\/\/www.radiolimari.cl\/index.php?rest_route=\/wp\/v2\/posts\/10739\/revisions\/10741"}],"wp:featuredmedia":[{"embeddable":true,"href":"https:\/\/www.radiolimari.cl\/index.php?rest_route=\/wp\/v2\/media\/10740"}],"wp:attachment":[{"href":"https:\/\/www.radiolimari.cl\/index.php?rest_route=%2Fwp%2Fv2%2Fmedia&parent=10739"}],"wp:term":[{"taxonomy":"category","embeddable":true,"href":"https:\/\/www.radiolimari.cl\/index.php?rest_route=%2Fwp%2Fv2%2Fcategories&post=10739"},{"taxonomy":"post_tag","embeddable":true,"href":"https:\/\/www.radiolimari.cl\/index.php?rest_route=%2Fwp%2Fv2%2Ftags&post=10739"}],"curies":[{"name":"wp","href":"https:\/\/api.w.org\/{rel}","templated":true}]}}